{"id":44114,"date":"2025-09-23T09:59:40","date_gmt":"2025-09-23T13:59:40","guid":{"rendered":"https:\/\/noticiasveraces.com\/?p=44114"},"modified":"2025-09-23T09:59:40","modified_gmt":"2025-09-23T13:59:40","slug":"dembele-ex-del-borussia-dortmund-gana-el-balon-de-oro-2025-dw-23-09-2025","status":"publish","type":"post","link":"https:\/\/noticiasveraces.com\/?p=44114","title":{"rendered":"Demb\u00e9l\u00e9, ex del Borussia Dortmund, gana el Bal\u00f3n de Oro 2025 \u2013 DW \u2013 23\/09\/2025"},"content":{"rendered":"<p> \n<\/p>\n<div data-tracking-name=\"rich-text\" data-tracking-skip=\"true\">\n<p>El franc\u00e9s Ousmane Demb\u00e9l\u00e9 no pudo evitar las l\u00e1grimas cuando se acord\u00f3 de su madre al recibir el Bal\u00f3n de Oro 2025, un premio que, confes\u00f3, \u00abnunca fue un objetivo\u00bb de su carrera, pero que consider\u00f3 \u00abalgo excepcional\u00bb.<\/p>\n<p>\u00abSiempre he trabajado en equipo, el Bal\u00f3n de Oro nunca ha sido un objetivo, pero ahora que lo tengo es algo excepcional\u00bb, dijo el jugador en el estrado del teatro Chatelet, que alberg\u00f3 la gala del galard\u00f3n que coron\u00f3 al jugador del PSG a sus 28 a\u00f1os.<\/p>\n<p>\u00abHe trabajado duro para el equipo, para poder ganar esta primera Liga de Campeones, la Liga y la Copa. Culminarlo con un trofeo individual es muy especial. Estoy muy feliz. Estoy convencido de que los trofeos colectivos han conducido a este\u00bb, asegur\u00f3 el jugador.<\/p>\n<p>Demb\u00e9l\u00e9 agradeci\u00f3 a su actual club y a sus compa\u00f1eros que le ayudaran a conseguir el Bal\u00f3n de Oro, agradeci\u00f3 la confianza del presidente, Nasser Al-Khelaifi, y al entrenador, Luis Enrique, que consider\u00f3 \u00abcomo padres\u00bb.<\/p>\n<p>Pero tambi\u00e9n se acord\u00f3 de sus anteriores clubes, especialmente del Barcelona, del que dijo que fue \u00abel club en el que so\u00f1aba jugar\u00bb.<\/p>\n<p><span data-slot-id=\"Article_InContent-1\" class=\"rich-text-ad\"\/><\/p>\n<h2>Lecciones de Messi e Iniesta<\/h2>\n<p>\u00abHe pasado siete a\u00f1os all\u00ed y he aprendido mucho junto a jugadores como Iniesta o Messi. Todo ese aprendizaje me conduce hasta aqu\u00ed\u00bb, se\u00f1al\u00f3.<\/p>\n<p>El jugador se acord\u00f3 tambi\u00e9n de su selecci\u00f3n y de Didier Deschamps, que le dio confianza incluso en los momentos m\u00e1s dif\u00edciles de su carrera y le prometi\u00f3 todo el trabajo posible \u00abpara ganar el Mundial en su \u00faltimo a\u00f1o\u00bb.<\/p>\n<figure class=\"placeholder-image master_landscape big\"><img data-format=\"MASTER_LANDSCAPE\" data-id=\"40229023\" data-url=\"https:\/\/static.dw.com\/image\/40229023_${formatId}.jpg\" data-aspect-ratio=\"16\/9\" alt=\"En su paso por el Borussia Dortmund, Demb\u00e9l\u00e9 era conocido como &quot;el hombre sin caderas&quot; por su habilidad en el regateo.\" style=\"padding-bottom: 56.25%; height: 0; max-height: 0;\"\/><figcaption class=\"img-caption\">En su paso por el Borussia Dortmund, Demb\u00e9l\u00e9 era conocido como \u00abel hombre sin caderas\u00bb por su habilidad en el regateo.<small class=\"copyright\">Imagen: imago\/Action Pictures<\/small><\/figcaption><\/figure>\n<p>Pero los momentos m\u00e1s emotivos llegaron cuando se acord\u00f3 de su ciudad, la deprimida Evreux, y sobre todo de su madre, Fatima, que le cri\u00f3 sola junto a sus cuatro hermanos menores y que le sac\u00f3 las primeras l\u00e1grimas.<\/p>\n<p>\u00abSiempre est\u00e1 ah\u00ed para mi\u00bb, dijo el jugador, que recibi\u00f3 a su progenitora en el estrado ante el aplauso de un p\u00fablico que ya coreaba su nombre incluso antes de que Ronaldinho desvelara que era el ganador del trofeo por delante del espa\u00f1ol Lamine Yamal.<\/p>\n<p>En la rueda de prensa final, el jugador del PSG se deshizo en alabanzas con Luis Enrique, que consider\u00f3 el art\u00edfice de su gran temporada.<\/p>\n<p>\u00abCreo que he hecho el mejor inicio de temporada de mi carrera y luego explot\u00e9, sobre todo en los momentos decisivos\u00bb, asegur\u00f3 el jugador.<\/p>\n<p>\u00abSoy afortunado de tener un entrenador como Luis Enrique, que me mete presi\u00f3n para mejorar. Esperemos que siga as\u00ed y que sirva para que ganemos m\u00e1s trofeos\u00bb, dijo.<\/p>\n<p>Demb\u00e9l\u00e9 insisti\u00f3 en que sigui\u00f3 las ense\u00f1anzas de su t\u00e9cnico, que repite que para conseguir recompensas individuales hay que ganar trofeos colectivos.<\/p>\n<p>\u00abHay que centrarse en el equipo, marcar, presionar. En mi carrera he tenido muchos momentos dif\u00edciles, pero la vida consiste en superarlos\u00bb, dijo.<\/p>\n<p>(efe\/el)<\/p>\n<\/p>\n<\/div>\n\n","protected":false},"excerpt":{"rendered":"<p>El franc\u00e9s Ousmane Demb\u00e9l\u00e9 no pudo evitar las l\u00e1grimas cuando se acord\u00f3 de su madre al recibir el Bal\u00f3n de Oro 2025, un premio que, confes\u00f3, \u00abnunca fue un objetivo\u00bb de su carrera, pero que consider\u00f3 \u00abalgo excepcional\u00bb. \u00abSiempre he trabajado en equipo, el Bal\u00f3n de Oro nunca ha sido un objetivo, pero ahora que &hellip;<\/p>\n","protected":false},"author":1,"featured_media":44115,"comment_status":"open","ping_status":"open","sticky":false,"template":"","format":"standard","meta":{"fifu_image_url":"https:\/\/static.dw.com\/image\/74101777_6.jpg","fifu_image_alt":"","footnotes":""},"categories":[13],"tags":[],"class_list":["post-44114","post","type-post","status-publish","format-standard","has-post-thumbnail","","category-mundo"],"_links":{"self":[{"href":"https:\/\/noticiasveraces.com\/index.php?rest_route=\/wp\/v2\/posts\/44114","targetHints":{"allow":["GET"]}}],"collection":[{"href":"https:\/\/noticiasveraces.com\/index.php?rest_route=\/wp\/v2\/posts"}],"about":[{"href":"https:\/\/noticiasveraces.com\/index.php?rest_route=\/wp\/v2\/types\/post"}],"author":[{"embeddable":true,"href":"https:\/\/noticiasveraces.com\/index.php?rest_route=\/wp\/v2\/users\/1"}],"replies":[{"embeddable":true,"href":"https:\/\/noticiasveraces.com\/index.php?rest_route=%2Fwp%2Fv2%2Fcomments&post=44114"}],"version-history":[{"count":0,"href":"https:\/\/noticiasveraces.com\/index.php?rest_route=\/wp\/v2\/posts\/44114\/revisions"}],"wp:featuredmedia":[{"embeddable":true,"href":"https:\/\/noticiasveraces.com\/index.php?rest_route=\/wp\/v2\/media\/44115"}],"wp:attachment":[{"href":"https:\/\/noticiasveraces.com\/index.php?rest_route=%2Fwp%2Fv2%2Fmedia&parent=44114"}],"wp:term":[{"taxonomy":"category","embeddable":true,"href":"https:\/\/noticiasveraces.com\/index.php?rest_route=%2Fwp%2Fv2%2Fcategories&post=44114"},{"taxonomy":"post_tag","embeddable":true,"href":"https:\/\/noticiasveraces.com\/index.php?rest_route=%2Fwp%2Fv2%2Ftags&post=44114"}],"curies":[{"name":"wp","href":"https:\/\/api.w.org\/{rel}","templated":true}]}}