{"id":44110,"date":"2025-09-23T07:46:01","date_gmt":"2025-09-23T11:46:01","guid":{"rendered":"https:\/\/noticiasveraces.com\/?p=44110"},"modified":"2025-09-23T07:46:01","modified_gmt":"2025-09-23T11:46:01","slug":"hoy-arranca-la-asamblea-general-de-naciones-unidas-dw-23-09-2025","status":"publish","type":"post","link":"https:\/\/noticiasveraces.com\/?p=44110","title":{"rendered":"Hoy arranca la Asamblea General de Naciones Unidas \u2013 DW \u2013 23\/09\/2025"},"content":{"rendered":"<p> \n<\/p>\n<div data-tracking-name=\"rich-text\" data-tracking-skip=\"true\">\n<p>Desde este martes (23.09.2025) y hasta el pr\u00f3ximo lunes se celebrar\u00e1 en Nueva York la Asamblea General de las Naciones Unidas. Este debate general del 80\u00ba per\u00edodo de sesiones puede ser seguido en directo y a la carta en la web de la ONU<svg xmlns=\"http:\/\/www.w3.org\/2000\/svg\" width=\"20\" height=\"20\" viewbox=\"0 0 20 20\"><path d=\"M11.5 3.5 11.5 4.233C14.342 4.233 15.167 4.245 15.167 4.258L8.984 10.467 10.033 11.516C14.826 6.725 16.228 5.333 16.242 5.333L16.267 9 17.733 9 17.733 2.767 11.5 2.767 11.5 3.5M2.267 11 2.267 17.233 16.733 17.233 16.733 12 15.267 12 15.25 15.75 9.5 15.75 3.75 15.75 3.75 6.25 9.5 6.233 9.5 4.767 2.267 4.767 2.267 11 \"\/><\/svg>. El encargado de su apertura es el secretario general, Ant\u00f3nio Guterres, tras el que se dirigir\u00e1 al pleno la nueva presidenta de la Asamblea, la alemana Annalena Baerbock.<\/p>\n<p>El primer mandatario en dirigirse al pleno ser\u00e1\u00a0el brasile\u00f1o Luiz In\u00e1cio Lula da Silva, seguido por el estadounidense Donald Trump, que vuelve hoy, por primera vez en su segundo mandato, a la tribuna de la Asamblea General de Naciones Unidas, donde tiene adem\u00e1s previstas varias reuniones bilaterales, como con el presidente ucraniano Volodimir Zelenski o el argentino Javier Milei.<\/p>\n<h2>Palestina, uno de los temas centrales<\/h2>\n<p>El presidente estadounidense abordar\u00e1, segun adelant\u00f3 la Casa Blanca,\u00a0entre otros el \u00abdeterioro del orden mundial\u00bb, en su primera intervenci\u00f3n ante la ONU desde su regreso al poder en enero, marcado por su distanciamiento de las grandes instituciones internacionales. Una de las cuestiones principales de esta semana de sesiones, titulada \u00abJuntas y juntos somos mejores: 80 a\u00f1os y m\u00e1s por la paz, el desarrollo y los derechos humanos\u00bb, ser\u00e1 la situaci\u00f3n en Gaza y el reconocimiento de Palestina como Estado por parte de varios pa\u00edses, a pesar de la oposici\u00f3n de Israel.<\/p>\n<p>El tema, de hecho, ya fue abordado ayer en una sesi\u00f3n previa, en la que Francia anunci\u00f3 que se sumaba a los pa\u00edses que reconocen al Estado Palestino. El Ministerio de Exteriores de la Autoridad Nacional Palestina, que gobierna en \u00e1reas reducidas de Cisjordania a causa de la ocupaci\u00f3n israel\u00ed, agradeci\u00f3 hoy la celebraci\u00f3n de la conferencia en la Asamblea General de la ONU para promover el reconocimiento del Estado palestino y promover la soluci\u00f3n de los dos Estados.<\/p>\n<p>La guerra en Ucrania o las sanciones a Ir\u00e1n ser\u00e1n tambi\u00e9n sin duda algunas de las cuestiones tratadas por los diversos mandatarios. El ministro iran\u00ed de Exteriores, Ab\u00e1s Araqch\u00ed, se reunir\u00e1 hoy en Nueva York con sus hom\u00f3logos de Reino Unido, Alemania y Francia -conocidos como el E3- en busca de un acuerdo para detener el inminente restablecimiento de sanciones de Naciones Unidas contra Teher\u00e1n por su programa nuclear.<\/p>\n<p>LGC (AFP, Efe, un.org)<\/p>\n<\/div>\n\n","protected":false},"excerpt":{"rendered":"<p>Desde este martes (23.09.2025) y hasta el pr\u00f3ximo lunes se celebrar\u00e1 en Nueva York la Asamblea General de las Naciones Unidas. Este debate general del 80\u00ba per\u00edodo de sesiones puede ser seguido en directo y a la carta en la web de la ONU. El encargado de su apertura es el secretario general, Ant\u00f3nio Guterres, &hellip;<\/p>\n","protected":false},"author":1,"featured_media":44111,"comment_status":"open","ping_status":"open","sticky":false,"template":"","format":"standard","meta":{"fifu_image_url":"https:\/\/static.dw.com\/image\/74096878_6.jpg","fifu_image_alt":"","footnotes":""},"categories":[13],"tags":[],"class_list":["post-44110","post","type-post","status-publish","format-standard","has-post-thumbnail","","category-mundo"],"_links":{"self":[{"href":"https:\/\/noticiasveraces.com\/index.php?rest_route=\/wp\/v2\/posts\/44110","targetHints":{"allow":["GET"]}}],"collection":[{"href":"https:\/\/noticiasveraces.com\/index.php?rest_route=\/wp\/v2\/posts"}],"about":[{"href":"https:\/\/noticiasveraces.com\/index.php?rest_route=\/wp\/v2\/types\/post"}],"author":[{"embeddable":true,"href":"https:\/\/noticiasveraces.com\/index.php?rest_route=\/wp\/v2\/users\/1"}],"replies":[{"embeddable":true,"href":"https:\/\/noticiasveraces.com\/index.php?rest_route=%2Fwp%2Fv2%2Fcomments&post=44110"}],"version-history":[{"count":0,"href":"https:\/\/noticiasveraces.com\/index.php?rest_route=\/wp\/v2\/posts\/44110\/revisions"}],"wp:featuredmedia":[{"embeddable":true,"href":"https:\/\/noticiasveraces.com\/index.php?rest_route=\/wp\/v2\/media\/44111"}],"wp:attachment":[{"href":"https:\/\/noticiasveraces.com\/index.php?rest_route=%2Fwp%2Fv2%2Fmedia&parent=44110"}],"wp:term":[{"taxonomy":"category","embeddable":true,"href":"https:\/\/noticiasveraces.com\/index.php?rest_route=%2Fwp%2Fv2%2Fcategories&post=44110"},{"taxonomy":"post_tag","embeddable":true,"href":"https:\/\/noticiasveraces.com\/index.php?rest_route=%2Fwp%2Fv2%2Ftags&post=44110"}],"curies":[{"name":"wp","href":"https:\/\/api.w.org\/{rel}","templated":true}]}}