{"id":44097,"date":"2025-09-23T06:17:07","date_gmt":"2025-09-23T10:17:07","guid":{"rendered":"https:\/\/noticiasveraces.com\/?p=44097"},"modified":"2025-09-23T06:17:07","modified_gmt":"2025-09-23T10:17:07","slug":"papa-de-lamine-yamal-exploto-asi-reacciono-al-balon-de-oro-de-dembele","status":"publish","type":"post","link":"https:\/\/noticiasveraces.com\/?p=44097","title":{"rendered":"Pap\u00e1 de Lamine Yamal explot\u00f3: as\u00ed reaccion\u00f3 al Bal\u00f3n de Oro de Demb\u00e9l\u00e9"},"content":{"rendered":"<p> \n<br \/><img decoding=\"async\" src=\"https:\/\/www.futbolred.com\/files\/article_graphic\/uploads\/2025\/05\/15\/6826679339698.jpeg\" \/><\/p>\n<header>\n<h3>Curiosidades de f\u00fatbol<br \/>\n            <\/h3>\n<h1>Pap\u00e1 de Lamine Yamal explot\u00f3: as\u00ed reaccion\u00f3 al Bal\u00f3n de Oro de Demb\u00e9l\u00e9<br \/>\n        <\/h1>\n<address>\n            <a>Juan Pablo Ar\u00e9valo<br \/>\n        <\/address>\n<p>        23 de septiembre 2025 , 12:59 a.\u00a0m.<\/p>\n<\/header>\n<p>Pol\u00e9micas declaraciones y cr\u00edticas porque el extremo del Barcelona fue superado por el as del PSG.<\/p>\n<p>El delantero franc\u00e9s Ousmane Demb\u00e9l\u00e9 obtuvo el galard\u00f3n del Bal\u00f3n de Oro 2025, premiando as\u00ed su gran campa\u00f1a con el Paris Saint Germain, con el que sali\u00f3 campe\u00f3n de la Ligue 1 y de la UEFA Champions League.<\/p>\n<p>El segundo lugar fue para Yamine Lamal, atacante del CF Barcelona y de la selecci\u00f3n espa\u00f1ola. Y para muchos, se cometi\u00f3 una injusticia porque el que estar\u00eda en mejor nivel ser\u00eda el extremo de 18 a\u00f1os.<\/p>\n<p>Y uno de los m\u00e1s inconformes con la decisi\u00f3n de entregarle el premio a Demb\u00e9l\u00e9 fue Mounir Nasraoui, el padre de Yamine Lamal.<\/p>\n<p>Mounir habl\u00f3 con el programa espa\u00f1ol <i>\u2018El Chiringuito\u2019<\/i>en el que explot\u00f3: \u201c<b>Creo que este es el mayor<\/b>&#8230; no voy a decir <b>robo<\/b>china <b>da\u00f1o moral a un ser humano, porque yo creo que Lamine Yamal es el mejor jugador del mundo, con mucha diferencia<\/b>con much\u00edsima diferencia, no porque sea mi hijo, sino porque es el mejor jugador del mundo\u201d.<\/p>\n<p>El padre del jugador del Barcelona a\u00f1adi\u00f3: \u201c<b>Yo creo que no hay rivales<\/b> (&#8230;) Lamine, es Lamine Yamal. Tenemos que decir que aqu\u00ed ha pasado algo muy raro. Un saludo a toda Espa\u00f1a, el a\u00f1o que viene ser\u00e1 Bal\u00f3n de Oro espa\u00f1ol\u201d.<\/p>\n\n","protected":false},"excerpt":{"rendered":"<p>Curiosidades de f\u00fatbol Pap\u00e1 de Lamine Yamal explot\u00f3: as\u00ed reaccion\u00f3 al Bal\u00f3n de Oro de Demb\u00e9l\u00e9 Juan Pablo Ar\u00e9valo 23 de septiembre 2025 , 12:59 a.\u00a0m. Pol\u00e9micas declaraciones y cr\u00edticas porque el extremo del Barcelona fue superado por el as del PSG. El delantero franc\u00e9s Ousmane Demb\u00e9l\u00e9 obtuvo el galard\u00f3n del Bal\u00f3n de Oro 2025, &hellip;<\/p>\n","protected":false},"author":1,"featured_media":44099,"comment_status":"open","ping_status":"open","sticky":false,"template":"","format":"standard","meta":{"fifu_image_url":"https:\/\/www.futbolred.com\/files\/og_thumbnail\/uploads\/2025\/05\/15\/6826679339698.jpeg","fifu_image_alt":"","footnotes":""},"categories":[6],"tags":[],"class_list":["post-44097","post","type-post","status-publish","format-standard","has-post-thumbnail","","category-deportes"],"_links":{"self":[{"href":"https:\/\/noticiasveraces.com\/index.php?rest_route=\/wp\/v2\/posts\/44097","targetHints":{"allow":["GET"]}}],"collection":[{"href":"https:\/\/noticiasveraces.com\/index.php?rest_route=\/wp\/v2\/posts"}],"about":[{"href":"https:\/\/noticiasveraces.com\/index.php?rest_route=\/wp\/v2\/types\/post"}],"author":[{"embeddable":true,"href":"https:\/\/noticiasveraces.com\/index.php?rest_route=\/wp\/v2\/users\/1"}],"replies":[{"embeddable":true,"href":"https:\/\/noticiasveraces.com\/index.php?rest_route=%2Fwp%2Fv2%2Fcomments&post=44097"}],"version-history":[{"count":0,"href":"https:\/\/noticiasveraces.com\/index.php?rest_route=\/wp\/v2\/posts\/44097\/revisions"}],"wp:featuredmedia":[{"embeddable":true,"href":"https:\/\/noticiasveraces.com\/index.php?rest_route=\/wp\/v2\/media\/44099"}],"wp:attachment":[{"href":"https:\/\/noticiasveraces.com\/index.php?rest_route=%2Fwp%2Fv2%2Fmedia&parent=44097"}],"wp:term":[{"taxonomy":"category","embeddable":true,"href":"https:\/\/noticiasveraces.com\/index.php?rest_route=%2Fwp%2Fv2%2Fcategories&post=44097"},{"taxonomy":"post_tag","embeddable":true,"href":"https:\/\/noticiasveraces.com\/index.php?rest_route=%2Fwp%2Fv2%2Ftags&post=44097"}],"curies":[{"name":"wp","href":"https:\/\/api.w.org\/{rel}","templated":true}]}}