{"id":44053,"date":"2025-09-22T17:16:03","date_gmt":"2025-09-22T21:16:03","guid":{"rendered":"https:\/\/noticiasveraces.com\/?p=44053"},"modified":"2025-09-22T17:16:03","modified_gmt":"2025-09-22T21:16:03","slug":"macron-anuncia-que-francia-reconoce-al-estado-de-palestina-dw-22-09-2025","status":"publish","type":"post","link":"https:\/\/noticiasveraces.com\/?p=44053","title":{"rendered":"Macron anuncia que Francia reconoce al Estado de Palestina \u2013 DW \u2013 22\/09\/2025"},"content":{"rendered":"<p> \n<\/p>\n<div data-tracking-name=\"rich-text\" data-tracking-skip=\"true\">\n<p>El presidente de Francia, Emmanuel Macron, anunci\u00f3 este lunes (22.09.2025) el reconocimiento del Estado de Palestina en la apertura de una \u00abconferencia internacional por la soluci\u00f3n de los dos Estados (Israel y Palestina)\u00bb que se celebra en la ONU.<\/p>\n<p>En el momento en que Macron declar\u00f3 el reconocimiento, la sala de la Asamblea General donde se celebra la conferencia prorrumpi\u00f3 en aplausos.<\/p>\n<p>\u00abEste reconocimiento es para afirmar que el pueblo palestino es un pueblo que nunca dice adi\u00f3s a nada, como Mahmud Darwish (en alusi\u00f3n al poeta palestino), un pueblo con unas s\u00f3lidas ra\u00edces hist\u00f3ricas y con dignidad\u00bb, dijo Macron.<\/p>\n<p>\u00abEste reconocimiento de los derechos leg\u00edtimos del pueblo palestino no quita nada a los derechos del pueblo de Israel, que Francia apoy\u00f3 desde el d\u00eda uno\u00bb, record\u00f3.<\/p>\n<p>Asimismo subray\u00f3 que \u00abeste reconocimiento es una derrota para Ham\u00e1s, al igual que para todos aquellos que fomentan el antisemitismo y alimentan las obsesiones antisionistas y que quieren la destrucci\u00f3n del Estado de Israel\u00bb.<\/p>\n<p>El paso dado por Francia es muy importante por varias razones: Francia tienen la mayor comunidad jud\u00eda de Europa, ha sido uno de los m\u00e1s fieles aliados de Israel hist\u00f3ricamente y cuenta con asiento permanente (y por consiguiente derecho de veto) en el Consejo de Seguridad de la ONU, adem\u00e1s de ser una de las principales econom\u00edas del planeta.<\/p>\n<p>CT (EFE, AFP)<\/p>\n<\/div>\n\n","protected":false},"excerpt":{"rendered":"<p>El presidente de Francia, Emmanuel Macron, anunci\u00f3 este lunes (22.09.2025) el reconocimiento del Estado de Palestina en la apertura de una \u00abconferencia internacional por la soluci\u00f3n de los dos Estados (Israel y Palestina)\u00bb que se celebra en la ONU. En el momento en que Macron declar\u00f3 el reconocimiento, la sala de la Asamblea General donde &hellip;<\/p>\n","protected":false},"author":1,"featured_media":44054,"comment_status":"open","ping_status":"open","sticky":false,"template":"","format":"standard","meta":{"fifu_image_url":"https:\/\/static.dw.com\/image\/74101019_6.jpg","fifu_image_alt":"","footnotes":""},"categories":[13],"tags":[],"class_list":["post-44053","post","type-post","status-publish","format-standard","has-post-thumbnail","","category-mundo"],"_links":{"self":[{"href":"https:\/\/noticiasveraces.com\/index.php?rest_route=\/wp\/v2\/posts\/44053","targetHints":{"allow":["GET"]}}],"collection":[{"href":"https:\/\/noticiasveraces.com\/index.php?rest_route=\/wp\/v2\/posts"}],"about":[{"href":"https:\/\/noticiasveraces.com\/index.php?rest_route=\/wp\/v2\/types\/post"}],"author":[{"embeddable":true,"href":"https:\/\/noticiasveraces.com\/index.php?rest_route=\/wp\/v2\/users\/1"}],"replies":[{"embeddable":true,"href":"https:\/\/noticiasveraces.com\/index.php?rest_route=%2Fwp%2Fv2%2Fcomments&post=44053"}],"version-history":[{"count":0,"href":"https:\/\/noticiasveraces.com\/index.php?rest_route=\/wp\/v2\/posts\/44053\/revisions"}],"wp:featuredmedia":[{"embeddable":true,"href":"https:\/\/noticiasveraces.com\/index.php?rest_route=\/wp\/v2\/media\/44054"}],"wp:attachment":[{"href":"https:\/\/noticiasveraces.com\/index.php?rest_route=%2Fwp%2Fv2%2Fmedia&parent=44053"}],"wp:term":[{"taxonomy":"category","embeddable":true,"href":"https:\/\/noticiasveraces.com\/index.php?rest_route=%2Fwp%2Fv2%2Fcategories&post=44053"},{"taxonomy":"post_tag","embeddable":true,"href":"https:\/\/noticiasveraces.com\/index.php?rest_route=%2Fwp%2Fv2%2Ftags&post=44053"}],"curies":[{"name":"wp","href":"https:\/\/api.w.org\/{rel}","templated":true}]}}