{"id":44051,"date":"2025-09-22T16:08:06","date_gmt":"2025-09-22T20:08:06","guid":{"rendered":"https:\/\/noticiasveraces.com\/?p=44051"},"modified":"2025-09-22T16:08:06","modified_gmt":"2025-09-22T20:08:06","slug":"las-elecciones-mas-importantes-de-la-historia-de-moldavia-dw-22-09-2025","status":"publish","type":"post","link":"https:\/\/noticiasveraces.com\/?p=44051","title":{"rendered":"Las elecciones \u00abm\u00e1s importantes de la historia\u00bb de Moldavia \u2013 DW \u2013 22\/09\/2025"},"content":{"rendered":"<p> \n<\/p>\n<div data-tracking-name=\"rich-text\" data-tracking-skip=\"true\">\n<p>Poco antes de las elecciones parlamentarias, las encuestas apuntan a una re\u00f1ida contienda entre el Partido proeuropeo Acci\u00f3n y Solidaridad (PAS) de la presidenta, Maia Sandu, y los partidos prorrusos. <\/p>\n<p>En el centro de Chisin\u00e1u, capital de la Rep\u00fablica de Moldavia, los trabajadores de campa\u00f1a del partido de la presidenta compiten por cada voto. Cristian, de 35 a\u00f1os, tiene claro que el futuro debe estar en la Uni\u00f3n Europea: \u00abLa Uni\u00f3n Europea aumenta los salarios en nuestro pa\u00eds. Nos permite ser m\u00e1s independientes e implementar diversos proyectos, como la digitalizaci\u00f3n\u00bb.<\/p>\n<p>A pocos metros, Vitalie (50) se acerca a los transe\u00fantes tratando de convencer a los transe\u00fantes de que voten por el partido del controvertido empresario Renato Usatii, \u00abNuestro Partido\u00bb (PN). Para \u00e9l, \u00abeste supuesto sue\u00f1o europeo es una gran mentira. La UE no estar\u00e1 lista para aceptar a la Rep\u00fablica de\u00a0Moldavia, ni en dos, tres, cuatro ni diez a\u00f1os. Deber\u00edamos analizarlo con atenci\u00f3n y no escuchar las mentiras ni las promesas europeas\u00bb, se\u00f1ala.<\/p>\n<h2>Televisi\u00f3n y TikTok<\/h2>\n<p>Los anuncios de los partidos se emiten continuamente por televisi\u00f3n. Los pol\u00edticos intentan llegar a los votantes m\u00e1s j\u00f3venes en TikTok. La presidenta Sandu dijo que estas elecciones \u00abson las m\u00e1s importantes de la historia del pa\u00eds\u00bb.<\/p>\n<p>Poco despu\u00e9s de la invasi\u00f3n de Ucrania en 2022, el peque\u00f1o Estado entre Rumania y Ucrania solicit\u00f3 unirse a la Uni\u00f3n Europea y obtuvo la condici\u00f3n de candidato poco despu\u00e9s, en junio de 2022. El objetivo del gobierno actual es la adhesi\u00f3n a la UE para 2030, para gran consternaci\u00f3n de Rusia, que desde hace tiempo ejerce una gran influencia econ\u00f3mica y pol\u00edtica en el pa\u00eds.<\/p>\n<p>La estudiante Alina, de 26 a\u00f1os, dijo a DW teme que la UE se aleje si los partidos prorrusos ganan en el Parlamento, y que el apoyo financiero de la UE termine. En 2025, la UE decidi\u00f3 conceder\u00a0a Moldavia 1.900 millones de euros en pr\u00e9stamos y subvenciones hasta 2027. Alina est\u00e1 preocupada, sobre todo, por la reacci\u00f3n de Rusia: \u00abChisin\u00e1u es peque\u00f1a, y Moldavia tampoco es especialmente grande; no se necesitar\u00eda un ej\u00e9rcito enorme para tomar el control de nuestro pa\u00eds\u00bb.<\/p>\n<p><span data-slot-id=\"Article_InContent-1\" class=\"rich-text-ad\"\/><\/p>\n<h2>Guerra en el pa\u00eds vecino<\/h2>\n<p>La frontera con Ucrania se encuentra a poco m\u00e1s de 50 kil\u00f3metros de Chisin\u00e1u. Desde la invasi\u00f3n rusa a gran escala, en febrero de 2022, m\u00e1s de 1,3 millones de personas han huido de Ucrania a Moldavia. Alrededor de 100.000 de ellas se han quedado, lo que supone una carga econ\u00f3mica para el pa\u00eds de 2,4 millones de habitantes.<\/p>\n<p>Pero la guerra en Ucrania tambi\u00e9n supone una tensi\u00f3n psicol\u00f3gica. Los drones rusos suelen estrellarse en territorio moldavo. \u00abLa guerra se siente cercana\u00bb\u00a0 Rusia, afirm\u00f3 Michelle, de 22 a\u00f1os, gerente de ventas.<\/p>\n<p>De hecho, en Moldavia ya hay unos 1.500 soldados rusos estacionados en Transnistria, una zona separatista que existe como Estado de facto desde 1990, con su propio ej\u00e9rcito, moneda y gobierno. La regi\u00f3n depende econ\u00f3mica y militarmente de Rusia, y las autoridades ya solicitaron su adhesi\u00f3n a la Federaci\u00f3n Rusa.<\/p>\n<p>Anastasia Nani trabaja para el Centrul Pentru Jurnalism Independent. La organizaci\u00f3n ha monitoreado de cerca las redes sociales en los \u00faltimos a\u00f1os e identificado una enorme influencia rusa. Una de las narrativas m\u00e1s comunes: \u00abLa OTAN y Ucrania quieren arrastrarnos a la guerra, y nuestros hombres deben ir al frente\u201d. Rusia, afirm\u00f3, est\u00e1 intentando socavar la confianza del pueblo moldavo en las elecciones y el Estado de derecho.<\/p>\n<figure class=\"placeholder-image master_landscape big\"><img data-format=\"MASTER_LANDSCAPE\" data-id=\"74080868\" data-url=\"https:\/\/static.dw.com\/image\/74080868_${formatId}.jpg\" data-aspect-ratio=\"16\/9\" alt=\"Peri\u00f3dicos electorales de Moldavia.\" style=\"padding-bottom: 56.25%; height: 0; max-height: 0;\"\/><figcaption class=\"img-caption\">Peri\u00f3dicos de campa\u00f1a electoral distribuidos por los partidos pol\u00edticos en la Rep\u00fablica de Moldavia.<small class=\"copyright\">Imagen: Tobias Zuttmann\/DW<\/small><\/figcaption><\/figure>\n<h2>La comida y la vivienda son caras<\/h2>\n<p>Como en toda Europa, la inflaci\u00f3n es uno de los problemas m\u00e1s acuciantes en Moldavia. Cuando Rusia atac\u00f3 Ucrania en 2022, la inflaci\u00f3n en Moldavia se dispar\u00f3 a casi el 29 por ciento. Ahora ha bajado al 7,3 por ciento, muy por encima de la media de la UE.<\/p>\n<p>Adem\u00e1s, el aumento de precios se siente en todas las clases sociales, pero afecta sobre todo a quienes ya ten\u00edan poco antes de la guerra en su pa\u00eds vecino, como los jubilados. Casi un tercio de los moldavos vive por debajo del umbral de la pobreza, especialmente en las zonas rurales.<\/p>\n<p>Otro problema es que el precio de los alquileres y las viviendas han subido mucho este a\u00f1o. \u00abTengo 26 a\u00f1os y me gustar\u00eda comprar un apartamento en el futuro\u00bb, dijo Alina. \u00ab\u00bfPero c\u00f3mo? Est\u00e1n car\u00edsimos ahora mismo. Es una locura\u00bb, critic\u00f3. La esperanza de Alina y la de la mayor\u00eda de los moldavos es poner fin a la espiral de precios.<\/p>\n<p>El domingo se ver\u00e1 qu\u00e9 partido pol\u00edtico creen los votantes que puede lograrlo.<\/p>\n<p>(RMR\/CP)<\/p>\n<\/p>\n<\/div>\n\n","protected":false},"excerpt":{"rendered":"<p>Poco antes de las elecciones parlamentarias, las encuestas apuntan a una re\u00f1ida contienda entre el Partido proeuropeo Acci\u00f3n y Solidaridad (PAS) de la presidenta, Maia Sandu, y los partidos prorrusos. En el centro de Chisin\u00e1u, capital de la Rep\u00fablica de Moldavia, los trabajadores de campa\u00f1a del partido de la presidenta compiten por cada voto. Cristian, &hellip;<\/p>\n","protected":false},"author":1,"featured_media":44052,"comment_status":"open","ping_status":"open","sticky":false,"template":"","format":"standard","meta":{"fifu_image_url":"https:\/\/static.dw.com\/image\/74080793_6.jpg","fifu_image_alt":"","footnotes":""},"categories":[13],"tags":[],"class_list":["post-44051","post","type-post","status-publish","format-standard","has-post-thumbnail","","category-mundo"],"_links":{"self":[{"href":"https:\/\/noticiasveraces.com\/index.php?rest_route=\/wp\/v2\/posts\/44051","targetHints":{"allow":["GET"]}}],"collection":[{"href":"https:\/\/noticiasveraces.com\/index.php?rest_route=\/wp\/v2\/posts"}],"about":[{"href":"https:\/\/noticiasveraces.com\/index.php?rest_route=\/wp\/v2\/types\/post"}],"author":[{"embeddable":true,"href":"https:\/\/noticiasveraces.com\/index.php?rest_route=\/wp\/v2\/users\/1"}],"replies":[{"embeddable":true,"href":"https:\/\/noticiasveraces.com\/index.php?rest_route=%2Fwp%2Fv2%2Fcomments&post=44051"}],"version-history":[{"count":0,"href":"https:\/\/noticiasveraces.com\/index.php?rest_route=\/wp\/v2\/posts\/44051\/revisions"}],"wp:featuredmedia":[{"embeddable":true,"href":"https:\/\/noticiasveraces.com\/index.php?rest_route=\/wp\/v2\/media\/44052"}],"wp:attachment":[{"href":"https:\/\/noticiasveraces.com\/index.php?rest_route=%2Fwp%2Fv2%2Fmedia&parent=44051"}],"wp:term":[{"taxonomy":"category","embeddable":true,"href":"https:\/\/noticiasveraces.com\/index.php?rest_route=%2Fwp%2Fv2%2Fcategories&post=44051"},{"taxonomy":"post_tag","embeddable":true,"href":"https:\/\/noticiasveraces.com\/index.php?rest_route=%2Fwp%2Fv2%2Ftags&post=44051"}],"curies":[{"name":"wp","href":"https:\/\/api.w.org\/{rel}","templated":true}]}}