{"id":44040,"date":"2025-09-22T13:36:49","date_gmt":"2025-09-22T17:36:49","guid":{"rendered":"https:\/\/noticiasveraces.com\/?p=44040"},"modified":"2025-09-22T13:36:49","modified_gmt":"2025-09-22T17:36:49","slug":"crisis-en-francia-ideal-para-rusia-dw-22-09-2025","status":"publish","type":"post","link":"https:\/\/noticiasveraces.com\/?p=44040","title":{"rendered":"Crisis en Francia, \u00bfideal para Rusia? \u2013 DW \u2013 22\/09\/2025"},"content":{"rendered":"<p> \n<\/p>\n<div data-tracking-name=\"rich-text\" data-tracking-skip=\"true\">\n<p>La manifestaci\u00f3n se parec\u00eda, como a menudo en Francia, a una fiesta callejera. Grandes globos se elevaban\u00a0de los camiones sindicales. De los altavoces en los veh\u00edculos retumbaba m\u00fasica a todo volumen. A lo largo del recorrido por el este de Par\u00eds, numerosos vendedores ofrec\u00edan salchichas y bebidas. Seg\u00fan las autoridades, 55.000 personas participaron en las protestas en Par\u00eds; en toda Francia fueron 500.000. Los sindicatos hablaron de un mill\u00f3n de manifestantes en el pa\u00eds. Pero la protesta festiva expresaba una creciente ira de los franceses hacia sus pol\u00edticos, sobre todo hacia el presidente Emmanuel Macron.<\/p>\n<p>Seg\u00fan encuestas, solo el 17% de los franceses tiene una opini\u00f3n positiva de \u00e9l, un m\u00ednimo hist\u00f3rico. Que aumente la presi\u00f3n sobre Macron tiene repercusiones a nivel internacional.<\/p>\n<p>Enfadada por la situaci\u00f3n pol\u00edtica estaba tambi\u00e9n Carine Torset, que el jueves (18.09.2025)\u00a0por la tarde march\u00f3 por Par\u00eds junto a unos 50 compa\u00f1eros que trabajan en la industria de los videojuegos. \u00abEs la primera vez que participamos como grupo en una manifestaci\u00f3n\u00bb, dijo a DW la sindicalista de 33 a\u00f1os, miembro de la CGT.<\/p>\n<figure class=\"placeholder-image master_landscape big\"><img data-format=\"MASTER_LANDSCAPE\" data-id=\"74063106\" data-url=\"https:\/\/static.dw.com\/image\/74063106_${formatId}.jpg\" data-aspect-ratio=\"16\/9\" alt=\"Carine Torset, de la industria de los videojuegos, durante una manifestaci\u00f3n en Par\u00eds.\" style=\"padding-bottom: 56.25%; height: 0; max-height: 0;\"\/><figcaption class=\"img-caption\">Tambi\u00e9n Carine Torset (centro), que march\u00f3 por Par\u00eds el jueves por la tarde con unos 50 colegas que trabajan en la industria de los videojuegos, se mostr\u00f3 indignada por la situaci\u00f3n pol\u00edtica.<small class=\"copyright\">Imagen: Hermann Dj\u00e9dj\u00e9\/DW<\/small><\/figcaption><\/figure>\n<p>Torset se refiri\u00f3 a un \u00abshock\u00bb y a \u00abcierta resignaci\u00f3n\u00bb: lo que sinti\u00f3 cuando el ahora ex primer ministro Fran\u00e7ois Bayrou anunci\u00f3, a mediados de julio, c\u00f3mo pensaba ahorrar unos 44.000 millones de euros el pr\u00f3ximo a\u00f1o y reducir el d\u00e9ficit presupuestario de Francia al 4,6% del PIB.<\/p>\n<p>Los anuncios llevaron a los sindicatos franceses a convocar la jornada de protestas en septiembre. Especialmente porque Bayrou quer\u00eda eliminar dos d\u00edas festivos, imponer recortes en el sector sanitario y reformar el seguro de desempleo.<\/p>\n<p>Que el primer ministro haya fracasado, recientemente, ante un voto de confianza en el Parlamento, y que el presidente Macron lo reemplazara por su hombre de confianza S\u00e9bastien Lecornu, hasta entonces ministro de Defensa, cambia poco para Torset. \u00abLecornu es a\u00fan peor que Bayrou, y seguro querr\u00e1 aplicar medidas de austeridad m\u00e1s duras\u00bb, subraya. \u00abNecesitamos por fin un primer ministro de izquierda que haga algo por los trabajadores de bajos ingresos y grave a los ricos.\u00bb<\/p>\n<p><span data-slot-id=\"Article_InContent-1\" class=\"rich-text-ad\"\/><\/p>\n<h2>El caos franc\u00e9s repercute en la UE<\/h2>\n<p>Lecornu ha anulado, entretanto, la supresi\u00f3n de d\u00edas festivos, pero todav\u00eda no ha presentado su proyecto presupuestario.\u00a0Debe entregarlo al Parlamento a comienzos de octubre. Actualmente, negocia los planes con las distintas fracciones, donde no tiene mayor\u00eda\u00a0y depende de un fr\u00e1gil gobierno minoritario conservador de centroderecha. Los antiguos ministros siguen trabajando como gobierno de transici\u00f3n.<\/p>\n<p>Eso repercute en el llamado motor franco-alem\u00e1n, que en la Uni\u00f3n Europea (UE) se considera decisivo, explica Paul Maurice, secretario general del Comit\u00e9 de Estudios de las Relaciones Franco-Alemanas (Cerfa) en el <em>tope<\/em> parisino Ifri. \u00abEl trabajo en los numerosos niveles administrativos de comit\u00e9s bilaterales contin\u00faa, pero, seg\u00fan una norma de 2024, los ministros de transici\u00f3n en Francia solo pueden tomar decisiones si son absolutamente necesarias, por ejemplo en una crisis financiera\u00bb, se\u00f1al\u00f3 el experto en conversaci\u00f3n con DW. \u00abAdem\u00e1s, se necesita dinero para impulsar proyectos, como inversiones en defensa, que es una de las prioridades a nivel europeo.\u00bb<\/p>\n<figure class=\"placeholder-image master_landscape big\"><img data-format=\"MASTER_LANDSCAPE\" data-id=\"74063264\" data-url=\"https:\/\/static.dw.com\/image\/74063264_${formatId}.jpg\" data-aspect-ratio=\"16\/9\" alt=\"Manifestantes en Par\u00eds, el 18.09.2025, con pancartas.\" style=\"padding-bottom: 56.25%; height: 0; max-height: 0;\"\/><figcaption class=\"img-caption\">El 18 de septiembre, unas 55.000 personas salieron a la calle a protestar en Par\u00eds. Las autoridades de Par\u00eds hab\u00edan enviado 6.000 polic\u00edas para prevenir disturbios. <small class=\"copyright\">Imagen: Hermann Dj\u00e9dj\u00e9\/DW<\/small><\/figcaption><\/figure>\n<h2>\u00bfUn motivo de alegr\u00eda para Putin?<\/h2>\n<p>Que la situaci\u00f3n actual debilita la posici\u00f3n de Francia\u00a0es tambi\u00e9n la opini\u00f3n de Jean Pisani-Ferry, investigador s\u00e9nior en el instituto econ\u00f3mico Bruegel, de Bruselas, y profesor de Econom\u00eda en la universidad Sciences Po de Par\u00eds. \u00abEl presidente de un pa\u00eds con dificultades financieras est\u00e1 inevitablemente debilitado. La voz de su pa\u00eds tiene menos peso, tambi\u00e9n en las negociaciones a nivel europeo\u00bb, dijo Pisani-Ferry a DW.<\/p>\n<p>\u00abHay que restablecer el equilibrio presupuestario. Pero no ser\u00e1 f\u00e1cil. Es importante que la econom\u00eda francesa siga creciendo. Recortar 44.000 millones de euros es demasiado. Adem\u00e1s, las medidas deber\u00edan repartirse de forma justa entre quienes ganan poco y quienes ganan mucho\u00bb, a\u00f1adi\u00f3.<\/p>\n<p>Para Jan Rovny, profesor de Politolog\u00eda en el Centro de Estudios Europeos y de Pol\u00edtica Comparada en Sciences Po de Par\u00eds, la situaci\u00f3n de Francia tiene efectos m\u00e1s amplios. \u00abSi Francia est\u00e1 debilitada, tambi\u00e9n lo est\u00e1 la UE. Eso alegra a reg\u00edmenes rivales como China y Rusia\u00bb, declar\u00f3 a DW.<\/p>\n<figure class=\"placeholder-image master_landscape big\"><img data-format=\"MASTER_LANDSCAPE\" data-id=\"74067432\" data-url=\"https:\/\/static.dw.com\/image\/74067432_${formatId}.jpg\" data-aspect-ratio=\"16\/9\" alt=\"Un hombre con una cota de malla, un chaleco reflectante amarillo y unas grandes gafas de sol de espejo, Thierry Dubert, mira a la c\u00e1mara.\" style=\"padding-bottom: 56.25%; height: 0; max-height: 0;\"\/><figcaption class=\"img-caption\">Thierry Dubert trabajaba anteriormente como director de producci\u00f3n en una f\u00e1brica dedicada a la destrucci\u00f3n de municiones de la Primera Guerra Mundial.<small class=\"copyright\">Imagen: Lisa Louis\/DW<\/small><\/figcaption><\/figure>\n<p>\u00abPara el presidente ruso Vladimir Putin, lo que ocurre ahora en Francia es ideal. Seguro que espera a\u00fan m\u00e1s huelgas, inestabilidad pol\u00edtica, y con ello un impulso para la extrema derecha. Putin intentar\u00e1 avivar esas tendencias difundiendo noticias falsas. Al fin y al cabo, quiere desestabilizar a los pa\u00edses europeos y propagar el caos pol\u00edtico.\u00bb<\/p>\n<p>Tales reflexiones quedaban lejos de la mente de muchos manifestantes del jueves. Como Thierry Dubert, que antes trabajaba como jefe de producci\u00f3n en una f\u00e1brica de destrucci\u00f3n de municiones de la Primera Guerra Mundial. \u00abDeber\u00eda volver la jubilaci\u00f3n a los 60, y no a los casi 64. Hoy en d\u00eda se trata a los empleados solo como un recurso, pero somos personas. Estoy en contra de regresar a la Edad Media\u00bb, reivindic\u00f3 el jubilado de 62 a\u00f1os, que acudi\u00f3 a la protesta ataviado con una cota de malla.<\/p>\n<p>(GG\/CP)<\/p>\n<\/div>\n\n","protected":false},"excerpt":{"rendered":"<p>La manifestaci\u00f3n se parec\u00eda, como a menudo en Francia, a una fiesta callejera. Grandes globos se elevaban\u00a0de los camiones sindicales. De los altavoces en los veh\u00edculos retumbaba m\u00fasica a todo volumen. A lo largo del recorrido por el este de Par\u00eds, numerosos vendedores ofrec\u00edan salchichas y bebidas. Seg\u00fan las autoridades, 55.000 personas participaron en las &hellip;<\/p>\n","protected":false},"author":1,"featured_media":44041,"comment_status":"open","ping_status":"open","sticky":false,"template":"","format":"standard","meta":{"fifu_image_url":"https:\/\/static.dw.com\/image\/74063442_6.jpg","fifu_image_alt":"","footnotes":""},"categories":[13],"tags":[],"class_list":["post-44040","post","type-post","status-publish","format-standard","has-post-thumbnail","","category-mundo"],"_links":{"self":[{"href":"https:\/\/noticiasveraces.com\/index.php?rest_route=\/wp\/v2\/posts\/44040","targetHints":{"allow":["GET"]}}],"collection":[{"href":"https:\/\/noticiasveraces.com\/index.php?rest_route=\/wp\/v2\/posts"}],"about":[{"href":"https:\/\/noticiasveraces.com\/index.php?rest_route=\/wp\/v2\/types\/post"}],"author":[{"embeddable":true,"href":"https:\/\/noticiasveraces.com\/index.php?rest_route=\/wp\/v2\/users\/1"}],"replies":[{"embeddable":true,"href":"https:\/\/noticiasveraces.com\/index.php?rest_route=%2Fwp%2Fv2%2Fcomments&post=44040"}],"version-history":[{"count":0,"href":"https:\/\/noticiasveraces.com\/index.php?rest_route=\/wp\/v2\/posts\/44040\/revisions"}],"wp:featuredmedia":[{"embeddable":true,"href":"https:\/\/noticiasveraces.com\/index.php?rest_route=\/wp\/v2\/media\/44041"}],"wp:attachment":[{"href":"https:\/\/noticiasveraces.com\/index.php?rest_route=%2Fwp%2Fv2%2Fmedia&parent=44040"}],"wp:term":[{"taxonomy":"category","embeddable":true,"href":"https:\/\/noticiasveraces.com\/index.php?rest_route=%2Fwp%2Fv2%2Fcategories&post=44040"},{"taxonomy":"post_tag","embeddable":true,"href":"https:\/\/noticiasveraces.com\/index.php?rest_route=%2Fwp%2Fv2%2Ftags&post=44040"}],"curies":[{"name":"wp","href":"https:\/\/api.w.org\/{rel}","templated":true}]}}