{"id":44027,"date":"2025-09-22T12:21:35","date_gmt":"2025-09-22T16:21:35","guid":{"rendered":"https:\/\/noticiasveraces.com\/?p=44027"},"modified":"2025-09-22T12:21:35","modified_gmt":"2025-09-22T16:21:35","slug":"de-ciencias-ambientales-a-neuropsicologia-los-nuevos-perfiles-que-dan-forma-a-la-economia-circular-ecoembes-espacio-eco","status":"publish","type":"post","link":"https:\/\/noticiasveraces.com\/?p=44027","title":{"rendered":"De Ciencias Ambientales a Neuropsicolog\u00eda. Los nuevos perfiles que dan forma a la econom\u00eda circular | Ecoembes: Espacio Eco"},"content":{"rendered":"<p> \n<\/p>\n<div data-dtm-region=\"articulo_cuerpo\">\n<p class=\"\">En la econom\u00eda circular, el modelo productivo que tiene sus bases en la reutilizaci\u00f3n, el reciclaje de residuos y el redise\u00f1o industrial, ya no caben solo ingenieros ambientales. Este paradigma, que gradualmente est\u00e1n adoptando los pa\u00edses de la UE como v\u00eda hacia el objetivo de neutralidad en carbono en 2050, es ya una fuente inabarcable de oportunidades laborales muy diversas. Aqu\u00ed hay lugar para matem\u00e1ticos, soci\u00f3logos, neuropsic\u00f3logos, dise\u00f1adores industriales o expertos en digitalizaci\u00f3n. La raz\u00f3n de esta apertura del mercado es obvia: si el canon productivo ya no es el mismo, el cuerpo profesional que lo compone tampoco puede serlo. La Comisi\u00f3n Europea, de hecho, calcula que la econom\u00eda circular generar\u00e1 700.000 nuevos empleos de aqu\u00ed al 2030, un 10% de ellos localizados en Espa\u00f1a. <\/p>\n<p class=\"\">\u201cEl cambio en el que estamos inmersos conlleva retos diferentes y complejos\u201d, adelanta Mar\u00eda Espa\u00f1a, gerente de Personas y Organizaci\u00f3n de Ecoembes, que vive en permanente contacto con el mercado laboral. \u201cPor eso mismo, los equipos multidisciplinares son claves: cada vez es m\u00e1s normal ver colaboraciones entre \u00e1reas que antes era impensable, como ingenier\u00eda con legal o tecnolog\u00eda con comunicaci\u00f3n. Son sinergias absolutamente vitales\u201d.<\/p>\n<p class=\"\">\u00bfY qu\u00e9 se demanda? \u201cPerfiles que combinen conocimientos t\u00e9cnicos con una fuerte especializaci\u00f3n. Y que cuenten con habilidades sociales, digitales, de gesti\u00f3n\u2026\u201d, contesta Espa\u00f1a. Estas formaciones h\u00edbridas, puntualiza, no son una moda pasajera: \u201cHan llegado para quedarse. Son una respuesta estrat\u00e9gica a un cambio estructural\u201d.<\/p>\n<div class=\"raw_html\">\n<div>\n<div class=\"_brnd_ee-q\">\n<p>\u00abLa realidad es polifac\u00e9tica. Sumar conocimientos distintos es la base de las soluciones reales y duraderas. La idea perfecta no existe y siempre tiene adaptarse al ciudadano\u00bb<\/p>\n<div class=\"_brnd_ee-q-b\">\n<div class=\"_brnd_ee-q-b-img\">\n<picture>\n                <img decoding=\"async\" src=\"https:\/\/ep01.epimg.net\/estaticos\/arc\/2025\/09\/espacioeco-t2r\/images\/ismael-garcia-gil.jpg\" alt=\"\"\/>\n            <\/picture>\n        <\/div>\n<p class=\"_brnd_ee-q-b-n\">Ismael Garc\u00eda Gil<\/p>\n<p class=\"_brnd_ee-q-b-al\">35 a\u00f1os<\/p>\n<p class=\"_brnd_ee-q-b-d\">Gil estudi\u00f3 Sociolog\u00eda y despu\u00e9s curso varios m\u00e1steres, entre ellos uno en neuropsicolog\u00eda y otro en <em>big data<\/em>. Hoy trabaja en TheCircularLab de Ecoembes detectando y analizando h\u00e1bitos de los ciudadanos que reciclan.<\/p>\n<\/p><\/div>\n<\/div>\n<\/div>\n<\/div>\n<p class=\"\">Un ejemplo de la diversidad que copa el sector de la econom\u00eda circular es Ismael Garc\u00eda, madrile\u00f1o de 35 a\u00f1os, soci\u00f3logo de formaci\u00f3n y con estudios posteriores en neuropsicolog\u00eda, un \u00e1mbito que se pudiera pensar que guarda poca relaci\u00f3n con el mundo de la sostenibilidad. \u201cMe apasiona todo lo que tiene que ver con el comportamiento humano, tanto el colectivo como el individual. Y c\u00f3mo los datos y los modelos pueden ayudarnos a ordenarlo y entenderlo\u201d, explica. <\/p>\n<p class=\"\">Garc\u00eda trabaja en el departamento de Innovaci\u00f3n de TheCircularLab de Ecoembes, un laboratorio donde se impulsan avances en torno a la econom\u00eda circular. Su cometido consiste en analizar los h\u00e1bitos del ciudadano y entender c\u00f3mo este toma las decisiones, una informaci\u00f3n que utiliza para mejorar los distintos eslabones de la cadena del reciclaje. Pero su tarea no es mera teor\u00eda. Tiene anclaje directo en la cotidianidad: \u201cEntre otros proyectos, organizamos visitas virtuales a plantas de reciclaje para desterrar ciertos mitos y desconfianza ciudadana. Y tambi\u00e9n hacemos cosas m\u00e1s tradicionales: encuestas de h\u00e1bitos de reciclaje, an\u00e1lisis de las dificultades que encuentran los hogares para reciclar\u2026\u201d, relata.<\/p>\n<p class=\"\">Garc\u00eda asegura que su realidad laboral \u201ces polifac\u00e9tica\u201d. \u201cSumar conocimientos distintos es la base de las soluciones reales y duraderas. La idea perfecta no existe y siempre tiene que adaptarse al ciudadano\u201d. En su experiencia, los mejores proyectos nacen de \u201cla mezcla de capacidades, cuando unimos creatividad, ciencia y escucha ciudadana\u201d.<\/p>\n<div class=\"raw_html\">\n<div>\n<div class=\"_brnd_ee-q\">\n<p>\u00abFormamos equipos con financieros, ingenieros, especialistas en &#8216;marketing&#8217;\u2026 Con un ej\u00e9rcito de medioambientalistas ya no puedes responder al reto\u00bb<\/p>\n<div class=\"_brnd_ee-q-b\">\n<div class=\"_brnd_ee-q-b-img\">\n<picture>\n                <img decoding=\"async\" src=\"https:\/\/ep01.epimg.net\/estaticos\/arc\/2025\/09\/espacioeco-t2r\/images\/rebeca-mella.jpg\" alt=\"\"\/>\n            <\/picture>\n        <\/div>\n<p class=\"_brnd_ee-q-b-n\">Rebeca Mella<\/p>\n<p class=\"_brnd_ee-q-b-al\">42 a\u00f1os<\/p>\n<p class=\"_brnd_ee-q-b-d\">Mella curs\u00f3 la carrera de Estad\u00edstica y se especializ\u00f3 en bioestad\u00edstica, una ciencia que analiza datos biol\u00f3gicos y de salud. Tras pasar varios a\u00f1os en una consultora de datos, hoy es la gerente del \u00e1rea de Desarrollo de Valor al Cliente en Ecoembes, que gestiona la relaci\u00f3n con las empresas que solicitan sus servicios.<\/p>\n<\/p><\/div>\n<\/div>\n<\/div>\n<\/div>\n<p class=\"\">Rebeca Mella, madrile\u00f1a de 42 a\u00f1os, es la gerente de Desarrollo de Valor al Cliente en Ecoembes, una de las primeras l\u00edneas de contacto con el d\u00eda a d\u00eda del reciclaje de envases dom\u00e9sticos, el negociado de la entidad. Mella explica que siempre quiso estudiar Matem\u00e1ticas, pero al final acab\u00f3 decant\u00e1ndose por Estad\u00edstica. Fue una gran apasionada de la carrera y, cuando la termin\u00f3, se especializ\u00f3 en Bioestad\u00edstica, una ciencia que analiza datos biol\u00f3gicos y de salud.<\/p>\n<p class=\"\">\u201cA lo que m\u00e1s me ha ayudado mi formaci\u00f3n es a razonar, aprender a pensar o sintetizar. Son habilidades que aplico a diario: en resoluci\u00f3n de problemas, negociaci\u00f3n, direcci\u00f3n de equipos\u2026\u201d, detalla. En esencia, Mella se dedica a gestionar la relaci\u00f3n con los clientes de Ecoembes, aquellas empresas que producen y comercializan envases que por ley tienen que reciclar. Se ocupa de los aspectos log\u00edsticos y pr\u00e1cticos de esta relaci\u00f3n, pero tambi\u00e9n de otros menos tangibles, como anticipar cambios normativos, asesorar en cuestiones de embalaje sostenible u orientar la estrategia a futuro. \u201cCon la econom\u00eda circular, queremos pasar del <i>cumplimiento &#8211;<\/i>el cumplimiento normativo de una ley<i>&#8211; <\/i>a la sostenibilidad y rentabilidad de los negocios. Ayudar a los clientes a lograr este binomio, pero sin dejar de ser competitivos\u201d, explica.<\/p>\n<p class=\"\">Mella es consciente del momento de cambio y oportunidad que atraviesa el tejido empresarial espa\u00f1ol. \u201cAntes, la econom\u00eda circular era un nicho, pero ahora lo es todo: rentabilidad, eficiencia, futuro. Por eso los clientes requieren un acompa\u00f1amiento continuo y transversal. Por ello formamos equipos con financieros, ingenieros, especialistas en <i>marketing<\/i>\u2026 Con un ej\u00e9rcito de medioambientalistas ya no puedes responder al reto\u201d, entiende.<\/p>\n<div class=\"raw_html\">\n<div>\n<div class=\"_brnd_ee-q\">\n<p>\u00abEs fundamental una buena normativa con mucha informaci\u00f3n, participaci\u00f3n de todos los actores implicados, la comparaci\u00f3n con pol\u00edticas de otros sitios que hayan funcionado&#8230; Es la v\u00eda para mitigar &#8216;a priori&#8217; los efectos negativos del cambio clim\u00e1tico\u00bb<\/p>\n<div class=\"_brnd_ee-q-b\">\n<div class=\"_brnd_ee-q-b-img\">\n<picture>\n                <img decoding=\"async\" src=\"https:\/\/ep01.epimg.net\/estaticos\/arc\/2025\/09\/espacioeco-t2r\/images\/ovidio-soler.jpg\" alt=\"\"\/>\n            <\/picture>\n        <\/div>\n<p class=\"_brnd_ee-q-b-n\">Ovidio Soler<\/p>\n<p class=\"_brnd_ee-q-b-al\">36 a\u00f1os<\/p>\n<p class=\"_brnd_ee-q-b-d\">Soler se licenci\u00f3 en Derecho Europeo y realiz\u00f3 estudios de posgrado en Derecho Internacional. Especialista en asuntos regulatorios y europeos de Ecoembes, se ocupa de analizar el contexto internacional y la regulaci\u00f3n europea de todo aquello que incide en la actividad de la compa\u00f1\u00eda.<\/p>\n<\/p><\/div>\n<\/div>\n<\/div>\n<\/div>\n<p class=\"\">Ovidio Soler, gerente de Asuntos Regulatorios Europeo de Ecoembes, cuenta que la lectura del fil\u00f3sofo Jean-Jacques Rousseau en la adolescencia le despert\u00f3 un inter\u00e9s por la g\u00e9nesis de las normas que rigen la sociedad. Por eso mismo estudi\u00f3 Derecho y acredit\u00f3 despu\u00e9s un m\u00e1ster en Derecho Europeo, explica. Tras trabajar en varios pa\u00edses, entre ellos M\u00e9xico, Kazajist\u00e1n o B\u00e9lgica, este valenciano de 36 a\u00f1os recal\u00f3 en Ecoembes, donde lleva un a\u00f1o y medio.<\/p>\n<p class=\"\">Lo que m\u00e1s le gusta a Soler de su trabajo es \u201cel contacto con todo tipo de decisores pol\u00edticos, empresas, organismos civiles\u2026 La normativa de econom\u00eda circular tiene origen europeo, no nacional, lo que multiplica la diversidad de los actores implicados\u00bb. De hecho, es la Uni\u00f3n Europea la que marca las principales directrices a seguir en materia de sostenibilidad, con el Pacto Verde Europeo como gran paraguas y referencia legal. \u201cPara establecer una buena normativa a nivel nacional, es fundamental contar con toda la informaci\u00f3n posible, garantizar la participaci\u00f3n de todos los sectores aludidos y poder establecer comparaciones con pol\u00edticas de otros sitios que hayan funcionado\u201d, explica el experto. \u201cEs la v\u00eda para mitigar <i>a priori<\/i> los efectos negativos del cambio clim\u00e1tico\u201d.<\/p>\n<p class=\"\">Uno de los \u00faltimos trabajos en los que est\u00e1 inmerso Soler es la adaptaci\u00f3n del nuevo reglamento europeo de envases y residuos de envases, que viene a establecer c\u00f3mo se comercializan los envases y c\u00f3mo se gestionan los posteriores residuos, \u201ccon el fin de crear armonizaci\u00f3n a nivel Uni\u00f3n Europea\u201d. Es un texto largo y denso que \u201cpuede resultar complejo\u201d para las partes aludidas. \u201cHemos dedicado el \u00faltimo a\u00f1o a explicar a los clientes qu\u00e9 implica este reglamento, qu\u00e9 cambios van a tener que adoptar y qu\u00e9 consecuencias conlleva\u201d, detalla Soler. \u201cRequiere una labor de aterrizaje y explicaci\u00f3n. Y ese es nuestro cometido, facilitarle la vida a las empresas que colaboran con nosotros\u201d. <\/p>\n<div class=\"raw_html\">\n<div>\n<div class=\"_brnd_ee-gr\">\n<div class=\"_brnd_ee-gr-h\">\n<p class=\"_brnd_ee-gr-h-s\">qu\u00e9 <span>Ri\u00f1onal<\/span>educe, que <span>Ri\u00f1onal<\/span>Eutiliza que <span>Ri\u00f1onal<\/span>Ecicla<\/p>\n<\/p><\/div>\n<div class=\"_brnd_ee-gr-p\">\n<div class=\"_brnd_ee-gr-p-img\">\n            <img decoding=\"async\" src=\"https:\/\/ep01.epimg.net\/estaticos\/arc\/2025\/09\/espacioeco-t2r\/images\/maria-espania.png\" alt=\"\"\/>\n        <\/div>\n<div class=\"_brnd_ee-gr-p-q\">\n<p>La econom\u00eda circular, presente en m\u00e1s de 150 sectores , exige nuevas y diversas competencias y, sobre todo, una visi\u00f3n sist\u00e9mica, de conjunto<\/p>\n<\/p><\/div>\n<\/p><\/div>\n<div class=\"_brnd_ee-gr-i\">\n<div class=\"container\">\n<p class=\"_brnd_ee-gr-i-name\">Mar\u00eda Espa\u00f1a<\/p>\n<p class=\"_brnd_ee-gr-i-title\">Gerente de Personas y Organizaci\u00f3n de Ecoembes<\/p>\n<p class=\"_brnd_ee-gr-i-subtitle\">Se dedica a dise\u00f1ar y liderar estrategias para impulsar el talento de la empresa y acompa\u00f1ar el desarrollo profesional de los trabajadores.<\/p>\n<p class=\"_brnd_ee-gr-i-text\">\n<p>            Licenciada en Derecho, Mar\u00eda Espa\u00f1a (Madrid, 44 a\u00f1os) trabaja desde 2020 en Ecoembes en el \u00e1rea de Gesti\u00f3n de Personas y Organizaci\u00f3n, la antena que toma el pulso al mercado laboral. Y lo que Espa\u00f1a detecta a diario es un imparable cambio de tendencia: \u00abEstamos viviendo una transformaci\u00f3n de los perfiles profesionales. La econom\u00eda circular, presente en m\u00e1s de 150 sectores productivos, exige nuevas y diversas competencias y, sobre todo, una visi\u00f3n sist\u00e9mica, de conjunto\u00bb, relata. Esta ola se materializa, dice Espa\u00f1a, en los procesos de selecci\u00f3n y los perfiles demandados: \u00abSon necesarios los profesionales con competencias t\u00e9cnicas, s\u00ed, pero tambi\u00e9n con mucha especializaci\u00f3n como, por ejemplo, en digitalizaci\u00f3n, valorizaci\u00f3n de residuos o ecodise\u00f1o\u00bb. La gerente cierra subrayando lo intergeneracional de esta evoluci\u00f3n del mercado: \u00abTodo el mundo quiere ser parte del cambio. Los j\u00f3venes, por supuesto, pero tambi\u00e9n los profesionales con una carrera dilatada. Si con el medioambiente somos exigentes como ciudadanos, tambi\u00e9n lo somos como profesionales\u00bb.<\/p>\n<\/p><\/div>\n<\/p><\/div>\n<\/div>\n<\/div>\n<\/div>\n<\/div>\n\n","protected":false},"excerpt":{"rendered":"<p>En la econom\u00eda circular, el modelo productivo que tiene sus bases en la reutilizaci\u00f3n, el reciclaje de residuos y el redise\u00f1o industrial, ya no caben solo ingenieros ambientales. Este paradigma, que gradualmente est\u00e1n adoptando los pa\u00edses de la UE como v\u00eda hacia el objetivo de neutralidad en carbono en 2050, es ya una fuente inabarcable &hellip;<\/p>\n","protected":false},"author":1,"featured_media":44029,"comment_status":"open","ping_status":"open","sticky":false,"template":"","format":"standard","meta":{"fifu_image_url":"https:\/\/imagenes.elpais.com\/resizer\/v2\/BVOI2JSM4VAB5JMLQJNNHU5DGE.jpg?auth=ce5f433c645b8f2c0bb1e03d41f49e724e23d0f9bd342cf9011bb8f3e4daea0e&width=1200","fifu_image_alt":"","footnotes":""},"categories":[11],"tags":[],"class_list":["post-44027","post","type-post","status-publish","format-standard","has-post-thumbnail","","category-viaje"],"_links":{"self":[{"href":"https:\/\/noticiasveraces.com\/index.php?rest_route=\/wp\/v2\/posts\/44027","targetHints":{"allow":["GET"]}}],"collection":[{"href":"https:\/\/noticiasveraces.com\/index.php?rest_route=\/wp\/v2\/posts"}],"about":[{"href":"https:\/\/noticiasveraces.com\/index.php?rest_route=\/wp\/v2\/types\/post"}],"author":[{"embeddable":true,"href":"https:\/\/noticiasveraces.com\/index.php?rest_route=\/wp\/v2\/users\/1"}],"replies":[{"embeddable":true,"href":"https:\/\/noticiasveraces.com\/index.php?rest_route=%2Fwp%2Fv2%2Fcomments&post=44027"}],"version-history":[{"count":0,"href":"https:\/\/noticiasveraces.com\/index.php?rest_route=\/wp\/v2\/posts\/44027\/revisions"}],"wp:featuredmedia":[{"embeddable":true,"href":"https:\/\/noticiasveraces.com\/index.php?rest_route=\/wp\/v2\/media\/44029"}],"wp:attachment":[{"href":"https:\/\/noticiasveraces.com\/index.php?rest_route=%2Fwp%2Fv2%2Fmedia&parent=44027"}],"wp:term":[{"taxonomy":"category","embeddable":true,"href":"https:\/\/noticiasveraces.com\/index.php?rest_route=%2Fwp%2Fv2%2Fcategories&post=44027"},{"taxonomy":"post_tag","embeddable":true,"href":"https:\/\/noticiasveraces.com\/index.php?rest_route=%2Fwp%2Fv2%2Ftags&post=44027"}],"curies":[{"name":"wp","href":"https:\/\/api.w.org\/{rel}","templated":true}]}}