{"id":44022,"date":"2025-09-22T12:18:15","date_gmt":"2025-09-22T16:18:15","guid":{"rendered":"https:\/\/noticiasveraces.com\/?p=44022"},"modified":"2025-09-22T12:18:15","modified_gmt":"2025-09-22T16:18:15","slug":"los-fanaticos-reales-convencieron-que-meghan-markle-ha-copiado-el-cabello-de-la-princesa-kate-real-noticias","status":"publish","type":"post","link":"https:\/\/noticiasveraces.com\/?p=44022","title":{"rendered":"Los fan\u00e1ticos reales convencieron que Meghan Markle ha copiado el cabello de la princesa Kate | Real | Noticias"},"content":{"rendered":"<p> \n<\/p>\n<div>\n<p>Llevando a X, un fan\u00e1tico afirm\u00f3: \u00abCopycat Meghan golpea de nuevo &#8230; Ella le aliger\u00f3 el cabello despu\u00e9s de la princesa Catherine. \u00a1La iron\u00eda? \u00a1Todav\u00eda nadie se molesta! \u00a1Renuncia! \u00a1No puedes competir con nuestra futura reina\u00bb.<\/p>\n<p>Otro escribi\u00f3: \u00abTodos ten\u00edan raz\u00f3n &#8230; De hecho, aliger\u00f3 su cabello inmediatamente despu\u00e9s de que Catherine aclar\u00f3 el suyo\u00bb. Varios otros acusados \u200b\u200bde estar \u00abcelosos\u00bb de la princesa de Gales.<\/p>\n<p>Un tercio retrocedi\u00f3 contra el frenes\u00ed, con uno insistiendo: \u00abLa obsesi\u00f3n es real pero tambi\u00e9n es muy espeluznante\u00bb. Otros afirmaron que \u00abclaramente no era una coincidencia\u00bb.<\/p>\n<p>Mientras tanto, otros elogiaron su nueva silueta m\u00e1s ligera y escribieron: \u00abEs bueno ver que la duquesa se ve\u00eda tan bien y feliz con Harry\u00bb.<\/p>\n<\/div>\n<div>\n<p>La rara apariencia de la articulaci\u00f3n del duque y la duquesa marc\u00f3 la primera en cinco meses. Organizado por Kevin Costner, el beneficio recaud\u00f3 fondos vitales para apoyar a los socorristas locales.<\/p>\n<p>La reuni\u00f3n tuvo lugar en la finca Oceanside del actor y atrajo a una multitud llena de estrellas, con Oprah Winfrey entre los invitados de alto perfil.<\/p>\n<p>Meghan se uni\u00f3 brevemente a Harry en el escenario, sonriendo mientras la pareja fue recibida calurosamente por la audiencia. En un momento, Harry fue fotografiado con su brazo alrededor de la cintura de Meghan, un tierno gesto que subray\u00f3 su frente unido.<\/p>\n<\/div>\n<div>\n<p>Su apariencia asegur\u00f3 que el nuevo aspecto de Meghan estaba firmemente en el centro de atenci\u00f3n, con su transformaci\u00f3n del cabello que provocaba casi tanta conversaci\u00f3n como el evento en s\u00ed.<\/p>\n<p>\u00a1The One805Live! El beneficio se ha convertido en un accesorio en el calendario social californiano, y Harry asisti\u00f3 por tercer a\u00f1o consecutivo.<\/p>\n<p>Para Meghan, sin embargo, marc\u00f3 un regreso a la etapa p\u00fablica despu\u00e9s de mantener un perfil relativamente bajo en los \u00faltimos meses. Su presencia junto con Harry reafirm\u00f3 su compromiso continuo de defender las causas comunitarias en su hogar californiano adoptivo.<\/p>\n<\/div>\n\n","protected":false},"excerpt":{"rendered":"<p>Llevando a X, un fan\u00e1tico afirm\u00f3: \u00abCopycat Meghan golpea de nuevo &#8230; Ella le aliger\u00f3 el cabello despu\u00e9s de la princesa Catherine. \u00a1La iron\u00eda? \u00a1Todav\u00eda nadie se molesta! \u00a1Renuncia! \u00a1No puedes competir con nuestra futura reina\u00bb. Otro escribi\u00f3: \u00abTodos ten\u00edan raz\u00f3n &#8230; De hecho, aliger\u00f3 su cabello inmediatamente despu\u00e9s de que Catherine aclar\u00f3 el suyo\u00bb. &hellip;<\/p>\n","protected":false},"author":1,"featured_media":44023,"comment_status":"open","ping_status":"open","sticky":false,"template":"","format":"standard","meta":{"fifu_image_url":"https:\/\/cdn.images.express.co.uk\/img\/dynamic\/106\/1200x630\/6442344.jpg","fifu_image_alt":"","footnotes":""},"categories":[10],"tags":[],"class_list":["post-44022","post","type-post","status-publish","format-standard","has-post-thumbnail","","category-moda"],"_links":{"self":[{"href":"https:\/\/noticiasveraces.com\/index.php?rest_route=\/wp\/v2\/posts\/44022","targetHints":{"allow":["GET"]}}],"collection":[{"href":"https:\/\/noticiasveraces.com\/index.php?rest_route=\/wp\/v2\/posts"}],"about":[{"href":"https:\/\/noticiasveraces.com\/index.php?rest_route=\/wp\/v2\/types\/post"}],"author":[{"embeddable":true,"href":"https:\/\/noticiasveraces.com\/index.php?rest_route=\/wp\/v2\/users\/1"}],"replies":[{"embeddable":true,"href":"https:\/\/noticiasveraces.com\/index.php?rest_route=%2Fwp%2Fv2%2Fcomments&post=44022"}],"version-history":[{"count":0,"href":"https:\/\/noticiasveraces.com\/index.php?rest_route=\/wp\/v2\/posts\/44022\/revisions"}],"wp:featuredmedia":[{"embeddable":true,"href":"https:\/\/noticiasveraces.com\/index.php?rest_route=\/wp\/v2\/media\/44023"}],"wp:attachment":[{"href":"https:\/\/noticiasveraces.com\/index.php?rest_route=%2Fwp%2Fv2%2Fmedia&parent=44022"}],"wp:term":[{"taxonomy":"category","embeddable":true,"href":"https:\/\/noticiasveraces.com\/index.php?rest_route=%2Fwp%2Fv2%2Fcategories&post=44022"},{"taxonomy":"post_tag","embeddable":true,"href":"https:\/\/noticiasveraces.com\/index.php?rest_route=%2Fwp%2Fv2%2Ftags&post=44022"}],"curies":[{"name":"wp","href":"https:\/\/api.w.org\/{rel}","templated":true}]}}