{"id":43997,"date":"2025-09-22T04:04:44","date_gmt":"2025-09-22T08:04:44","guid":{"rendered":"https:\/\/noticiasveraces.com\/?p=43997"},"modified":"2025-09-22T04:04:44","modified_gmt":"2025-09-22T08:04:44","slug":"los-paises-europeos-y-su-postura-sobre-palestina-dw-22-09-2025","status":"publish","type":"post","link":"https:\/\/noticiasveraces.com\/?p=43997","title":{"rendered":"Los pa\u00edses europeos y su postura sobre Palestina \u2013 DW \u2013 22\/09\/2025"},"content":{"rendered":"<p> \n<\/p>\n<div data-tracking-name=\"rich-text\" data-tracking-skip=\"true\">\n<h2>Francia<\/h2>\n<p>Desde el inicio de la guerra de Gaza en octubre de 2023, el presidente franc\u00e9s,\u00a0Emmanuel Macron, ha planteado en varias ocasiones p\u00fablicamente la posibilidad de reconocer a Palestina, pero siempre ha acabado posponi\u00e9ndola. Sin embargo, este 22 de septiembre, en la Asamblea General de la ONU, Francia dar\u00e1 este paso. Macron hab\u00eda criticado duramente en repetidas ocasiones la actuaci\u00f3n israel\u00ed en Gaza. Calific\u00f3 de \u00abintolerables\u201d la crisis humanitaria y el elevado n\u00famero de v\u00edctimas entre la poblaci\u00f3n civil. Par\u00eds tambi\u00e9n rechaza cualquier forma de expulsi\u00f3n forzosa de los palestinos.<\/p>\n<p>El presidente franc\u00e9s se posiciona como un claro defensor de la soluci\u00f3n de dos Estados. En un Estado palestino independiente, organizaciones como Ham\u00e1s, el grupo radical considerado como organizaci\u00f3n terrorista por Alemania, Estados Unidos, la Uni\u00f3n Europea y algunos Estados \u00e1rabes, no deber\u00edan formar parte del Gobierno bajo ning\u00fan concepto. Par\u00eds exige un alto el fuego en la Franja de Gaza, la liberaci\u00f3n de los rehenes, el acceso sin restricciones de ayuda humanitaria y la estabilizaci\u00f3n de la regi\u00f3n. Adem\u00e1s, espera que Israel detenga la expansi\u00f3n de los asentamientos en Cisjordania y abandone cualquier plan de anexi\u00f3n.<\/p>\n<figure class=\"placeholder-image master_landscape big\"><img data-format=\"MASTER_LANDSCAPE\" data-id=\"73412659\" data-url=\"https:\/\/static.dw.com\/image\/73412659_${formatId}.jpg\" data-aspect-ratio=\"16\/9\" alt=\"Presidente de Francia, Emmanuel Macron junto al l\u00edder de Autoridad Nacional Palestina, Mahmud Abbas. \" style=\"padding-bottom: 56.25%; height: 0; max-height: 0;\"\/><figcaption class=\"img-caption\">Emmanuel Macron durante una reuni\u00f3n con Mahmud Abbas en Ramala en 2023.<small class=\"copyright\">Imagen: Christophe Ena\/Pool\/Abaca\/Picture Alliance<\/small><\/figcaption><\/figure>\n<h2>Gran Breta\u00f1a<\/h2>\n<p>Gran Breta\u00f1a reconoci\u00f3 ayer domingo (21.09.2025) a Palestina como Estado. Al igual que Macron, el primer ministro Keir Starmer apoya la soluci\u00f3n de dos Estados. Hist\u00f3ricamente, Gran Breta\u00f1a tiene una conexi\u00f3n especial con la regi\u00f3n de Medio Oriente. La antigua potencia colonial administr\u00f3 Palestina por mandato de la Sociedad de Naciones. En 1917, los brit\u00e1nicos promulgaron la llamada Declaraci\u00f3n Balfour y se comprometieron a crear \u00abun hogar para el pueblo jud\u00edo en Palestina\u00bb. El mandato termin\u00f3 en 1948 con la fundaci\u00f3n de Israel y la primera guerra \u00e1rabe-israel\u00ed. Este periodo sigue marcando hoy en d\u00eda la relaci\u00f3n hist\u00f3rica y pol\u00edtica con Israel y los palestinos.<\/p>\n<p>El Reino Unido lleva d\u00e9cadas realizando cooperaci\u00f3n al desarrollo en los territorios palestinos, por ejemplo, en los \u00e1mbitos de la educaci\u00f3n, salud, infraestructuras y promoci\u00f3n econ\u00f3mica.<\/p>\n<figure class=\"placeholder-image master_landscape big\"><img data-format=\"MASTER_LANDSCAPE\" data-id=\"73420373\" data-url=\"https:\/\/static.dw.com\/image\/73420373_${formatId}.jpg\" data-aspect-ratio=\"16\/9\" alt=\"Fotograma del mensaje del primer minitro brit\u00e1nico, Keir Starmer, en su p\u00e1gina de YouTube (https:\/\/www.youtube.com\/watch?v=Kxyace7LVOw). \" style=\"padding-bottom: 56.25%; height: 0; max-height: 0;\"\/><figcaption class=\"img-caption\">El primer ministro Starmer transmiti\u00f3 un mensaje televisado en julio en el que anunciaba que Reino Unido reconocer\u00eda a Palestina como Estado, algo que acab\u00f3 haciendo ayer en otro videomensaje.<small class=\"copyright\">Imagen: Youtube\/@KeirStarmer<\/small><\/figcaption><\/figure>\n<h2>Espacio<\/h2>\n<p>Espa\u00f1a apoya claramente a los palestinos; ya en mayo de 2024, Madrid reconoci\u00f3 oficialmente al Estado de Palestina. Considera que la soluci\u00f3n de los dos Estados es la \u00fanica posibilidad realista para poner fin al conflicto en Medio Oriente. Espa\u00f1a est\u00e1 ampliando actualmente su ayuda a los territorios palestinos, tanto financiera como institucionalmente. Por ejemplo, ya se ha celebrado una primera reuni\u00f3n intergubernamental con representantes de la Autoridad Nacional Palestina en Madrid, en la que se debatieron proyectos comunes en \u00e1reas de educaci\u00f3n y empleo.<\/p>\n<p>En Espa\u00f1a, la cuesti\u00f3n palestina se consider\u00f3 desde muy temprano como parte de la lucha global contra el colonialismo y la opresi\u00f3n. A finales de la d\u00e9cada de 1970, cuando al pa\u00eds europeo acababa de liberarse de la dictadura de Franco y consolidaba sus valores democr\u00e1ticos, surgieron fuertes partidos y movimientos de izquierda que se solidarizaron con las luchas de liberaci\u00f3n anticolonialistas en todo el mundo, y tambi\u00e9n con los palestinos bajo la ocupaci\u00f3n israel\u00ed.<\/p>\n<p>El Gobierno espa\u00f1ol subraya que su reconocimiento de Palestina no va dirigido contra Israel. De hecho, Madrid tambi\u00e9n reconoce a Israel como Estado, pero ha criticado en repetidas ocasiones las presuntas violaciones del derecho internacional por parte de Israel o la construcci\u00f3n de asentamientos en Cisjordania.<\/p>\n<figure class=\"placeholder-image master_landscape big\"><img data-format=\"MASTER_LANDSCAPE\" data-id=\"74041827\" data-url=\"https:\/\/static.dw.com\/image\/74041827_${formatId}.jpg\" data-aspect-ratio=\"16\/9\" alt=\"Protesta en favor del pueblo palestino que forz\u00f3 a la suspenci\u00f3n de la competencia ciclista La Vuelta a Espa\u00f1a.\" style=\"padding-bottom: 56.25%; height: 0; max-height: 0;\"\/><figcaption class=\"img-caption\">En Espa\u00f1a, en septiembre de 2025, las protestas contra la guerra en Gaza provocaron la suspensi\u00f3n de la carrera ciclista La Vuelta a Espa\u00f1a.<small class=\"copyright\">Imagen: Manu Fern\u00e1ndez\/AP Photo\/DPA\/Picture Alliance<\/small><\/figcaption><\/figure>\n<h2>Europa dividida<\/h2>\n<p>Adem\u00e1s de estos tres pa\u00edses, otros Estados europeos ya han reconocido a Palestina como Estado, entre ellos Irlanda, Polonia o Noruega. En el marco de la Asamblea General de la ONU de este 22 de septiembre se sumar\u00e1n, entre otros, Portugal, B\u00e9lgica y Finlandia.<\/p>\n<p>Otros pa\u00edses europeos, sobre todo Alemania, se muestran mucho m\u00e1s reticentes a reconocer a Palestina como Estado independiente. Su postura es que esto no puede hacerse de forma unilateral, sino solo tras alcanzar una soluci\u00f3n negociada.<\/p>\n<p><span data-slot-id=\"Article_InContent-1\" class=\"rich-text-ad\"\/><\/p>\n<h2>Rep\u00fablica Checa<\/h2>\n<p>Rep\u00fablica Checa es uno de los pa\u00edses m\u00e1s abiertamente favorables a Israel dentro de la Uni\u00f3n Europea. El pa\u00eds mantiene estrechas relaciones diplom\u00e1ticas, econ\u00f3micas y de seguridad con Israel. Praga se muestra muy cautelosa a la hora de expresar cr\u00edticas en los debates internacionales.<\/p>\n<p>Rep\u00fablica Checa ha mantenido estrechas relaciones con Israel desde su fundaci\u00f3n; ya en los a\u00f1os cuarenta y cincuenta, Praga suministr\u00f3 armas al joven Estado de Israel. El apoyo al pa\u00eds es un consenso entre todos los partidos pol\u00edticos checos. Adem\u00e1s, la poblaci\u00f3n tambi\u00e9n tiene tradicionalmente una opini\u00f3n positiva de Israel. Hasta ahora, Praga siempre se ha negado a reconocer a Palestina como Estado.<\/p>\n<figure class=\"placeholder-image master_landscape big\"><img data-format=\"MASTER_LANDSCAPE\" data-id=\"72124402\" data-url=\"https:\/\/static.dw.com\/image\/72124402_${formatId}.jpg\" data-aspect-ratio=\"16\/9\" alt=\"Viktor Orb\u00e1n, recibiendo a Benjamin Netanyahu en Budapest el mes de abril.\" style=\"padding-bottom: 56.25%; height: 0; max-height: 0;\"\/><figcaption class=\"img-caption\">El primer ministro h\u00fangaro, Viktor Orb\u00e1n, recibi\u00f3 a Benjamin Netanyahu en abril, a pesar de la orden de detenci\u00f3n internacional contra el primer ministro israel\u00ed.<small class=\"copyright\">Imagen de Imagen: Attila Kisbenedek\/AFP\/Gety<\/small><\/figcaption><\/figure>\n<h2>Hungr\u00eda<\/h2>\n<p>Hungr\u00eda tambi\u00e9n es claramente proisrael\u00ed en muchos aspectos. El Gobierno h\u00fangaro, liderado por Viktor Orb\u00e1n, ha subrayado en repetidas ocasiones el derecho de Israel a la autodefensa. El ministro de Asuntos Exteriores, Peter Szijjarto, ha declarado en varias ocasiones que Hungr\u00eda condena el ataque de Ham\u00e1s del 7 de octubre de 2023, en el que murieron 1200 personas y otras 250 fueron tomadas como rehenes, y reconoce el derecho de Israel a defenderse. Hungr\u00eda bloquea regularmente las medidas conjuntas de la UE que critican a Israel. As\u00ed, Budapest se ha negado en varias ocasiones a apoyar las declaraciones del bloque comunitario que exigen un alto el fuego en Gaza o medidas sancionadoras contra los colonos israel\u00edes.<\/p>\n<p>Incluso, y en respuesta a la emisi\u00f3n de una orden de detenci\u00f3n internacional contra el primer ministro israel\u00ed, Benjam\u00edn Netanyahu, Hungr\u00eda ha decidido abandonar la Corte Penal Internacional (CPI). La medida se justific\u00f3 alegando que la corte era \u00abpol\u00edticamente parcial\u00bb, especialmente en lo que respecta al conflicto de Medio Oriente. La medida coincidi\u00f3 con las visitas oficiales de altos cargos pol\u00edticos israel\u00edes a Hungr\u00eda y con la negativa a ejecutar una orden de detenci\u00f3n emitida por la CPI contra Netanyahu.<\/p>\n<p>(MN\/LGC)<\/p>\n<\/p>\n<\/div>\n\n","protected":false},"excerpt":{"rendered":"<p>Francia Desde el inicio de la guerra de Gaza en octubre de 2023, el presidente franc\u00e9s,\u00a0Emmanuel Macron, ha planteado en varias ocasiones p\u00fablicamente la posibilidad de reconocer a Palestina, pero siempre ha acabado posponi\u00e9ndola. Sin embargo, este 22 de septiembre, en la Asamblea General de la ONU, Francia dar\u00e1 este paso. Macron hab\u00eda criticado duramente &hellip;<\/p>\n","protected":false},"author":1,"featured_media":43999,"comment_status":"open","ping_status":"open","sticky":false,"template":"","format":"standard","meta":{"fifu_image_url":"https:\/\/static.dw.com\/image\/73906189_6.jpg","fifu_image_alt":"","footnotes":""},"categories":[13],"tags":[],"class_list":["post-43997","post","type-post","status-publish","format-standard","has-post-thumbnail","","category-mundo"],"_links":{"self":[{"href":"https:\/\/noticiasveraces.com\/index.php?rest_route=\/wp\/v2\/posts\/43997","targetHints":{"allow":["GET"]}}],"collection":[{"href":"https:\/\/noticiasveraces.com\/index.php?rest_route=\/wp\/v2\/posts"}],"about":[{"href":"https:\/\/noticiasveraces.com\/index.php?rest_route=\/wp\/v2\/types\/post"}],"author":[{"embeddable":true,"href":"https:\/\/noticiasveraces.com\/index.php?rest_route=\/wp\/v2\/users\/1"}],"replies":[{"embeddable":true,"href":"https:\/\/noticiasveraces.com\/index.php?rest_route=%2Fwp%2Fv2%2Fcomments&post=43997"}],"version-history":[{"count":0,"href":"https:\/\/noticiasveraces.com\/index.php?rest_route=\/wp\/v2\/posts\/43997\/revisions"}],"wp:featuredmedia":[{"embeddable":true,"href":"https:\/\/noticiasveraces.com\/index.php?rest_route=\/wp\/v2\/media\/43999"}],"wp:attachment":[{"href":"https:\/\/noticiasveraces.com\/index.php?rest_route=%2Fwp%2Fv2%2Fmedia&parent=43997"}],"wp:term":[{"taxonomy":"category","embeddable":true,"href":"https:\/\/noticiasveraces.com\/index.php?rest_route=%2Fwp%2Fv2%2Fcategories&post=43997"},{"taxonomy":"post_tag","embeddable":true,"href":"https:\/\/noticiasveraces.com\/index.php?rest_route=%2Fwp%2Fv2%2Ftags&post=43997"}],"curies":[{"name":"wp","href":"https:\/\/api.w.org\/{rel}","templated":true}]}}