{"id":43952,"date":"2025-09-21T19:06:49","date_gmt":"2025-09-21T23:06:49","guid":{"rendered":"https:\/\/noticiasveraces.com\/?p=43952"},"modified":"2025-09-21T19:06:49","modified_gmt":"2025-09-21T23:06:49","slug":"el-hombre-de-nueva-jersey-en-maga-hat-rechazo-el-servicio-en-nyc-cafe-el-11-de-septiembre","status":"publish","type":"post","link":"https:\/\/noticiasveraces.com\/?p=43952","title":{"rendered":"El hombre de Nueva Jersey en Maga Hat rechaz\u00f3 el servicio en NYC Cafe el 11 de septiembre"},"content":{"rendered":"<p> \n<\/p>\n<div><!----> <!----> <\/p>\n<div class=\"featured featured-video video-ct\">\n<div class=\"contain\">\n<div class=\"info\">\n<div class=\"caption\">\n<p>El presentador de Outkick y colaborador de Fox News, Tomi Lahren, analiza la lista que el Senado detalla la violencia radical de la izquierda en &#8216;The Evening Edit&#8217;.<\/p>\n<\/div>\n<\/div>\n<\/div>\n<\/div>\n<p>Un hombre de Nueva Jersey dice que se le neg\u00f3 el servicio e insultado por un barista en una cafeter\u00eda de la ciudad de Nueva York despu\u00e9s de caminar con un sombrero MAGA en la ma\u00f1ana del 11 de septiembre.<\/p>\n<p>Anthony Pullis, de 31 a\u00f1os, se detuvo en el Caf\u00e9 de la Caf\u00e9 Caf\u00e9 de la Ciudad de Nueva York Grumpy en el Distrito Financiero en su camino a la Ceremonia Memorial del 11 de septiembre en la zona cero. Llevaba un sombrero rojo de \u00abMake America Great Again\u00bb, junto con una foto de su difunto padre, Edward Pullis, fijado en el bolsillo de su camisa.<\/p>\n<p>Su padre trabaj\u00f3 en la Torre Sur del World Trade Center y fue asesinado en los ataques terroristas del 11 de septiembre de 2001. Su familia ha asistido a la ceremonia anual en el Bajo Manhattan todos los a\u00f1os desde entonces, inform\u00f3 por primera vez la Press de Asbury Park.<\/p>\n<p>Anthony Pullis le dijo a Fox News Digital que cuando ingres\u00f3 al caf\u00e9, el barista lo mir\u00f3 y dijo: \u00abSin servicio\u00bb.<\/p>\n<div class=\"inline image-ct\">\n<div class=\"m\"><picture><source media=\"(max-width: 767px)\" srcset=\"https:\/\/a57.foxnews.com\/static.foxbusiness.com\/foxbusiness.com\/content\/uploads\/2025\/09\/343\/192\/coffee-barista-maga-hat-customer.jpg?ve=1&amp;tl=1, https:\/\/a57.foxnews.com\/static.foxbusiness.com\/foxbusiness.com\/content\/uploads\/2025\/09\/686\/384\/coffee-barista-maga-hat-customer.jpg?ve=1&amp;tl=1 2x\"><source media=\"(min-width: 768px) and (max-width: 1023px)\" srcset=\"https:\/\/a57.foxnews.com\/static.foxbusiness.com\/foxbusiness.com\/content\/uploads\/2025\/09\/672\/378\/coffee-barista-maga-hat-customer.jpg?ve=1&amp;tl=1, https:\/\/a57.foxnews.com\/static.foxbusiness.com\/foxbusiness.com\/content\/uploads\/2025\/09\/1344\/756\/coffee-barista-maga-hat-customer.jpg?ve=1&amp;tl=1 2x\"><source media=\"(min-width: 1024px) and (max-width: 1279px)\" srcset=\"https:\/\/a57.foxnews.com\/static.foxbusiness.com\/foxbusiness.com\/content\/uploads\/2025\/09\/931\/523\/coffee-barista-maga-hat-customer.jpg?ve=1&amp;tl=1, https:\/\/a57.foxnews.com\/static.foxbusiness.com\/foxbusiness.com\/content\/uploads\/2025\/09\/1862\/1046\/coffee-barista-maga-hat-customer.jpg?ve=1&amp;tl=1 2x\"><source media=\"(min-width: 1280px)\" srcset=\"https:\/\/a57.foxnews.com\/static.foxbusiness.com\/foxbusiness.com\/content\/uploads\/2025\/09\/720\/405\/coffee-barista-maga-hat-customer.jpg?ve=1&amp;tl=1, https:\/\/a57.foxnews.com\/static.foxbusiness.com\/foxbusiness.com\/content\/uploads\/2025\/09\/1440\/810\/coffee-barista-maga-hat-customer.jpg?ve=1&amp;tl=1 2x\"><img decoding=\"async\" src=\"https:\/\/a57.foxnews.com\/static.foxbusiness.com\/foxbusiness.com\/content\/uploads\/2025\/09\/931\/523\/coffee-barista-maga-hat-customer.jpg?ve=1&amp;tl=1\" alt=\"Coffee barista sosteniendo una taza de caf\u00e9; Anthony Pullis y Madre en el 9\/11 Memorial\"\/><\/source><\/source><\/source><\/source><\/picture><\/div>\n<div class=\"caption\">\n<p><span>El hombre de Nueva Jersey, Anthony Pullis, aqu\u00ed con su madre, dijo que inicialmente se le neg\u00f3 el servicio cuando entr\u00f3 en un caf\u00e9 de la ciudad de Nueva York el 11 de septiembre y cree que fue porque llevaba un sombrero de maga rojo.<\/span><span>  (Istock \/ Anthony Pullis \/ Istock)<\/span><\/p>\n<\/div>\n<\/div>\n<p><strong><u>Frozen Yogurt &#8216;Recibiendo odio&#8217; y amenazas de muerte despu\u00e9s de Charlie Kirk Tribute<\/u><\/strong><\/p>\n<p>Al principio, pens\u00f3 que la tienda a\u00fan no podr\u00eda estar abierta. Pero despu\u00e9s de revisar las horas publicadas y ver a otros clientes irse con bebidas, cre\u00eda que la negativa estaba atada a su sombrero.<\/p>\n<p>\u00abEst\u00e1bamos como, est\u00e1 bien, esto es rid\u00edculo\u00bb, dijo Pullis.<\/p>\n<p>Su amigo, Michael Antonucci, que estaba con \u00e9l, lo inst\u00f3 a ir a otro lado, diciendo que el negocio no merec\u00eda su dinero. Pero Pullis se sinti\u00f3 obligado a mantenerse firme, especialmente despu\u00e9s del asesinato del activista conservador Charlie Kirk el d\u00eda anterior.<\/p>\n<p>\u00abSent\u00ed un fuego dentro de m\u00ed\u00bb, dijo, sintiendo que retroceder ser\u00eda lo contrario de lo que Kirk har\u00eda.<\/p>\n<div class=\"inline image-ct\">\n<div class=\"m\"><picture><source media=\"(max-width: 767px)\" srcset=\"https:\/\/a57.foxnews.com\/static.foxbusiness.com\/foxbusiness.com\/content\/uploads\/2025\/09\/343\/192\/charlie-kirk-utah-event.png?ve=1&amp;tl=1, https:\/\/a57.foxnews.com\/static.foxbusiness.com\/foxbusiness.com\/content\/uploads\/2025\/09\/686\/384\/charlie-kirk-utah-event.png?ve=1&amp;tl=1 2x\"><source media=\"(min-width: 768px) and (max-width: 1023px)\" srcset=\"https:\/\/a57.foxnews.com\/static.foxbusiness.com\/foxbusiness.com\/content\/uploads\/2025\/09\/672\/378\/charlie-kirk-utah-event.png?ve=1&amp;tl=1, https:\/\/a57.foxnews.com\/static.foxbusiness.com\/foxbusiness.com\/content\/uploads\/2025\/09\/1344\/756\/charlie-kirk-utah-event.png?ve=1&amp;tl=1 2x\"><source media=\"(min-width: 1024px) and (max-width: 1279px)\" srcset=\"https:\/\/a57.foxnews.com\/static.foxbusiness.com\/foxbusiness.com\/content\/uploads\/2025\/09\/931\/523\/charlie-kirk-utah-event.png?ve=1&amp;tl=1, https:\/\/a57.foxnews.com\/static.foxbusiness.com\/foxbusiness.com\/content\/uploads\/2025\/09\/1862\/1046\/charlie-kirk-utah-event.png?ve=1&amp;tl=1 2x\"><source media=\"(min-width: 1280px)\" srcset=\"https:\/\/a57.foxnews.com\/static.foxbusiness.com\/foxbusiness.com\/content\/uploads\/2025\/09\/720\/405\/charlie-kirk-utah-event.png?ve=1&amp;tl=1, https:\/\/a57.foxnews.com\/static.foxbusiness.com\/foxbusiness.com\/content\/uploads\/2025\/09\/1440\/810\/charlie-kirk-utah-event.png?ve=1&amp;tl=1 2x\"><img decoding=\"async\" src=\"https:\/\/a57.foxnews.com\/static.foxbusiness.com\/foxbusiness.com\/content\/uploads\/2025\/09\/931\/523\/charlie-kirk-utah-event.png?ve=1&amp;tl=1\" alt=\"Charlie Kirk se involucra con estudiantes en la Universidad de Utah Valley en Orem, Utah\"\/><\/source><\/source><\/source><\/source><\/picture><\/div>\n<div class=\"caption\">\n<p><span>Charlie Kirk aparece en la Universidad de Utah Valley el 10 de septiembre de 2025 en Orem, Utah. Fue asesinado poco despu\u00e9s.<\/span><span>  (Trent Nelson\/The Salt Lake Tribune\/Getty Images\/Getty Images)<\/span><\/p>\n<\/div>\n<\/div>\n<p><strong><u>Cobertura completa de Charlie Kirk<\/u><\/strong><strong> <\/strong><\/p>\n<p>Pullis le dijo a Fox News Digital que normalmente no usa el sombrero pol\u00edtico el 11 de septiembre, por respeto a las v\u00edctimas. Pero decidi\u00f3 usarlo esa ma\u00f1ana para mostrar apoyo a Kirk.<\/p>\n<p>\u00abPens\u00e9 que ser\u00eda apropiado, y podr\u00eda honrarlo de esa manera\u00bb, dijo Pullis.<\/p>\n<p>Kirk, el fundador de Turning Point USA, fue asesinado a tiros mientras hablaba en la Universidad de Utah Valley en Orem, Utah, el d\u00eda anterior. Ten\u00eda 31 a\u00f1os y se fue de su esposa Erika y dos hijos peque\u00f1os.<\/p>\n<p>Pullis regres\u00f3 al caf\u00e9 con el amigo de la familia Tommy Smith, un bombero retirado de Long Island cuyo padre, un bombero de la ciudad de Nueva York, muri\u00f3 en la zona cero el 11 de septiembre. Smith, vestido con un uniforme de bombero completo, exigi\u00f3 que los dos fueran servidos.<\/p>\n<p>El Barista cumpli\u00f3 pero se neg\u00f3 a responder a Pullis cuando \u00e9l le pregunt\u00f3 por qu\u00e9 ella lo hab\u00eda negado antes.<\/p>\n<div class=\"inline image-ct\">\n<div class=\"m\"><picture><source media=\"(max-width: 767px)\" srcset=\"https:\/\/a57.foxnews.com\/static.foxbusiness.com\/foxbusiness.com\/content\/uploads\/2022\/12\/343\/192\/iStock-1302921298.jpg?ve=1&amp;tl=1, https:\/\/a57.foxnews.com\/static.foxbusiness.com\/foxbusiness.com\/content\/uploads\/2022\/12\/686\/384\/iStock-1302921298.jpg?ve=1&amp;tl=1 2x\"><source media=\"(min-width: 768px) and (max-width: 1023px)\" srcset=\"https:\/\/a57.foxnews.com\/static.foxbusiness.com\/foxbusiness.com\/content\/uploads\/2022\/12\/672\/378\/iStock-1302921298.jpg?ve=1&amp;tl=1, https:\/\/a57.foxnews.com\/static.foxbusiness.com\/foxbusiness.com\/content\/uploads\/2022\/12\/1344\/756\/iStock-1302921298.jpg?ve=1&amp;tl=1 2x\"><source media=\"(min-width: 1024px) and (max-width: 1279px)\" srcset=\"https:\/\/a57.foxnews.com\/static.foxbusiness.com\/foxbusiness.com\/content\/uploads\/2022\/12\/931\/523\/iStock-1302921298.jpg?ve=1&amp;tl=1, https:\/\/a57.foxnews.com\/static.foxbusiness.com\/foxbusiness.com\/content\/uploads\/2022\/12\/1862\/1046\/iStock-1302921298.jpg?ve=1&amp;tl=1 2x\"><source media=\"(min-width: 1280px)\" srcset=\"https:\/\/a57.foxnews.com\/static.foxbusiness.com\/foxbusiness.com\/content\/uploads\/2022\/12\/720\/405\/iStock-1302921298.jpg?ve=1&amp;tl=1, https:\/\/a57.foxnews.com\/static.foxbusiness.com\/foxbusiness.com\/content\/uploads\/2022\/12\/1440\/810\/iStock-1302921298.jpg?ve=1&amp;tl=1 2x\"><img decoding=\"async\" src=\"https:\/\/a57.foxnews.com\/static.foxbusiness.com\/foxbusiness.com\/content\/uploads\/2022\/12\/931\/523\/iStock-1302921298.jpg?ve=1&amp;tl=1\" alt=\"mostrador de barista\"\/><\/source><\/source><\/source><\/source><\/picture><\/div>\n<div class=\"caption\">\n<p><span>Un hombre de Nueva Jersey dijo que inicialmente se le neg\u00f3 el servicio despu\u00e9s de usar un sombrero MAGA en una cadena de cafeter\u00edas de Nueva York. El due\u00f1o luego se disculp\u00f3.<\/span><span>  (istock \/ istock)<\/span><\/p>\n<\/div>\n<\/div>\n<p><strong>El propietario de DC Pizzeria dice que el anfitri\u00f3n de Trump ser\u00eda un \u00abprivilegio\u00bb, rechaza el temor de la \u00abvor\u00e1gine pol\u00edtica\u00bb<\/strong><\/p>\n<p>\u00abRealmente quer\u00eda saber por qu\u00e9\u00bb, dijo Pullis, y agreg\u00f3 que no hab\u00eda nadie m\u00e1s en la tienda, y se dirigi\u00f3 al empleado con calma.<\/p>\n<p>Pullis dijo que dej\u00f3 una factura de $ 20 por la orden de $ 14 y le dijo que mantuviera el cambio. Pero dijo que el barista lo empuj\u00f3 hacia atr\u00e1s y le dijo: \u00abEres asqueroso\u00bb, cuando se fue.<\/p>\n<p>Pullis y los miembros de la familia luego dejaron las revisiones de Google que describ\u00edan el incidente.<\/p>\n<p>La cofundadora de Caf\u00e9 Grumpy, Caroline Bell, le dijo a la prensa de Asbury Park que estaba \u00abhorrorizada\u00bb cuando se enter\u00f3 de lo que sucedi\u00f3. Ella dijo que la compa\u00f1\u00eda tom\u00f3 medidas disciplinarias contra el empleado y le record\u00f3 al personal que rechazar el servicio en funci\u00f3n de la apariencia o las creencias personales viola la pol\u00edtica.<\/p>\n<p>\u00abEs posible que no siempre est\u00e9 de acuerdo o se sienta c\u00f3modo con la apariencia de un cliente, la ropa, los tatuajes, el peinado o las creencias personales\u00bb, dijo el memorando del personal, seg\u00fan el informe. \u00abEsos factores no son motivos para rechazar el servicio\u00bb.<\/p>\n<div class=\"featured featured-video video-ct\">\n<div class=\"contain\">\n<div class=\"info\">\n<div class=\"caption\">\n<p>El presidente de Seaport Securities, Ted Weisberg, analiza el \u00absigno muy positivo\u00bb del mercado y relata su experiencia el 11 de septiembre de 2001 sobre \u00abThe Claman Countdown\u00bb.<\/p>\n<\/div>\n<\/div>\n<\/div>\n<\/div>\n<p>Pullis dijo que Bell manej\u00f3 la situaci\u00f3n \u00abapropiada y profesionalmente\u00bb y le asegur\u00f3 que el asunto estaba siendo abordado. Pero el comportamiento lo desanim\u00f3, particularmente en el sombr\u00edo d\u00eda.<\/p>\n<p>\u00abEsto nunca deber\u00eda haber sucedido\u00bb, dijo a Fox News Digital. \u00abPero de todos los d\u00edas, el 11 de septiembre deber\u00eda ser el \u00faltimo d\u00eda &#8230; Ten\u00eda una foto de mi pap\u00e1 atrapado en mi camisa. Est\u00e1bamos literalmente desde el sitio World Trade Center\u00bb.<\/p>\n<p>Caf\u00e9 Grumpy no devolvi\u00f3 de inmediato una solicitud de comentarios.<\/p>\n<p>El incidente se produce despu\u00e9s de que un video de Tiktok se volvi\u00f3 viral alegando que un Starbucks Barista se neg\u00f3 a escribir el nombre de Charlie Kirk en una taza. Los fan\u00e1ticos de Kirk han estado ordenando su bebida favorita en la cadena de homenaje desde que fue asesinado el 10 de septiembre.<\/p>\n<p><strong><u>Haga clic aqu\u00ed para obtener la aplicaci\u00f3n Fox News<\/u><\/strong><\/p>\n<\/div>\n\n","protected":false},"excerpt":{"rendered":"<p>El presentador de Outkick y colaborador de Fox News, Tomi Lahren, analiza la lista que el Senado detalla la violencia radical de la izquierda en &#8216;The Evening Edit&#8217;. Un hombre de Nueva Jersey dice que se le neg\u00f3 el servicio e insultado por un barista en una cafeter\u00eda de la ciudad de Nueva York despu\u00e9s &hellip;<\/p>\n","protected":false},"author":1,"featured_media":43954,"comment_status":"open","ping_status":"open","sticky":false,"template":"","format":"standard","meta":{"fifu_image_url":"https:\/\/a57.foxnews.com\/static.foxbusiness.com\/foxbusiness.com\/content\/uploads\/2025\/09\/0\/0\/coffee-barista-maga-hat-customer.jpg?ve=1&tl=1","fifu_image_alt":"","footnotes":""},"categories":[3],"tags":[],"class_list":["post-43952","post","type-post","status-publish","format-standard","has-post-thumbnail","","category-negocio"],"_links":{"self":[{"href":"https:\/\/noticiasveraces.com\/index.php?rest_route=\/wp\/v2\/posts\/43952","targetHints":{"allow":["GET"]}}],"collection":[{"href":"https:\/\/noticiasveraces.com\/index.php?rest_route=\/wp\/v2\/posts"}],"about":[{"href":"https:\/\/noticiasveraces.com\/index.php?rest_route=\/wp\/v2\/types\/post"}],"author":[{"embeddable":true,"href":"https:\/\/noticiasveraces.com\/index.php?rest_route=\/wp\/v2\/users\/1"}],"replies":[{"embeddable":true,"href":"https:\/\/noticiasveraces.com\/index.php?rest_route=%2Fwp%2Fv2%2Fcomments&post=43952"}],"version-history":[{"count":0,"href":"https:\/\/noticiasveraces.com\/index.php?rest_route=\/wp\/v2\/posts\/43952\/revisions"}],"wp:featuredmedia":[{"embeddable":true,"href":"https:\/\/noticiasveraces.com\/index.php?rest_route=\/wp\/v2\/media\/43954"}],"wp:attachment":[{"href":"https:\/\/noticiasveraces.com\/index.php?rest_route=%2Fwp%2Fv2%2Fmedia&parent=43952"}],"wp:term":[{"taxonomy":"category","embeddable":true,"href":"https:\/\/noticiasveraces.com\/index.php?rest_route=%2Fwp%2Fv2%2Fcategories&post=43952"},{"taxonomy":"post_tag","embeddable":true,"href":"https:\/\/noticiasveraces.com\/index.php?rest_route=%2Fwp%2Fv2%2Ftags&post=43952"}],"curies":[{"name":"wp","href":"https:\/\/api.w.org\/{rel}","templated":true}]}}