{"id":43948,"date":"2025-09-21T19:04:17","date_gmt":"2025-09-21T23:04:17","guid":{"rendered":"https:\/\/noticiasveraces.com\/?p=43948"},"modified":"2025-09-21T19:04:17","modified_gmt":"2025-09-21T23:04:17","slug":"filtran-el-ganador-del-balon-de-oro-2025-lamine-yamal-seria-el-elegido-y-hay-polemica-en-el-futbol-curiosidades-de-futbol","status":"publish","type":"post","link":"https:\/\/noticiasveraces.com\/?p=43948","title":{"rendered":"Filtran el ganador del Bal\u00f3n de Oro 2025: Lamine Yamal ser\u00eda el elegido y hay pol\u00e9mica en el f\u00fatbol | Curiosidades de f\u00fatbol"},"content":{"rendered":"<p> \n<\/p>\n<div id=\"cuerpoArticulo\">\n<p class=\"texto intro cnx-companion-firstparagraph\" id=\"p255571-m1487-1486-1488\">A pocas horas de una nueva gala del Bal\u00f3n de Oro, se dio a conocer qui\u00e9n ser\u00eda el ganador del prestigioso reconocimiento. Este lunes 22 de septiembre, la revista France Football, entregar\u00e1 sus tradicionales premios a los mejores de cada categor\u00eda. <\/p>\n<p>Sin duda, el reconocimiento del Bal\u00f3n de Oro en cuanto al f\u00fatbol masculino, es uno de los premios que m\u00e1s llama la atenci\u00f3n y claro, debate genera entre los amantes del deporte. <\/p>\n<p class=\"texto contenido-parrafo-articulo cnx-companion-paragraph\" id=\"p255571-m1550-3-1551\">En las estimaciones, Ousmane Demb\u00e9l\u00e9, Lamine Yamal y Raphinha, son los favoritos a ser galardonados, sin embargo, tambi\u00e9n resaltan nombres como Pedri o Nuno Mendes. <\/p>\n<p>Aunque la organizaci\u00f3n del evento guarda mucho hermetismo respecto a la votaci\u00f3n y el elegido, en las redes sociales se ha filtrado una lista, en la que estar\u00eda el nombre ganador del exclusivo trofeo. <\/p>\n<div class=\"fotografia caja-articulo\" id=\"p255571-m1556-4-1557\">\n<div class=\"imagen-cuerpo-bk\">\n<figure itemscope=\"\" itemtype=\"https:\/\/schema.org\/ImageObject\" itemprop=\"image\" id=\"m1561-1560-1562\" class=\"foto-galeria-articulo imagen-articulo foto-texto-articulo-galeria\"><img decoding=\"async\" alt=\"Bal\u00f3n de oro\" src=\"data:image\/png;base64,iVBORw0KGgoAAAANSUhEUgAAAAEAAAABCAQAAAC1HAwCAAAAC0lEQVR42mP8\/x0AAvsB+DlKarAAAAAASUVORK5CYII=\" style=\" display: inline;\" data-original=\"\/files\/article_content\/uploads\/2022\/10\/04\/633cbce836d94.png\"\/><meta itemprop=\"width\" content=\"600\"\/><meta itemprop=\"height\" content=\"450\"\/> <meta itemprop=\"url\" content=\"https:\/\/www.futbolred.com\/files\/article_content\/uploads\/2022\/10\/04\/633cbce836d94.png\"\/><\/figure>\n<\/div><\/div>\n<p><span class=\"articulo-subtitulo subtitulo2 espacio-contenido cnx-companion-subtitle\" id=\"p255571-m1582-5-1583\">Lamine Yamal ser\u00eda ganador del Bal\u00f3n de Oro 2025<\/span><\/p>\n<p class=\"texto contenido-parrafo-articulo cnx-companion-paragraph\" id=\"p255571-m1588-6-1589\">De acuerdo a la fotograf\u00eda que se ha viralizado, <b>ser\u00eda Lamine Yamal el ganador del Bal\u00f3n de Oro con una puntuaci\u00f3n de 805 puntos. <\/b><\/p>\n<p>Seguidamente, <b>Bemb\u00e9l\u00e9 y Vitinha, lo acompa\u00f1ar\u00edan en el podio con 800 y 643 puntos<\/b>respectivamente. <\/p>\n<p>Estos, supuestos resultados, dejar\u00edan en claro, lo apretada que ser\u00eda la definici\u00f3n, pues el jugador del Barcelona ganar\u00eda por una diferencia de tan solo cinco puntos sobre el del PSG.<\/p>\n<div class=\"fotografia caja-articulo\" id=\"p255571-m1594-7-1595\">\n<div class=\"imagen-cuerpo-bk\">\n<figure itemscope=\"\" itemtype=\"https:\/\/schema.org\/ImageObject\" itemprop=\"image\" id=\"m1599-1598-1600\" class=\"foto-galeria-articulo imagen-articulo foto-texto-articulo-galeria\"><img decoding=\"async\" alt=\"Bal\u00f3n de Oro\" src=\"data:image\/png;base64,iVBORw0KGgoAAAANSUhEUgAAAAEAAAABCAQAAAC1HAwCAAAAC0lEQVR42mP8\/x0AAvsB+DlKarAAAAAASUVORK5CYII=\" style=\" display: inline;\" data-original=\"\/files\/article_content\/uploads\/2023\/10\/30\/653fdba9d5396.jpeg\"\/><meta itemprop=\"width\" content=\"600\"\/><meta itemprop=\"height\" content=\"450\"\/> <meta itemprop=\"url\" content=\"https:\/\/www.futbolred.com\/files\/article_content\/uploads\/2023\/10\/30\/653fdba9d5396.jpeg\"\/><\/figure>\n<\/div><\/div>\n<p class=\"texto contenido-parrafo-articulo cnx-companion-paragraph\" id=\"p255571-m1620-8-1621\">Si esto se llega a cumplir, Yamal pasar\u00eda a la historia como el jugador m\u00e1s joven en toda la historia en conseguir este galard\u00f3n.<\/p>\n<p>La ceremonia se realizar\u00e1 este lunes 22 de septiembre y tendr\u00e1 inicio a partir de las 2:00 p.m. (hora Colombia). Vale mencionar que, en FUTBOLRED se podr\u00e1 encontrar el minuto a minuto y toda la informaci\u00f3n de esta gala.<\/p>\n<\/div>\n\n","protected":false},"excerpt":{"rendered":"<p>A pocas horas de una nueva gala del Bal\u00f3n de Oro, se dio a conocer qui\u00e9n ser\u00eda el ganador del prestigioso reconocimiento. Este lunes 22 de septiembre, la revista France Football, entregar\u00e1 sus tradicionales premios a los mejores de cada categor\u00eda. Sin duda, el reconocimiento del Bal\u00f3n de Oro en cuanto al f\u00fatbol masculino, es &hellip;<\/p>\n","protected":false},"author":1,"featured_media":43949,"comment_status":"open","ping_status":"open","sticky":false,"template":"","format":"standard","meta":{"fifu_image_url":"https:\/\/www.futbolred.com\/files\/og_thumbnail\/uploads\/2025\/09\/21\/68d063c1d69f8.jpeg","fifu_image_alt":"","footnotes":""},"categories":[6],"tags":[],"class_list":["post-43948","post","type-post","status-publish","format-standard","has-post-thumbnail","","category-deportes"],"_links":{"self":[{"href":"https:\/\/noticiasveraces.com\/index.php?rest_route=\/wp\/v2\/posts\/43948","targetHints":{"allow":["GET"]}}],"collection":[{"href":"https:\/\/noticiasveraces.com\/index.php?rest_route=\/wp\/v2\/posts"}],"about":[{"href":"https:\/\/noticiasveraces.com\/index.php?rest_route=\/wp\/v2\/types\/post"}],"author":[{"embeddable":true,"href":"https:\/\/noticiasveraces.com\/index.php?rest_route=\/wp\/v2\/users\/1"}],"replies":[{"embeddable":true,"href":"https:\/\/noticiasveraces.com\/index.php?rest_route=%2Fwp%2Fv2%2Fcomments&post=43948"}],"version-history":[{"count":0,"href":"https:\/\/noticiasveraces.com\/index.php?rest_route=\/wp\/v2\/posts\/43948\/revisions"}],"wp:featuredmedia":[{"embeddable":true,"href":"https:\/\/noticiasveraces.com\/index.php?rest_route=\/wp\/v2\/media\/43949"}],"wp:attachment":[{"href":"https:\/\/noticiasveraces.com\/index.php?rest_route=%2Fwp%2Fv2%2Fmedia&parent=43948"}],"wp:term":[{"taxonomy":"category","embeddable":true,"href":"https:\/\/noticiasveraces.com\/index.php?rest_route=%2Fwp%2Fv2%2Fcategories&post=43948"},{"taxonomy":"post_tag","embeddable":true,"href":"https:\/\/noticiasveraces.com\/index.php?rest_route=%2Fwp%2Fv2%2Ftags&post=43948"}],"curies":[{"name":"wp","href":"https:\/\/api.w.org\/{rel}","templated":true}]}}