{"id":43936,"date":"2025-09-21T15:51:13","date_gmt":"2025-09-21T19:51:13","guid":{"rendered":"https:\/\/noticiasveraces.com\/?p=43936"},"modified":"2025-09-21T15:51:13","modified_gmt":"2025-09-21T19:51:13","slug":"la-tienda-en-alemania-declara-a-los-judios-prohibidos-para-protestar-por-las-acciones-de-israel-en-gaza","status":"publish","type":"post","link":"https:\/\/noticiasveraces.com\/?p=43936","title":{"rendered":"La tienda en Alemania declara a los jud\u00edos prohibidos para protestar por las acciones de Israel en Gaza"},"content":{"rendered":"<p> \n<\/p>\n<div>\n<div id=\"beyondwords-wrapper\" class=\"beyondwords-wrapper\">\n<p><span class=\"label-bg\">NUEVO<\/span>\u00a1Ahora puedes escuchar art\u00edculos de Fox News!\n  <\/p>\n<\/div>\n<p class=\"speakable\">El due\u00f1o de una tienda alemana en la ciudad del norte de Flensburg public\u00f3 una se\u00f1al el mi\u00e9rcoles de que a los jud\u00edos se les proh\u00edbe ingresar a su tienda, provocando indignaci\u00f3n entre los funcionarios estatales en Schleswig-Holstein.<\/p>\n<p class=\"speakable\">Hans-Velten Reisch, el propietario de la tienda de 60 a\u00f1os que vende g\u00f3tico-utensilios y literatura t\u00e9cnica, public\u00f3 una se\u00f1al que dice: \u00ab\u00a1Los jud\u00edos tienen prohibido entrar aqu\u00ed! Nada personal. Sin antisemitismo. Simplemente no puede soportarlo\u00bb.<\/p>\n<p>Bild, el jueves, el peri\u00f3dico diario m\u00e1s grande de Alemania inform\u00f3 que Reisch defendi\u00f3 su signo antijud\u00eda. Le dijo al peri\u00f3dico que \u00abveo las noticias todas las noches. Y cuando vi lo que los jud\u00edos estaban haciendo en la tira de Gaza, perd\u00ed los estribos e imprim\u00ed el p\u00f3ster\u00bb.<\/p>\n<p>Israel lanz\u00f3 una guerra defensiva contra el movimiento terrorista de Hamas en Gaza despu\u00e9s de que Hamas mat\u00f3 a m\u00e1s de 1.200 personas el 7 de octubre de 2023, incluidos los ciudadanos estadounidenses. <\/p>\n<p>Reisch dijo que la polic\u00eda le dijo el mi\u00e9rcoles por la noche que ten\u00eda que derribar el cartel. <\/p>\n<div class=\"image-ct inline\">\n<div class=\"m\"><picture><source media=\"(max-width: 767px)\" srcset=\"https:\/\/a57.foxnews.com\/static.foxnews.com\/foxnews.com\/content\/uploads\/2025\/09\/343\/192\/dorit-stenke.jpg?ve=1&amp;tl=1, https:\/\/a57.foxnews.com\/static.foxnews.com\/foxnews.com\/content\/uploads\/2025\/09\/686\/384\/dorit-stenke.jpg?ve=1&amp;tl=1 2x\" height=\"192\" width=\"343\"><source media=\"(min-width: 768px) and (max-width: 1023px)\" srcset=\"https:\/\/a57.foxnews.com\/static.foxnews.com\/foxnews.com\/content\/uploads\/2025\/09\/672\/378\/dorit-stenke.jpg?ve=1&amp;tl=1, https:\/\/a57.foxnews.com\/static.foxnews.com\/foxnews.com\/content\/uploads\/2025\/09\/1344\/756\/dorit-stenke.jpg?ve=1&amp;tl=1 2x\" height=\"378\" width=\"672\"><source media=\"(min-width: 1024px) and (max-width: 1279px)\" srcset=\"https:\/\/a57.foxnews.com\/static.foxnews.com\/foxnews.com\/content\/uploads\/2025\/09\/931\/523\/dorit-stenke.jpg?ve=1&amp;tl=1, https:\/\/a57.foxnews.com\/static.foxnews.com\/foxnews.com\/content\/uploads\/2025\/09\/1862\/1046\/dorit-stenke.jpg?ve=1&amp;tl=1 2x\" height=\"523\" width=\"931\"><source media=\"(min-width: 1280px)\" srcset=\"https:\/\/a57.foxnews.com\/static.foxnews.com\/foxnews.com\/content\/uploads\/2025\/09\/720\/405\/dorit-stenke.jpg?ve=1&amp;tl=1, https:\/\/a57.foxnews.com\/static.foxnews.com\/foxnews.com\/content\/uploads\/2025\/09\/1440\/810\/dorit-stenke.jpg?ve=1&amp;tl=1 2x\" height=\"405\" width=\"720\"><img loading=\"lazy\" decoding=\"async\" src=\"https:\/\/a57.foxnews.com\/static.foxnews.com\/foxnews.com\/content\/uploads\/2025\/09\/1200\/675\/dorit-stenke.jpg?ve=1&amp;tl=1\" alt=\"El ministro de cultura de Schleswig-Holstein Dorit Stenke\" width=\"1200\" height=\"675\"\/><\/source><\/source><\/source><\/source><\/picture><\/div>\n<div class=\"info\">\n<div class=\"caption\">\n<p><span>Dorit Steep, Ministro de Cultura de Slaswig-Hletstein, memon\u00f3 el signo antimem\u00edtico de Ruzi. <\/span> <span>(Frank Molter\/Picture Alliance a trav\u00e9s de Getty Images)<\/span><\/p>\n<\/div>\n<\/div>\n<\/div>\n<p>El ministro de Cultura de Schleswig-Holstein, Dorit Stenke y Gerhard Ulrich, el controvertido comisionado de antisemitismo del estado, llevaron a Reisch a la tarea de su antisemitismo reportado, emitiendo una declaraci\u00f3n conjunta en el sitio web del gobierno estatal.<\/p>\n<p>\u00abUna se\u00f1al que niega el acceso a los jud\u00edos a una tienda es una se\u00f1al aterradora y un ataque a los principios de nuestra coexistencia libre\u00bb, dijo Stenke en el comunicado. Ella continu\u00f3: \u00abNo podemos permitir que tales cosas contin\u00faen en nuestra sociedad y debemos tomar medidas decisivas en su contra. El antisemitismo es una amenaza para nuestra democracia y no debe ser tolerado de ninguna forma\u00bb.<\/p>\n<p><strong>La FDI mata al terrorista de Hamas, dice que funcion\u00f3 para UNRWA, dirigi\u00f3 el cargo por la masacre de refugio de bombas REIM<\/strong><\/p>\n<p>Ulrich dijo: \u00abDebemos estar juntos contra cada forma de antisemitismo\u00bb, agregando: \u00abLa lucha contra el antisemitismo es una responsabilidad especial que consideramos alemanes\u00bb.<\/p>\n<p>El fiscal estatal lanz\u00f3 una investigaci\u00f3n contra Reisch por la incitaci\u00f3n al odio. Ulrich present\u00f3 una denuncia penal por incitaci\u00f3n al odio contra Reisch. Seg\u00fan Bild, se presentaron un total de cinco quejas penales contra Reisch.<\/p>\n<p>\u00abEl discurso de odio antisem\u00edtico como este no solo perjudica a los afectados, sino que tambi\u00e9n interrumpe la paz p\u00fablica. El incidente de Flensburg, con su ret\u00f3rica despectiva, recuerda fatalmente el discurso de odio nazi contra los jud\u00edos\u00bb, dijo Ulrich.<\/p>\n<p>El estallido de los odiosos jud\u00edos en Flensburg es otro ejemplo del creciente antisemitismo en Schleswig-Holstein, dijeron los funcionarios estatales. En 2024, se documentaron 588 incidentes antisem\u00edticos, un aumento del 390 por ciento sobre 2023.<\/p>\n<div class=\"image-ct inline\">\n<div class=\"m\"><picture><source media=\"(max-width: 767px)\" srcset=\"https:\/\/a57.foxnews.com\/static.foxnews.com\/foxnews.com\/content\/uploads\/2025\/09\/343\/192\/gerhard-ulrich.jpg?ve=1&amp;tl=1, https:\/\/a57.foxnews.com\/static.foxnews.com\/foxnews.com\/content\/uploads\/2025\/09\/686\/384\/gerhard-ulrich.jpg?ve=1&amp;tl=1 2x\" height=\"192\" width=\"343\"><source media=\"(min-width: 768px) and (max-width: 1023px)\" srcset=\"https:\/\/a57.foxnews.com\/static.foxnews.com\/foxnews.com\/content\/uploads\/2025\/09\/672\/378\/gerhard-ulrich.jpg?ve=1&amp;tl=1, https:\/\/a57.foxnews.com\/static.foxnews.com\/foxnews.com\/content\/uploads\/2025\/09\/1344\/756\/gerhard-ulrich.jpg?ve=1&amp;tl=1 2x\" height=\"378\" width=\"672\"><source media=\"(min-width: 1024px) and (max-width: 1279px)\" srcset=\"https:\/\/a57.foxnews.com\/static.foxnews.com\/foxnews.com\/content\/uploads\/2025\/09\/931\/523\/gerhard-ulrich.jpg?ve=1&amp;tl=1, https:\/\/a57.foxnews.com\/static.foxnews.com\/foxnews.com\/content\/uploads\/2025\/09\/1862\/1046\/gerhard-ulrich.jpg?ve=1&amp;tl=1 2x\" height=\"523\" width=\"931\"><source media=\"(min-width: 1280px)\" srcset=\"https:\/\/a57.foxnews.com\/static.foxnews.com\/foxnews.com\/content\/uploads\/2025\/09\/720\/405\/gerhard-ulrich.jpg?ve=1&amp;tl=1, https:\/\/a57.foxnews.com\/static.foxnews.com\/foxnews.com\/content\/uploads\/2025\/09\/1440\/810\/gerhard-ulrich.jpg?ve=1&amp;tl=1 2x\" height=\"405\" width=\"720\"><img loading=\"lazy\" decoding=\"async\" src=\"https:\/\/a57.foxnews.com\/static.foxnews.com\/foxnews.com\/content\/uploads\/2025\/09\/1200\/675\/gerhard-ulrich.jpg?ve=1&amp;tl=1\" alt=\"Gerhard Ulrich, el comisionado de la vida jud\u00eda y contra el antisemitismo en Schleswig-Holstein, Alemania, ha sido acusado de perpetuar el antisemitismo mismo.\" width=\"1200\" height=\"675\"\/><\/source><\/source><\/source><\/source><\/picture><\/div>\n<div class=\"info\">\n<div class=\"caption\">\n<p><span>Gerhard Ulrich, el comisionado de la vida jud\u00eda y contra el antisemitismo en Schleswig-Holstein, Alemania, ha sido acusado de perpetuar el antisemitismo mismo.<\/span> <span>(Frank Molter\/Picture Alliance a trav\u00e9s de Getty Images)<\/span><\/p>\n<\/div>\n<\/div>\n<\/div>\n<p>Ulrich, sin embargo, ha enfrentado acusaciones de que ha contribuido a los sentimientos antijud\u00edo y antiisrael\u00edes cuando anteriormente se desempe\u00f1\u00f3 como obispo de la Iglesia Protestante para el norte de Alemania.<\/p>\n<p>El rabino Abraham Cooper, decano asociado del Centro Simon Wiesenthal, con sede en Los \u00c1ngeles, una organizaci\u00f3n jud\u00eda de derechos humanos que lleva el nombre del legendario cazador nazi, advirti\u00f3 sobre el presunto antisemitismo de Ulrich en diciembre de 2022. Mainstream de la sociedad alemana \u00ab.<\/p>\n<p><strong>Dossier revela informaci\u00f3n utilizada para explicar los v\u00ednculos profundos de la agencia de la ONU con Hamas en Gaza<\/strong><\/p>\n<p>El ex obispo ha dicho: \u00abEl nombre &#8216;Israel&#8217; est\u00e1 cargado con el horror y la miseria de esta Guerra del Medio Oriente\u00bb. Tambi\u00e9n compar\u00f3 la cerca de seguridad de Israel con el ahora desaparecido Muro de Berl\u00edn, lo que sugiere que Israel necesita desmantelar su valla de seguridad.<\/p>\n<p><strong>Haga clic para obtener la aplicaci\u00f3n Fox News<\/strong><\/p>\n<p>La valla antiterrorista ha salvado la vida de miles de israel\u00edes de terroristas palestinos que provienen de Cisjordania (tambi\u00e9n conocida como la regi\u00f3n b\u00edblica de Judea y Samaria), seg\u00fan funcionarios antiterroristas en Israel.<\/p>\n<p> <!----> <\/p>\n<div class=\"article-meta\">\n<div class=\"author-bio\">\n<p>Benjamin Weinthal informa sobre Israel, Ir\u00e1n, Siria, Turqu\u00eda y Europa. Puede seguir a Benjamin en Twitter @benweinthal y enviarle un correo electr\u00f3nico a benjamin.weinthal@fox.com<\/p>\n<\/div>\n<\/div>\n<\/div>\n\n","protected":false},"excerpt":{"rendered":"<p>NUEVO\u00a1Ahora puedes escuchar art\u00edculos de Fox News! El due\u00f1o de una tienda alemana en la ciudad del norte de Flensburg public\u00f3 una se\u00f1al el mi\u00e9rcoles de que a los jud\u00edos se les proh\u00edbe ingresar a su tienda, provocando indignaci\u00f3n entre los funcionarios estatales en Schleswig-Holstein. Hans-Velten Reisch, el propietario de la tienda de 60 a\u00f1os &hellip;<\/p>\n","protected":false},"author":1,"featured_media":43938,"comment_status":"open","ping_status":"open","sticky":false,"template":"","format":"standard","meta":{"fifu_image_url":"https:\/\/static.foxnews.com\/foxnews.com\/content\/uploads\/2025\/09\/dorit-stenke-gerhard-ulrich-split-schleswig-holstein-germany.jpg","fifu_image_alt":"","footnotes":""},"categories":[13],"tags":[],"class_list":["post-43936","post","type-post","status-publish","format-standard","has-post-thumbnail","","category-mundo"],"_links":{"self":[{"href":"https:\/\/noticiasveraces.com\/index.php?rest_route=\/wp\/v2\/posts\/43936","targetHints":{"allow":["GET"]}}],"collection":[{"href":"https:\/\/noticiasveraces.com\/index.php?rest_route=\/wp\/v2\/posts"}],"about":[{"href":"https:\/\/noticiasveraces.com\/index.php?rest_route=\/wp\/v2\/types\/post"}],"author":[{"embeddable":true,"href":"https:\/\/noticiasveraces.com\/index.php?rest_route=\/wp\/v2\/users\/1"}],"replies":[{"embeddable":true,"href":"https:\/\/noticiasveraces.com\/index.php?rest_route=%2Fwp%2Fv2%2Fcomments&post=43936"}],"version-history":[{"count":0,"href":"https:\/\/noticiasveraces.com\/index.php?rest_route=\/wp\/v2\/posts\/43936\/revisions"}],"wp:featuredmedia":[{"embeddable":true,"href":"https:\/\/noticiasveraces.com\/index.php?rest_route=\/wp\/v2\/media\/43938"}],"wp:attachment":[{"href":"https:\/\/noticiasveraces.com\/index.php?rest_route=%2Fwp%2Fv2%2Fmedia&parent=43936"}],"wp:term":[{"taxonomy":"category","embeddable":true,"href":"https:\/\/noticiasveraces.com\/index.php?rest_route=%2Fwp%2Fv2%2Fcategories&post=43936"},{"taxonomy":"post_tag","embeddable":true,"href":"https:\/\/noticiasveraces.com\/index.php?rest_route=%2Fwp%2Fv2%2Ftags&post=43936"}],"curies":[{"name":"wp","href":"https:\/\/api.w.org\/{rel}","templated":true}]}}