{"id":43932,"date":"2025-09-21T15:25:23","date_gmt":"2025-09-21T19:25:23","guid":{"rendered":"https:\/\/noticiasveraces.com\/?p=43932"},"modified":"2025-09-21T15:25:23","modified_gmt":"2025-09-21T19:25:23","slug":"los-fanaticos-de-medik8-dicen-que-las-lineas-finas-se-reducen-con-crema-de-colageno","status":"publish","type":"post","link":"https:\/\/noticiasveraces.com\/?p=43932","title":{"rendered":"Los fan\u00e1ticos de Medik8 dicen que las l\u00edneas finas se reducen con crema de col\u00e1geno"},"content":{"rendered":"<p> \n<\/p>\n<div>\n<p>Los fan\u00e1ticos de la belleza han elogiado un producto de la marca de cuidado de la piel dermatol\u00f3gica brit\u00e1nica Medik8 despu\u00e9s de notar que lo que dicen es una \u00abmejora significativa\u00bb desde que lo us\u00e9.<\/p>\n<p data-mce-linkchecker-status=\"valid\">La avanzada crema pro-col\u00e1geno+ p\u00e9ptido, que cuesta \u00a3 79 por 50 ml, ha sido \u00abformulado por expertos para apuntar a signos m\u00e1s profundos de envejecimiento de la piel\u00bb, dice la marca. Esta crema hidratante antihorreal funciona para mejorar los contornos faciales en siete d\u00edas.<\/p>\n<p data-mce-linkchecker-status=\"valid\">El col\u00e1geno es una prote\u00edna en el cuerpo y a menudo se describe como el bloque de construcci\u00f3n de la piel, el cabello, las u\u00f1as y los huesos sanos. Tambi\u00e9n a menudo se cita como uno de los muchos factores clave para la piel de aspecto juvenil y saludable, incluida su eficiencia en la mejora de la elasticidad de la piel.<\/p>\n<\/div>\n<div>\n<p>Esta crema funciona con un tr\u00edo de ingredientes activos avanzados y ayuda a aumentar la producci\u00f3n de col\u00e1geno en un 45%, dice Medik8. Como parte del rango que desaf\u00eda la edad de Medik8, esta crema funciona para \u00abmejorar visiblemente la firmeza en la piel en siete d\u00edas\u00bb y tambi\u00e9n ayuda con la reducci\u00f3n de arrugas profundas, con el objetivo de reducir la profundidad de las arrugas en siete d\u00edas.<\/p>\n<p>Este a\u00f1o, Medik8, fundada en 2009 por el cient\u00edfico del Reino Unido, Elliot Isaacs, fue nombrado ganador de dos premios de belleza CEW, incluido el premio a la mejor marca brit\u00e1nica. Dicen que la crema avanzada pro-col\u00e1geno+ p\u00e9ptido se ha formulado para el uso diurno y nocturno, por lo que se puede colocar en capas bajo un SPF y maquillaje durante el d\u00eda, y por la noche ayuda a hidratar la piel durante el sue\u00f1o. La marca recomienda usarlo despu\u00e9s de la limpieza por la ma\u00f1ana y la noche, con una aplicaci\u00f3n uniformemente sobre el cuello, la cara y el decolletaje.<\/p>\n<p>Tiene como uno de sus ingredientes clave NAD+, que es la abreviatura de nicotinamida adenina dinucle\u00f3tido, una coenzima que se encuentra en las c\u00e9lulas del cuerpo. Medik8 dice en su sitio web: \u00abA menudo se describe como una &#8216;bater\u00eda celular&#8217;, alimenta procesos esenciales como la producci\u00f3n de energ\u00eda, la reparaci\u00f3n del ADN, la regulaci\u00f3n de la inflamaci\u00f3n y la salud celular general. Todo lo cual es cr\u00edtico para mantener la piel juvenil y de aspecto resistente\u00bb.<\/p>\n<p>Para los aficionados a la belleza que desean comprar, la crema de noche pro-col\u00e1geno de Elemis cuesta \u00a3 115, en el extremo m\u00e1s empinado del presupuesto, por 50 ml. Esta crema ayuda a reducir significativamente la apariencia de l\u00edneas finas y arrugas en 14 d\u00edas, dice Elemis. Infundido con aceites de s\u00e9samo y aguacate, funciona durante la noche para apuntar a los signos del envejecimiento.<\/p>\n<\/div>\n<div>\n<p>Otro producto a tener en cuenta es la crema de col\u00e1geno Boots &#8216;Collagen SPF30, que cuesta \u00a3 12 por 50 ml. Esta crema es para uso diario, como su nombre lo indica y se describe como liviano y no grasiento, al tiempo que tiene SPF30 para proteger la piel de los rayos UVA y UVB. Boots dice que la crema \u00abreduce visiblemente la apariencia de l\u00edneas y arrugas para una piel m\u00e1s suave y de aspecto m\u00e1s joven\u00bb.<\/p>\n<p>Pero los compradores de Medik8 no se han contenido con sus comentarios positivos para la crema avanzada pro-col\u00e1geno+ p\u00e9ptido, con un cr\u00edtico que dice: \u00abMis l\u00edneas finas en mis mejillas y alrededor de mi boca definitivamente se han reducido. Cuando vi el producto anunciado, pens\u00e9\u00bb \u00a1Oh, otra l\u00ednea reduciendo la crema! \u00bb Y aunque era esc\u00e9ptico, compr\u00e9 el art\u00edculo y despu\u00e9s de usarlo durante poco m\u00e1s de una semana, junto con los otros productos recomendados para el d\u00eda y la noche, puedo decir honestamente la crema avanzada pro-col\u00e1geno + p\u00e9ptido funciona.<\/p>\n<p>\u00abLa textura es cremosa y se derrite en la piel perfectamente y me sorprende lo bien que mi piel se ve ahora. Y, el precio, tambi\u00e9n es m\u00e1gico. Recomiendo a los lectores que prueben el producto, no perder\u00e1n su dinero. Un maravilloso producto de trabajo Medik8, gracias\u00bb.<\/p>\n<p>Alguien m\u00e1s dijo: \u00abEstoy una semana y amo, me encanta este producto. Lo estoy usando como parte de mi r\u00e9gimen de cuidado de la piel Medik8, y definitivamente viendo resultados positivos. Mis l\u00edneas finas parecen reducidas y mi piel se siente tan suave e hidratada. He usado la crema en mi cuello y el descoletaje y not\u00e9 una mejora significativa\u00bb.<\/p>\n<p>Un tercer cliente dijo: \u00abTengo una rutina bastante completa de los productos Medik8 que est\u00e1n ayudando a reducir las l\u00edneas y arrugas en mi cara a medida que envejezco. Esta es una adici\u00f3n nueva a su gama y, como de costumbre, tom\u00e9 consejos sobre si agregarlo o reemplazar algo m\u00e1s en mi r\u00e9gimen diario. Es sorprendente.<\/p>\n<p>\u00abNot\u00e9 espec\u00edficamente en la ma\u00f1ana la falta de l\u00edneas en mi cara. Durante la noche, mi piel parece secarse y estar m\u00e1s arrugada por la ma\u00f1ana, pero con este producto que ya no ocurre. Estoy tan contento de que la estoy usando tanto de la ma\u00f1ana como la noche, bien hecha, mediante la medici\u00f3n y gracias. La piel parece m\u00e1s plumosa y m\u00e1s ruidosa tambi\u00e9n m\u00e1s hilada\u00bb.<\/p>\n<p>Hubo ligeros inconvenientes para algunos, y una persona se\u00f1al\u00f3: \u00abRaramente rara vez romp\u00ed y termin\u00e9 con una mancha despu\u00e9s de usar el producto durante aproximadamente 2 semanas. \u00a1De lo contrario, el nivel de humedad es sorprendente para mi piel s\u00faper seca!\u00bb.<\/p>\n<p>Mientras que otra persona dijo como parte de su revisi\u00f3n de cuatro estrellas: \u00abTengo una piel combinada y propensa al acn\u00e9 y no me rompi\u00f3 la piel. Aunque no vi una gran mejora en mis l\u00edneas finas, sent\u00ed que mi piel es generalmente m\u00e1s saludable y se ve m\u00e1s regordeta. Ojal\u00e1 viniera con una esp\u00e1tula pero todav\u00eda me gusta el lujoso empaque y realmente estoy disfrutando de la crema\u00bb.<\/p>\n<\/div>\n\n","protected":false},"excerpt":{"rendered":"<p>Los fan\u00e1ticos de la belleza han elogiado un producto de la marca de cuidado de la piel dermatol\u00f3gica brit\u00e1nica Medik8 despu\u00e9s de notar que lo que dicen es una \u00abmejora significativa\u00bb desde que lo us\u00e9. La avanzada crema pro-col\u00e1geno+ p\u00e9ptido, que cuesta \u00a3 79 por 50 ml, ha sido \u00abformulado por expertos para apuntar a &hellip;<\/p>\n","protected":false},"author":1,"featured_media":43933,"comment_status":"open","ping_status":"open","sticky":false,"template":"","format":"standard","meta":{"fifu_image_url":"https:\/\/cdn.images.express.co.uk\/img\/dynamic\/12\/1200x630\/6431080.jpg","fifu_image_alt":"","footnotes":""},"categories":[763],"tags":[],"class_list":["post-43932","post","type-post","status-publish","format-standard","has-post-thumbnail","","category-estilo-de-vida"],"_links":{"self":[{"href":"https:\/\/noticiasveraces.com\/index.php?rest_route=\/wp\/v2\/posts\/43932","targetHints":{"allow":["GET"]}}],"collection":[{"href":"https:\/\/noticiasveraces.com\/index.php?rest_route=\/wp\/v2\/posts"}],"about":[{"href":"https:\/\/noticiasveraces.com\/index.php?rest_route=\/wp\/v2\/types\/post"}],"author":[{"embeddable":true,"href":"https:\/\/noticiasveraces.com\/index.php?rest_route=\/wp\/v2\/users\/1"}],"replies":[{"embeddable":true,"href":"https:\/\/noticiasveraces.com\/index.php?rest_route=%2Fwp%2Fv2%2Fcomments&post=43932"}],"version-history":[{"count":0,"href":"https:\/\/noticiasveraces.com\/index.php?rest_route=\/wp\/v2\/posts\/43932\/revisions"}],"wp:featuredmedia":[{"embeddable":true,"href":"https:\/\/noticiasveraces.com\/index.php?rest_route=\/wp\/v2\/media\/43933"}],"wp:attachment":[{"href":"https:\/\/noticiasveraces.com\/index.php?rest_route=%2Fwp%2Fv2%2Fmedia&parent=43932"}],"wp:term":[{"taxonomy":"category","embeddable":true,"href":"https:\/\/noticiasveraces.com\/index.php?rest_route=%2Fwp%2Fv2%2Fcategories&post=43932"},{"taxonomy":"post_tag","embeddable":true,"href":"https:\/\/noticiasveraces.com\/index.php?rest_route=%2Fwp%2Fv2%2Ftags&post=43932"}],"curies":[{"name":"wp","href":"https:\/\/api.w.org\/{rel}","templated":true}]}}