{"id":43899,"date":"2025-09-21T07:10:16","date_gmt":"2025-09-21T11:10:16","guid":{"rendered":"https:\/\/noticiasveraces.com\/?p=43899"},"modified":"2025-09-21T07:10:16","modified_gmt":"2025-09-21T11:10:16","slug":"el-keniata-sabastian-sawe-gana-el-maraton-de-berlin-dw-21-09-2025","status":"publish","type":"post","link":"https:\/\/noticiasveraces.com\/?p=43899","title":{"rendered":"El keniata Sabastian Sawe gana el marat\u00f3n de Berl\u00edn \u2013 DW \u2013 21\/09\/2025"},"content":{"rendered":"<p> \n<\/p>\n<div data-tracking-name=\"rich-text\" data-tracking-skip=\"true\">\n<p>El keniato Sabastian Sawe se consolid\u00f3 este domingo (21.09.2025) como el mejor corredor de marat\u00f3n del mundo al ganar el de Berl\u00edn, en su tercera victoria seguida tras los de Valencia y Londres, con un crono de 2:02&#8217;15\u00bb, por lo que no logr\u00f3 su objetivo de batir el r\u00e9cord del mundo de su compatriota Kelvin Kiptum (2:00&#8217;35\u00bb) logrado en 2023 en Chicago, Estados Unidos.<\/p>\n<p>Sawe, de 30 a\u00f1os, cubri\u00f3 la primera mitad del recorrido en un tiempo de 1:00&#8217;16\u00bb, con un ritmo de 2&#8217;50\u00bb por kil\u00f3metro, lo que le situaba por encima de la marca que hizo Kiptum (1:00&#8217;48\u00bb), fallecido en febrero de 2024 en un accidente de tr\u00e1fico.<\/p>\n<h2>La mejor marca del a\u00f1o<\/h2>\n<p>Sin embargo, en una carrera marcada por el calor, no pudo aguantar el ritmo en la segunda parte del trazado y acab\u00f3 por encima de las dos horas y dos minutos, diez segundos por encima de su marca conseguida en Valencia en diciembre de 2024 (2:02&#8217;05\u00bb) en su debut en la prueba de los 42,195 kil\u00f3metros. Sin embargo, es el noveno mejor tiempo en la historia del marat\u00f3n y la mejor marca del a\u00f1o.<\/p>\n<p>Wanjiru rein\u00f3 en categor\u00eda femenina, con un tiempo no oficial de 2:21&#8217;05\u00bb, siendo 12 minutos m\u00e1s lenta que el r\u00e9cord del mundo de su compatriota Ruth Chepngetich, 2:09&#8217;56\u00bb, logrado en Chicago en 2024. Sola en la cabeza de la carrera en el kil\u00f3metro 30, la keniana hab\u00eda logrado cerca de un minuto de ventaja sobre la et\u00edope Dera Dida a poco m\u00e1s de cinco kil\u00f3metros de la meta, pero esta remont\u00f3, finalizando en 2:21&#8217;08\u00bb, a tres segundos de Wanjiru.<\/p>\n<p>LGC (EFE, AFP)<\/p>\n<\/div>\n\n","protected":false},"excerpt":{"rendered":"<p>El keniato Sabastian Sawe se consolid\u00f3 este domingo (21.09.2025) como el mejor corredor de marat\u00f3n del mundo al ganar el de Berl\u00edn, en su tercera victoria seguida tras los de Valencia y Londres, con un crono de 2:02&#8217;15\u00bb, por lo que no logr\u00f3 su objetivo de batir el r\u00e9cord del mundo de su compatriota Kelvin &hellip;<\/p>\n","protected":false},"author":1,"featured_media":43900,"comment_status":"open","ping_status":"open","sticky":false,"template":"","format":"standard","meta":{"fifu_image_url":"https:\/\/static.dw.com\/image\/74079613_6.jpg","fifu_image_alt":"","footnotes":""},"categories":[13],"tags":[],"class_list":["post-43899","post","type-post","status-publish","format-standard","has-post-thumbnail","","category-mundo"],"_links":{"self":[{"href":"https:\/\/noticiasveraces.com\/index.php?rest_route=\/wp\/v2\/posts\/43899","targetHints":{"allow":["GET"]}}],"collection":[{"href":"https:\/\/noticiasveraces.com\/index.php?rest_route=\/wp\/v2\/posts"}],"about":[{"href":"https:\/\/noticiasveraces.com\/index.php?rest_route=\/wp\/v2\/types\/post"}],"author":[{"embeddable":true,"href":"https:\/\/noticiasveraces.com\/index.php?rest_route=\/wp\/v2\/users\/1"}],"replies":[{"embeddable":true,"href":"https:\/\/noticiasveraces.com\/index.php?rest_route=%2Fwp%2Fv2%2Fcomments&post=43899"}],"version-history":[{"count":0,"href":"https:\/\/noticiasveraces.com\/index.php?rest_route=\/wp\/v2\/posts\/43899\/revisions"}],"wp:featuredmedia":[{"embeddable":true,"href":"https:\/\/noticiasveraces.com\/index.php?rest_route=\/wp\/v2\/media\/43900"}],"wp:attachment":[{"href":"https:\/\/noticiasveraces.com\/index.php?rest_route=%2Fwp%2Fv2%2Fmedia&parent=43899"}],"wp:term":[{"taxonomy":"category","embeddable":true,"href":"https:\/\/noticiasveraces.com\/index.php?rest_route=%2Fwp%2Fv2%2Fcategories&post=43899"},{"taxonomy":"post_tag","embeddable":true,"href":"https:\/\/noticiasveraces.com\/index.php?rest_route=%2Fwp%2Fv2%2Ftags&post=43899"}],"curies":[{"name":"wp","href":"https:\/\/api.w.org\/{rel}","templated":true}]}}