{"id":43886,"date":"2025-09-21T06:09:25","date_gmt":"2025-09-21T10:09:25","guid":{"rendered":"https:\/\/noticiasveraces.com\/?p=43886"},"modified":"2025-09-21T06:09:25","modified_gmt":"2025-09-21T10:09:25","slug":"reino-unido-podria-reconocer-hoy-a-palestina-como-estado-dw-21-09-2025","status":"publish","type":"post","link":"https:\/\/noticiasveraces.com\/?p=43886","title":{"rendered":"Reino Unido podr\u00eda reconocer hoy a Palestina como Estado \u2013 DW \u2013 21\/09\/2025"},"content":{"rendered":"<p> \n<\/p>\n<div data-tracking-name=\"rich-text\" data-tracking-skip=\"true\">\n<p>El ministro de Exteriores brit\u00e1nico y vice primer ministro declar\u00f3 el domingo (21.09.2025) que reconocer un Estado palestino no lo crear\u00eda de la noche a la ma\u00f1ana, y enfatiz\u00f3 que este reconocimiento debe formar parte de un proceso de paz m\u00e1s amplio. \u00abCualquier paso hacia su reconocimiento se debe a que deseamos mantener vivas las perspectivas de una soluci\u00f3n de dos Estados\u00bb, declar\u00f3 David Lammy a Sky News, a\u00f1adiendo que el primer ministro,\u00a0Keir Starmer, tomar\u00eda una decisi\u00f3n sobre el reconocimiento de un Estado palestino este mismo domingo.<\/p>\n<p>Varios medios brit\u00e1nicos adelantaban esta ma\u00f1ana que Starmer anunciar\u00eda de forma oficial este domingo por la tarde el reconocimiento oficial del Estado de Palestina. El pasado 29 de julio, el jefe del Gobierno brit\u00e1nico ya anticip\u00f3 que el reconocimiento del Estado palestino se llevar\u00eda a cabo en septiembre, antes de la celebraci\u00f3n de la Asamblea General de la ONU, si Israel no cumpl\u00eda con una serie de condiciones, como dar pasos para acabar con la \u00abcatastr\u00f3fica situaci\u00f3n en Gaza\u00bb, decretar un alto el fuego o asegurar la no anexi\u00f3n de Cisjordania.<\/p>\n<h2>La situaci\u00f3n humanitaria no ha mejorado<\/h2>\n<p>En este periodo de tiempo, se ha intensificado la ofensiva militar del Gobierno israel\u00ed de Benjam\u00edn Netanyahu\u00a0en la Franja, as\u00ed como la crisis humanitaria y la hambruna provocadas por una guerra que est\u00e1 a punto de cumplir dos a\u00f1os y ya se ha saldado con la vida de m\u00e1s de 65.000 palestinos, de acuerdo con las cifras del Ministerio de Salud de Gaza, dirigido por Ham\u00e1s,\u00a0considerado una organizaci\u00f3n terrorista tanto por Israel como por otros pa\u00edses, incluidos Estados Unidos o la Uni\u00f3n Europea. A principios de esta semana, adem\u00e1s, una comisi\u00f3n de investigaci\u00f3n de las Naciones Unidas concluy\u00f3 que Israel hab\u00eda cometido genocidio contra los palestinos en Gaza.<\/p>\n<p>En estos meses, el Reino Unido tambi\u00e9n expres\u00f3 su rotunda condena al plan de expansi\u00f3n de asentamientos junto a Jerusal\u00e9n Este, en la zona conocida como E1, que en la pr\u00e1ctica acabar\u00eda con la viabilidad de un futuro Estado palestino. El anuncio de Starmer llegar\u00eda apenas unos d\u00edas despu\u00e9s de la visita de Estado del presidente estadounidense, Donald Trump, que ya expres\u00f3 su \u00abdesacuerdo\u00bb con la posici\u00f3n del l\u00edder laborista sobre el reconocimiento del Estado palestino en una rueda de prensa conjunta esta semana.<\/p>\n<p>LGC (Reuters, Efe)<\/p>\n<\/div>\n\n","protected":false},"excerpt":{"rendered":"<p>El ministro de Exteriores brit\u00e1nico y vice primer ministro declar\u00f3 el domingo (21.09.2025) que reconocer un Estado palestino no lo crear\u00eda de la noche a la ma\u00f1ana, y enfatiz\u00f3 que este reconocimiento debe formar parte de un proceso de paz m\u00e1s amplio. \u00abCualquier paso hacia su reconocimiento se debe a que deseamos mantener vivas las &hellip;<\/p>\n","protected":false},"author":1,"featured_media":43887,"comment_status":"open","ping_status":"open","sticky":false,"template":"","format":"standard","meta":{"fifu_image_url":"https:\/\/static.dw.com\/image\/70210681_6.jpg","fifu_image_alt":"","footnotes":""},"categories":[13],"tags":[],"class_list":["post-43886","post","type-post","status-publish","format-standard","has-post-thumbnail","","category-mundo"],"_links":{"self":[{"href":"https:\/\/noticiasveraces.com\/index.php?rest_route=\/wp\/v2\/posts\/43886","targetHints":{"allow":["GET"]}}],"collection":[{"href":"https:\/\/noticiasveraces.com\/index.php?rest_route=\/wp\/v2\/posts"}],"about":[{"href":"https:\/\/noticiasveraces.com\/index.php?rest_route=\/wp\/v2\/types\/post"}],"author":[{"embeddable":true,"href":"https:\/\/noticiasveraces.com\/index.php?rest_route=\/wp\/v2\/users\/1"}],"replies":[{"embeddable":true,"href":"https:\/\/noticiasveraces.com\/index.php?rest_route=%2Fwp%2Fv2%2Fcomments&post=43886"}],"version-history":[{"count":0,"href":"https:\/\/noticiasveraces.com\/index.php?rest_route=\/wp\/v2\/posts\/43886\/revisions"}],"wp:featuredmedia":[{"embeddable":true,"href":"https:\/\/noticiasveraces.com\/index.php?rest_route=\/wp\/v2\/media\/43887"}],"wp:attachment":[{"href":"https:\/\/noticiasveraces.com\/index.php?rest_route=%2Fwp%2Fv2%2Fmedia&parent=43886"}],"wp:term":[{"taxonomy":"category","embeddable":true,"href":"https:\/\/noticiasveraces.com\/index.php?rest_route=%2Fwp%2Fv2%2Fcategories&post=43886"},{"taxonomy":"post_tag","embeddable":true,"href":"https:\/\/noticiasveraces.com\/index.php?rest_route=%2Fwp%2Fv2%2Ftags&post=43886"}],"curies":[{"name":"wp","href":"https:\/\/api.w.org\/{rel}","templated":true}]}}