{"id":43871,"date":"2025-09-21T00:46:15","date_gmt":"2025-09-21T04:46:15","guid":{"rendered":"https:\/\/noticiasveraces.com\/?p=43871"},"modified":"2025-09-21T00:46:15","modified_gmt":"2025-09-21T04:46:15","slug":"california-prohibira-a-agentes-del-ice-ocultar-su-identidad-dw-21-09-2025","status":"publish","type":"post","link":"https:\/\/noticiasveraces.com\/?p=43871","title":{"rendered":"California prohibir\u00e1 a agentes del ICE ocultar su identidad \u2013 DW \u2013 21\/09\/2025"},"content":{"rendered":"<p> \n<\/p>\n<div data-tracking-name=\"rich-text\" data-tracking-skip=\"true\">\n<p>El gobernador de California (EE.UU.), Gavin Newsom, firm\u00f3 el s\u00e1bado (20.09.2025) una ley que proh\u00edbe a los agentes del Servicio de Inmigraci\u00f3n (ICE) ocultar su identidad, con la meta de\u00a0combatir el \u00abmiedo y terror\u00bb provocado por las redadas en el estado, y que entrar\u00e1 en vigor en enero.<\/p>\n<p>Newsom se desplaz\u00f3 a Los \u00c1ngeles, la ciudad simb\u00f3lica de las redadas indiscriminadas del ICE, para firmar un paquete legislativo que incluye la llamada \u00abLey contra la Polic\u00eda Secreta\u00bb y otras medidas que limitan el acceso de los agentes de inmigraci\u00f3n a las escuelas y hospitales.<\/p>\n<p>En un comunicado, la oficina de Newsom destac\u00f3 que se trata de la primera ley de EE.UU. que veta a los agentes del ICE enmascarados, y el propio pol\u00edtico acompa\u00f1\u00f3 su firma de una nota en la que arremete contra las pol\u00edticas migratorias del presidente Donald Trump.<\/p>\n<blockquote class=\"tweet embed\" data-id=\"1969507441709891898\"\/>\n<p>\u00abEstados Unidos no deber\u00eda ser un pa\u00eds en el que una &#8216;polic\u00eda secreta&#8217; enmascarada agarra a la gente en las calles y la tira en furgonetas sin letreros y se va\u00bb, dijo el pol\u00edtico dem\u00f3crata, que reivindica que los ciudadanos \u00abdeben saber que est\u00e1n interactuando con agentes leg\u00edtimos\u00bb.<\/p>\n<p>En ese sentido, otra de las leyes, que entr\u00f3 en efecto inmediatamente, dice que los agentes de inmigraci\u00f3n y de las fuerzas del orden deber\u00e1n exponer su nombre o n\u00famero de placa en el estado de California, y no podr\u00e1n llevar m\u00e1scara \u00abexcepto si es absolutamente necesario\u00bb.<\/p>\n<p>Las medidas tambi\u00e9n implican que los agentes del ICE necesitar\u00e1n una orden judicial para acceder a las aulas de las escuelas, donde las familias ser\u00e1n notificadas si hay una redada, y a las salas de emergencias del hospital, y adem\u00e1s protegen la informaci\u00f3n de estudiantes y pacientes.<\/p>\n<p>Desde este verano, numerosos agentes de ICE desplegados en la campa\u00f1a de arrestos y deportaciones del Gobierno de Trump no se han identificado durante sus operaciones, cosa que ha desatado cr\u00edticas sobre los procedimientos \u00e9ticos y legales por parte de organizaciones de migrantes.<\/p>\n<p>GS (EFE, ABC7)<\/p>\n<div class=\"vjs-wrapper embed big\">\n<h2 aria-label=\"Video integrado \u2014 Redadas de inmigraci\u00f3n avivan el miedo en California\" class=\"headline\"><svg xmlns=\"http:\/\/www.w3.org\/2000\/svg\" viewbox=\"0 0 20 20\"><g fill-rule=\"evenodd\"><path d=\"M14.114 7.599H13.5l.002 4.706h.601l4.582 3.25-.005-11.11zM11.084 4.444l-9.007.002-1.336.797.002 9.514 1.334.793 9.007.006 1.509-.799-.004-9.516z\"\/><\/g><\/svg>Redadas de inmigraci\u00f3n avivan el miedo en California<\/h2>\n<p><video id=\"video-73374796\" controls=\"\" playsinline=\"\" preload=\"none\" poster=\"data:image\/png;base64,iVBORw0KGgoAAAANSUhEUgAAAAEAAAABCAQAAAC1HAwCAAAAC0lEQVR42mNkYAAAAAYAAjCB0C8AAAAASUVORK5CYII=\" data-id=\"73374796\" data-posterurl=\"https:\/\/static.dw.com\/image\/73374253_605.webp\" data-duration=\"04:00\"><source src=\"https:\/\/hlsvod.dw.com\/i\/dwtv_video\/flv\/js\/js20250722_FARMER_,AVC_480x270,AVC_512x288,AVC_640x360,AVC_960x540,AVC_1280x720,AVC_1920x1080,.mp4.csmil\/master.m3u8\" type=\"application\/x-mpegURL\"><source src=\"https:\/\/tvdownloaddw-a.akamaihd.net\/dwtv_video\/flv\/js\/js20250722_FARMER_AVC_1920x1080.mp4\" type=\"video\/mp4\"><track src=\"https:\/\/www.dw.com\/media\/subtitles\/73442562\" srclang=\"es\" label=\"SPANISH\" default=\"\"><p class=\"vjs-no-js\">Para ver este video, habilite JavaScript y considere actualizar a un navegador web que admite el video HTML5<\/p>\n<\/track><\/source><\/source><\/video><\/div>\n<\/div>\n\n","protected":false},"excerpt":{"rendered":"<p>El gobernador de California (EE.UU.), Gavin Newsom, firm\u00f3 el s\u00e1bado (20.09.2025) una ley que proh\u00edbe a los agentes del Servicio de Inmigraci\u00f3n (ICE) ocultar su identidad, con la meta de\u00a0combatir el \u00abmiedo y terror\u00bb provocado por las redadas en el estado, y que entrar\u00e1 en vigor en enero. Newsom se desplaz\u00f3 a Los \u00c1ngeles, la &hellip;<\/p>\n","protected":false},"author":1,"featured_media":43872,"comment_status":"open","ping_status":"open","sticky":false,"template":"","format":"standard","meta":{"fifu_image_url":"https:\/\/static.dw.com\/image\/73225294_6.jpg","fifu_image_alt":"","footnotes":""},"categories":[13],"tags":[],"class_list":["post-43871","post","type-post","status-publish","format-standard","has-post-thumbnail","","category-mundo"],"_links":{"self":[{"href":"https:\/\/noticiasveraces.com\/index.php?rest_route=\/wp\/v2\/posts\/43871","targetHints":{"allow":["GET"]}}],"collection":[{"href":"https:\/\/noticiasveraces.com\/index.php?rest_route=\/wp\/v2\/posts"}],"about":[{"href":"https:\/\/noticiasveraces.com\/index.php?rest_route=\/wp\/v2\/types\/post"}],"author":[{"embeddable":true,"href":"https:\/\/noticiasveraces.com\/index.php?rest_route=\/wp\/v2\/users\/1"}],"replies":[{"embeddable":true,"href":"https:\/\/noticiasveraces.com\/index.php?rest_route=%2Fwp%2Fv2%2Fcomments&post=43871"}],"version-history":[{"count":0,"href":"https:\/\/noticiasveraces.com\/index.php?rest_route=\/wp\/v2\/posts\/43871\/revisions"}],"wp:featuredmedia":[{"embeddable":true,"href":"https:\/\/noticiasveraces.com\/index.php?rest_route=\/wp\/v2\/media\/43872"}],"wp:attachment":[{"href":"https:\/\/noticiasveraces.com\/index.php?rest_route=%2Fwp%2Fv2%2Fmedia&parent=43871"}],"wp:term":[{"taxonomy":"category","embeddable":true,"href":"https:\/\/noticiasveraces.com\/index.php?rest_route=%2Fwp%2Fv2%2Fcategories&post=43871"},{"taxonomy":"post_tag","embeddable":true,"href":"https:\/\/noticiasveraces.com\/index.php?rest_route=%2Fwp%2Fv2%2Ftags&post=43871"}],"curies":[{"name":"wp","href":"https:\/\/api.w.org\/{rel}","templated":true}]}}