{"id":43860,"date":"2025-09-20T22:16:18","date_gmt":"2025-09-21T02:16:18","guid":{"rendered":"https:\/\/noticiasveraces.com\/?p=43860"},"modified":"2025-09-20T22:16:18","modified_gmt":"2025-09-21T02:16:18","slug":"un-dia-fueron-heroes-de-colombia-pero-hoy-son-olvidados-y-nadie-se-acuerda-de-ellos-curiosidades-de-futbol","status":"publish","type":"post","link":"https:\/\/noticiasveraces.com\/?p=43860","title":{"rendered":"Un d\u00eda fueron h\u00e9roes de Colombia, pero hoy son olvidados y nadie se acuerda de ellos | Curiosidades de f\u00fatbol"},"content":{"rendered":"<p> \n<\/p>\n<div id=\"cuerpoArticulo\">\n<p class=\"texto intro cnx-companion-firstparagraph\" id=\"p255529-m678-677-679\"><b>Colombia ha tenido grandes futbolistas a lo largo de varias generaciones<\/b>. Hoy en d\u00eda destacan jugadores como Luis D\u00edaz, quien fue criticado en Alemania recientemente. Sin embargo, si bien es cierto que algunos jugadores dejaron su huella con la Selecci\u00f3n Colombia en momentos puntuales, <b>hoy no todos son recordados por los aficionados<\/b>.<\/p>\n<p><span class=\"articulo-subtitulo subtitulo2 espacio-contenido cnx-companion-subtitle\" id=\"p255529-m696-2-697\">Ellos son los futbolistas que brillaron en Colombia pero fueron olvidados<br \/><\/span><\/p>\n<p class=\"texto contenido-parrafo-articulo cnx-companion-paragraph\" id=\"p255529-m702-3-703\"><b>Jackson Mart\u00ednez<\/b><\/p>\n<p class=\"texto contenido-parrafo-articulo cnx-companion-paragraph\" id=\"p255529-m708-4-709\">Fue parte importante del proceso que llev\u00f3 a Colombia al Mundial de Brasil 2014. Aunque no era titular fijo por la presencia de Radamel Falcao y Teo Guti\u00e9rrez, dej\u00f3 su huella. <b>Marc\u00f3 doblete contra Jap\u00f3n en fase de grupos en el Mundial 2014<\/b>. Sin embargo, las lesiones lo acabaron y se retir\u00f3 a una temprana edad para ser cantante. Hoy pocos lo recuerdan pese a ser goleador en el Porto y tambi\u00e9n en Colombia.<\/p>\n<div class=\"fotografia caja-articulo\" id=\"p255529-m714-5-715\">\n<div class=\"imagen-cuerpo-bk\">\n<figure itemscope=\"\" itemtype=\"https:\/\/schema.org\/ImageObject\" itemprop=\"image\" id=\"m719-718-720\" class=\"foto-galeria-articulo imagen-articulo foto-texto-articulo-galeria\"><img decoding=\"async\" alt=\"Jackson Mart\u00ednez\" src=\"data:image\/png;base64,iVBORw0KGgoAAAANSUhEUgAAAAEAAAABCAQAAAC1HAwCAAAAC0lEQVR42mP8\/x0AAvsB+DlKarAAAAAASUVORK5CYII=\" style=\" display: inline;\" data-original=\"\/files\/article_content\/uploads\/2022\/01\/28\/61f4bf919b5e2.jpeg\"\/><meta itemprop=\"width\" content=\"600\"\/><meta itemprop=\"height\" content=\"450\"\/> <meta itemprop=\"url\" content=\"https:\/\/www.futbolred.com\/files\/article_content\/uploads\/2022\/01\/28\/61f4bf919b5e2.jpeg\"\/><\/figure>\n<\/div>\n<div class=\"figcaption-cuerpo-bk credito-image-bk\"><figcaption class=\"foto-info\">\n<div class=\"titulo-foto-bk\">\n<p id=\"m726-1-727\" class=\"titulo pie-de-foto\">Jackson Mart\u00ednez con la Selecci\u00f3n, 2009.<\/p>\n<\/div>\n<p class=\"credito\">\n                            <span class=\"linea pre_credito\">Foto:<\/span><\/p>\n<p>                        <span id=\"m732-2-733\" class=\"autor\">Efusi\u00f3n<\/span><\/p>\n<\/figcaption><\/div>\n<\/p><\/div>\n<p class=\"texto contenido-parrafo-articulo cnx-companion-paragraph\" id=\"p255529-m740-6-741\"><b>John Vi\u00e1fara<\/b><\/p>\n<p class=\"texto contenido-parrafo-articulo cnx-companion-paragraph\" id=\"p255529-m746-7-747\">Fue clave en la Copa Am\u00e9rica 2004, <b>con un golazo de media distancia contra Argentina que todav\u00eda muchos recuerdan<\/b>. Jug\u00f3 en la Premier League con el Portsmouth, pero nunca consolid\u00f3 una carrera larga en Europa. Hoy casi no se menciona como referente, a pesar de lo que aport\u00f3 en su momento.<\/p>\n<p class=\"texto contenido-parrafo-articulo cnx-companion-paragraph\" id=\"p255529-m797-9-798\"><b>Giovanni Hern\u00e1ndez<\/b><\/p>\n<p class=\"texto contenido-parrafo-articulo cnx-companion-paragraph\" id=\"p255529-m803-10-804\">Uno de los mediocampistas m\u00e1s talentosos de Colombia en los 2000. <b>En la Copa Am\u00e9rica 2001 fue el cerebro del equipo campe\u00f3n, con su t\u00e9cnica y visi\u00f3n de juego<\/b>. Sin embargo, no tuvo la regularidad esperada en procesos mundialistas y termin\u00f3 siendo m\u00e1s recordado por su paso en Deportivo Cali y Junior que por la Selecci\u00f3n.<\/p>\n<div class=\"fotografia caja-articulo\" id=\"p255529-m809-11-810\">\n<div class=\"imagen-cuerpo-bk\">\n<figure itemscope=\"\" itemtype=\"https:\/\/schema.org\/ImageObject\" itemprop=\"image\" id=\"m814-813-815\" class=\"foto-galeria-articulo imagen-articulo foto-texto-articulo-galeria\"><img decoding=\"async\" alt=\"Giovanni Hern\u00e1ndez.\" src=\"data:image\/png;base64,iVBORw0KGgoAAAANSUhEUgAAAAEAAAABCAQAAAC1HAwCAAAAC0lEQVR42mP8\/x0AAvsB+DlKarAAAAAASUVORK5CYII=\" style=\" display: inline;\" data-original=\"\/files\/article_content\/uploads\/2021\/10\/15\/616a3c25efe70.jpeg\"\/><meta itemprop=\"width\" content=\"600\"\/><meta itemprop=\"height\" content=\"450\"\/> <meta itemprop=\"url\" content=\"https:\/\/www.futbolred.com\/files\/article_content\/uploads\/2021\/10\/15\/616a3c25efe70.jpeg\"\/><\/figure>\n<\/div><\/div>\n<p class=\"texto contenido-parrafo-articulo cnx-companion-paragraph\" id=\"p255529-m835-12-836\"><b>Elkin soto<\/b><\/p>\n<p class=\"texto contenido-parrafo-articulo cnx-companion-paragraph\" id=\"p255529-m841-13-842\"><b>Volante polivalente que jug\u00f3 muchos a\u00f1os en el Mainz 05 de Alemania<\/b>con gran regularidad. En la Selecci\u00f3n estuvo en procesos de Reinaldo Rueda y Jorge Luis Pinto rumbo al Mundial 2006, aunque Colombia no clasific\u00f3. Jugador cumplidor, sin grandes reflectores ni torneos de impacto que lo catapultaran. Con el tiempo qued\u00f3 en el recuerdo solo de los m\u00e1s atentos.<\/p>\n<p class=\"texto contenido-parrafo-articulo cnx-companion-paragraph\" id=\"p255529-m847-14-848\"><b>Ricardo \u201cEl Gato\u201d P\u00e9rez<\/b><\/p>\n<p class=\"texto contenido-parrafo-articulo cnx-companion-paragraph\" id=\"p255529-m853-15-854\">Fue parte del recambio en los a\u00f1os 90, <b>marc\u00f3 goles importantes en Copa Am\u00e9rica y Eliminatorias<\/b>aunque su carrera internacional se apag\u00f3 r\u00e1pido.<\/p>\n<\/div>\n\n","protected":false},"excerpt":{"rendered":"<p>Colombia ha tenido grandes futbolistas a lo largo de varias generaciones. Hoy en d\u00eda destacan jugadores como Luis D\u00edaz, quien fue criticado en Alemania recientemente. Sin embargo, si bien es cierto que algunos jugadores dejaron su huella con la Selecci\u00f3n Colombia en momentos puntuales, hoy no todos son recordados por los aficionados. Ellos son los &hellip;<\/p>\n","protected":false},"author":1,"featured_media":43861,"comment_status":"open","ping_status":"open","sticky":false,"template":"","format":"standard","meta":{"fifu_image_url":"https:\/\/www.futbolred.com\/files\/og_thumbnail\/uploads\/2025\/09\/20\/68cf30325f72f.png","fifu_image_alt":"","footnotes":""},"categories":[6],"tags":[],"class_list":["post-43860","post","type-post","status-publish","format-standard","has-post-thumbnail","","category-deportes"],"_links":{"self":[{"href":"https:\/\/noticiasveraces.com\/index.php?rest_route=\/wp\/v2\/posts\/43860","targetHints":{"allow":["GET"]}}],"collection":[{"href":"https:\/\/noticiasveraces.com\/index.php?rest_route=\/wp\/v2\/posts"}],"about":[{"href":"https:\/\/noticiasveraces.com\/index.php?rest_route=\/wp\/v2\/types\/post"}],"author":[{"embeddable":true,"href":"https:\/\/noticiasveraces.com\/index.php?rest_route=\/wp\/v2\/users\/1"}],"replies":[{"embeddable":true,"href":"https:\/\/noticiasveraces.com\/index.php?rest_route=%2Fwp%2Fv2%2Fcomments&post=43860"}],"version-history":[{"count":0,"href":"https:\/\/noticiasveraces.com\/index.php?rest_route=\/wp\/v2\/posts\/43860\/revisions"}],"wp:featuredmedia":[{"embeddable":true,"href":"https:\/\/noticiasveraces.com\/index.php?rest_route=\/wp\/v2\/media\/43861"}],"wp:attachment":[{"href":"https:\/\/noticiasveraces.com\/index.php?rest_route=%2Fwp%2Fv2%2Fmedia&parent=43860"}],"wp:term":[{"taxonomy":"category","embeddable":true,"href":"https:\/\/noticiasveraces.com\/index.php?rest_route=%2Fwp%2Fv2%2Fcategories&post=43860"},{"taxonomy":"post_tag","embeddable":true,"href":"https:\/\/noticiasveraces.com\/index.php?rest_route=%2Fwp%2Fv2%2Ftags&post=43860"}],"curies":[{"name":"wp","href":"https:\/\/api.w.org\/{rel}","templated":true}]}}