{"id":43832,"date":"2025-09-20T19:08:14","date_gmt":"2025-09-20T23:08:14","guid":{"rendered":"https:\/\/noticiasveraces.com\/?p=43832"},"modified":"2025-09-20T19:08:14","modified_gmt":"2025-09-20T23:08:14","slug":"aeropuerto-de-dublin-reabre-tras-ser-evacuado-dw-20-09-2025","status":"publish","type":"post","link":"https:\/\/noticiasveraces.com\/?p=43832","title":{"rendered":"Aeropuerto de Dubl\u00edn reabre tras ser evacuado \u2013 DW \u2013 20\/09\/2025"},"content":{"rendered":"<p> \n<\/p>\n<div data-tracking-name=\"rich-text\" data-tracking-skip=\"true\">\n<p>El Aeropuerto de Dubl\u00edn, en Irlanda,\u00a0reabri\u00f3 este s\u00e1bado (20.09.2025) su Terminal 2 despu\u00e9s de haber sido evacuada durante varias horas como medida de precauci\u00f3n tras recibirse una alerta de seguridad, seg\u00fan inform\u00f3 el nodo a\u00e9reo irland\u00e9s en redes sociales. \u00abEl Aeropuerto de Dubl\u00edn confirma que la Terminal 2 ha recibido el visto bueno\u00bb, escribi\u00f3 el aer\u00f3dromo dublin\u00e9s en la red social X a las 13:50 (hora local).<\/p>\n<p>Del mismo modo, inform\u00f3 que los pasajeros podr\u00e1n volver a acceder a la terminal en breve y se espera que los vuelos se retomen. De mismo modo, advirti\u00f3 que \u00abes posible que contin\u00faen algunas interrupciones temporales durante el resto del d\u00eda\u00bb y recomend\u00f3 a los pasajeros consultar con sus respectivas aerol\u00edneas para recibir actualizaciones.<\/p>\n<h2>Medida de precauci\u00f3n<\/h2>\n<p>En una publicaci\u00f3n anterior, el Aeropuerto de Dubl\u00edn confirm\u00f3 que hab\u00eda evacuado su Terminal 2 como medida de precauci\u00f3n que, de acuerdo con la radiotelevisi\u00f3n p\u00fablica irlandesa RT\u00c9 se habr\u00eda llevado a cabo tras recibir una \u00abalerta de seguridad\u00bb alrededor de las 11:30 (hora local). Por el momento no han trascendido m\u00e1s detalles sobre la naturaleza de esta alerta.<\/p>\n<p>La Polic\u00eda irlandesa (Garda) tambi\u00e9n confirm\u00f3 la presencia de agentes en la \u00abescena de un incidente\u00bb e indic\u00f3 que el acceso de veh\u00edculos a ambos extremos del recinto estaba restringido.<\/p>\n<p>El incidente se produce en una jornada de caos en los aeropuertos europeos, despu\u00e9s que un ciberataque durante la noche del viernes afectase a una de las empresas proveedoras de los sistemas de facturaci\u00f3n y embarque, causando retrasos y cancelaciones en los aer\u00f3dromos de Bruselas, Berl\u00edn y el de Heathrow, en Londres, a lo largo de la ma\u00f1ana.<\/p>\n<p>Sin embargo, el Aeropuerto de Dubl\u00edn especific\u00f3 en X que la evacuaci\u00f3n de su Terminal 2 es un incidente que no tiene relaci\u00f3n con el ciberataque.<\/p>\n<p>(Mn\/Efe, Reuters)<\/p>\n<\/p>\n<\/div>\n\n","protected":false},"excerpt":{"rendered":"<p>El Aeropuerto de Dubl\u00edn, en Irlanda,\u00a0reabri\u00f3 este s\u00e1bado (20.09.2025) su Terminal 2 despu\u00e9s de haber sido evacuada durante varias horas como medida de precauci\u00f3n tras recibirse una alerta de seguridad, seg\u00fan inform\u00f3 el nodo a\u00e9reo irland\u00e9s en redes sociales. \u00abEl Aeropuerto de Dubl\u00edn confirma que la Terminal 2 ha recibido el visto bueno\u00bb, escribi\u00f3 el &hellip;<\/p>\n","protected":false},"author":1,"featured_media":43833,"comment_status":"open","ping_status":"open","sticky":false,"template":"","format":"standard","meta":{"fifu_image_url":"https:\/\/static.dw.com\/image\/62253011_6.jpg","fifu_image_alt":"","footnotes":""},"categories":[13],"tags":[],"class_list":["post-43832","post","type-post","status-publish","format-standard","has-post-thumbnail","","category-mundo"],"_links":{"self":[{"href":"https:\/\/noticiasveraces.com\/index.php?rest_route=\/wp\/v2\/posts\/43832","targetHints":{"allow":["GET"]}}],"collection":[{"href":"https:\/\/noticiasveraces.com\/index.php?rest_route=\/wp\/v2\/posts"}],"about":[{"href":"https:\/\/noticiasveraces.com\/index.php?rest_route=\/wp\/v2\/types\/post"}],"author":[{"embeddable":true,"href":"https:\/\/noticiasveraces.com\/index.php?rest_route=\/wp\/v2\/users\/1"}],"replies":[{"embeddable":true,"href":"https:\/\/noticiasveraces.com\/index.php?rest_route=%2Fwp%2Fv2%2Fcomments&post=43832"}],"version-history":[{"count":0,"href":"https:\/\/noticiasveraces.com\/index.php?rest_route=\/wp\/v2\/posts\/43832\/revisions"}],"wp:featuredmedia":[{"embeddable":true,"href":"https:\/\/noticiasveraces.com\/index.php?rest_route=\/wp\/v2\/media\/43833"}],"wp:attachment":[{"href":"https:\/\/noticiasveraces.com\/index.php?rest_route=%2Fwp%2Fv2%2Fmedia&parent=43832"}],"wp:term":[{"taxonomy":"category","embeddable":true,"href":"https:\/\/noticiasveraces.com\/index.php?rest_route=%2Fwp%2Fv2%2Fcategories&post=43832"},{"taxonomy":"post_tag","embeddable":true,"href":"https:\/\/noticiasveraces.com\/index.php?rest_route=%2Fwp%2Fv2%2Ftags&post=43832"}],"curies":[{"name":"wp","href":"https:\/\/api.w.org\/{rel}","templated":true}]}}