{"id":43825,"date":"2025-09-20T16:15:06","date_gmt":"2025-09-20T20:15:06","guid":{"rendered":"https:\/\/noticiasveraces.com\/?p=43825"},"modified":"2025-09-20T16:15:06","modified_gmt":"2025-09-20T20:15:06","slug":"de-una-vida-humilde-en-risaralda-la-lujosa-mansion-de-cucho-hernandez-en-pereira-curiosidades-de-futbol","status":"publish","type":"post","link":"https:\/\/noticiasveraces.com\/?p=43825","title":{"rendered":"De una vida humilde en Risaralda, la lujosa mansi\u00f3n de Cucho Hern\u00e1ndez en Pereira | Curiosidades de f\u00fatbol"},"content":{"rendered":"<p> \n<\/p>\n<div id=\"cuerpoArticulo\">\n<p class=\"texto intro cnx-companion-firstparagraph\" id=\"p255516-m573-572-574\"><b>Juan Camilo \u2018Cucho\u2019 Hern\u00e1ndez naci\u00f3 en el departamento de Risaralda<\/b> y se crio en la ciudad de Pereira. Desde muy peque\u00f1o mostr\u00f3 su talento excepcional que ten\u00eda para el f\u00fatbol, sin embargo, su familia era humilde, por lo que dar los primeros pasos en el deporte fue un verdadero desaf\u00edo. Pero hoy <b>goza de una lujosa mansi\u00f3n<\/b> ubicada en su ciudad natal. En la actualidad, Cucho Hern\u00e1ndez hizo golazo en el triunfo del Real Betis.<\/p>\n<p><span class=\"articulo-subtitulo subtitulo2 espacio-contenido cnx-companion-subtitle\" id=\"p255516-m591-2-592\">As\u00ed es la lujosa mansi\u00f3n de Cucho Hern\u00e1ndez en Pereira<br \/><\/span><\/p>\n<p class=\"texto contenido-parrafo-articulo cnx-companion-paragraph\" id=\"p255516-m597-3-598\"><i>Mazuerainmobiliaria <\/i>se encarg\u00f3 de compartir las caracter\u00edsticas de la mansi\u00f3n de Cucho en Colombia y, entre los atractivos m\u00e1s destacados, se encuentran <b>amplias habitaciones, una enorme piscina, zona de juegos que cuenta con una mesa de billar y un museo personal creado por su propio padre<\/b>. Cabe destacar que Cucho Hern\u00e1ndez es uno de los colombianos jugar\u00e1n LaLiga 2025\/2026.<\/p>\n<div class=\"fotografia caja-articulo\" id=\"p255516-m603-4-604\">\n<div class=\"imagen-cuerpo-bk\">\n<figure itemscope=\"\" itemtype=\"https:\/\/schema.org\/ImageObject\" itemprop=\"image\" id=\"m608-607-609\" class=\"foto-galeria-articulo imagen-articulo foto-texto-articulo-galeria\"><img decoding=\"async\" alt=\"Mansi\u00f3n Cucho Hern\u00e1ndez\" src=\"data:image\/png;base64,iVBORw0KGgoAAAANSUhEUgAAAAEAAAABCAQAAAC1HAwCAAAAC0lEQVR42mP8\/x0AAvsB+DlKarAAAAAASUVORK5CYII=\" style=\" display: inline;\" data-original=\"\/files\/article_content\/uploads\/2025\/09\/20\/68cef36096b2d.png\"\/><meta itemprop=\"width\" content=\"600\"\/><meta itemprop=\"height\" content=\"450\"\/> <meta itemprop=\"url\" content=\"https:\/\/www.futbolred.com\/files\/article_content\/uploads\/2025\/09\/20\/68cef36096b2d.png\"\/><\/figure>\n<\/div>\n<div class=\"figcaption-cuerpo-bk credito-image-bk\"><figcaption class=\"foto-info\">\n<div class=\"titulo-foto-bk\">\n<p id=\"m615-1-616\" class=\"titulo pie-de-foto\">La mansi\u00f3n de Cucho Hern\u00e1ndez en Pereira<\/p>\n<\/div>\n<p class=\"credito\">\n                            <span class=\"linea pre_credito\">Foto:<\/span><\/p>\n<p>                        <span id=\"m621-2-622\" class=\"autor\">Captura de pantalla<\/span><\/p>\n<\/figcaption><\/div>\n<\/p><\/div>\n<p class=\"texto contenido-parrafo-articulo cnx-companion-paragraph\" id=\"p255516-m629-5-630\">El museo del hogar destaca <b>la trayectoria del futbolista colombiano<\/b> incluyendo camisetas de los equipos en los que ha jugado, balones, medallas, trofeos y recortes de prensa que narran su carrera desde sus inicios en 2015. Sin lugar a dudas, Hern\u00e1ndez ha logrado ganar una buena fortuna a lo largo de su carrera para gozar de este tipo de lujos.<\/p>\n<p>            <span class=\"articulo-subtitulo subtitulo2 espacio-contenido cnx-companion-subtitle\" id=\"p255516-m680-7-681\">La mansi\u00f3n de Cucho Hern\u00e1ndez est\u00e1 en venta<br \/><\/span><\/p>\n<p class=\"texto contenido-parrafo-articulo cnx-companion-paragraph\" id=\"p255516-m686-8-687\">Hoy radicado en Espa\u00f1a, Cucho puso en venta su lujosa mansi\u00f3n ubicada en las afueras de Pereira. Seg\u00fan un video publicado por <i>Mazuerainmobiliaria <\/i>e Instagram, <b>el inmueble est\u00e1 tasado en $3.000 millones de pesos colombianos<\/b>. La inmobiliaria describe la oferta de la casa de Hern\u00e1ndez como una verdadera oportunidad de inversi\u00f3n al ser una zona de tanta proyecci\u00f3n en el Eje Cafetero.<\/p>\n<p><span class=\"articulo-subtitulo subtitulo2 espacio-contenido cnx-companion-subtitle\" id=\"p255516-m698-10-699\">La carrera de Cucho Hern\u00e1ndez hasta la fecha<br \/><\/span><\/p>\n<p class=\"texto contenido-parrafo-articulo cnx-companion-paragraph\" id=\"p255516-m704-11-705\"><b>Debut\u00f3 de forma profesional en Deportivo Pereira<\/b> y tambi\u00e9n pas\u00f3 por Am\u00e9rica de Cali. Sin embargo, r\u00e1pidamente dar\u00eda el salto al f\u00fatbol europeo al jugar en equipos como el Huesca, el Mallorca y el Getafe, todos en Espa\u00f1a. Luego, pas\u00f3 por el Watford de Inglaterra. Antes de regresar a Espa\u00f1a para jugar en el Betis, Cucho pas\u00f3 por el Columbus Crew de la Major League Soccer (MLS) en Estados Unidos.<\/p>\n<\/div>\n\n","protected":false},"excerpt":{"rendered":"<p>Juan Camilo \u2018Cucho\u2019 Hern\u00e1ndez naci\u00f3 en el departamento de Risaralda y se crio en la ciudad de Pereira. Desde muy peque\u00f1o mostr\u00f3 su talento excepcional que ten\u00eda para el f\u00fatbol, sin embargo, su familia era humilde, por lo que dar los primeros pasos en el deporte fue un verdadero desaf\u00edo. Pero hoy goza de una &hellip;<\/p>\n","protected":false},"author":1,"featured_media":43826,"comment_status":"open","ping_status":"open","sticky":false,"template":"","format":"standard","meta":{"fifu_image_url":"https:\/\/www.futbolred.com\/files\/og_thumbnail\/uploads\/2025\/09\/20\/68cef281050de.png","fifu_image_alt":"","footnotes":""},"categories":[6],"tags":[],"class_list":["post-43825","post","type-post","status-publish","format-standard","has-post-thumbnail","","category-deportes"],"_links":{"self":[{"href":"https:\/\/noticiasveraces.com\/index.php?rest_route=\/wp\/v2\/posts\/43825","targetHints":{"allow":["GET"]}}],"collection":[{"href":"https:\/\/noticiasveraces.com\/index.php?rest_route=\/wp\/v2\/posts"}],"about":[{"href":"https:\/\/noticiasveraces.com\/index.php?rest_route=\/wp\/v2\/types\/post"}],"author":[{"embeddable":true,"href":"https:\/\/noticiasveraces.com\/index.php?rest_route=\/wp\/v2\/users\/1"}],"replies":[{"embeddable":true,"href":"https:\/\/noticiasveraces.com\/index.php?rest_route=%2Fwp%2Fv2%2Fcomments&post=43825"}],"version-history":[{"count":0,"href":"https:\/\/noticiasveraces.com\/index.php?rest_route=\/wp\/v2\/posts\/43825\/revisions"}],"wp:featuredmedia":[{"embeddable":true,"href":"https:\/\/noticiasveraces.com\/index.php?rest_route=\/wp\/v2\/media\/43826"}],"wp:attachment":[{"href":"https:\/\/noticiasveraces.com\/index.php?rest_route=%2Fwp%2Fv2%2Fmedia&parent=43825"}],"wp:term":[{"taxonomy":"category","embeddable":true,"href":"https:\/\/noticiasveraces.com\/index.php?rest_route=%2Fwp%2Fv2%2Fcategories&post=43825"},{"taxonomy":"post_tag","embeddable":true,"href":"https:\/\/noticiasveraces.com\/index.php?rest_route=%2Fwp%2Fv2%2Ftags&post=43825"}],"curies":[{"name":"wp","href":"https:\/\/api.w.org\/{rel}","templated":true}]}}