{"id":43814,"date":"2025-09-20T15:28:25","date_gmt":"2025-09-20T19:28:25","guid":{"rendered":"https:\/\/noticiasveraces.com\/?p=43814"},"modified":"2025-09-20T15:28:25","modified_gmt":"2025-09-20T19:28:25","slug":"porque-vivimos-una-crisis-global-la-onu-se-necesita-mas-que-nunca-sostiene-guterres","status":"publish","type":"post","link":"https:\/\/noticiasveraces.com\/?p=43814","title":{"rendered":"Porque vivimos una crisis global, la ONU se necesita m\u00e1s que nunca, sostiene Guterres"},"content":{"rendered":"<p> \n<br \/><img decoding=\"async\" src=\"https:\/\/global.unitednations.entermediadb.net\/assets\/mediadb\/services\/module\/asset\/downloads\/preset\/Libraries\/Production%20Library\/18-09-2025_UN_SG_interview.jpg\/image560x340cropped.jpg\" \/><\/p>\n<div>\n<p>En v\u00edsperas de la apertura del Debate General de la 80\u00aa Asamblea General de la ONU, el Secretario General pint\u00f3 un panorama sombr\u00edo del estado del mundo, pero con un claro camino a seguir: el reforzamiento del multilateralismo.<\/p>\n<p>\u201cEnfrentamos una crisis global\u201d, afirm\u00f3 Ant\u00f3nio Guterres, en una entrevista con Noticias ONU, subrayando que la profunda divisi\u00f3n geopol\u00edtica actual impide resolver eficazmente los conflictos que se multiplican.<\/p>\n<p>\u00ab<strong>Hay una sensaci\u00f3n de impunidad \u2013 cada pa\u00eds cree que puede hacer lo que quiera<\/strong>\u201d, alert\u00f3, describiendo un c\u00edrculo vicioso donde los pa\u00edses observan a las grandes potencias y luego se sienten con derecho a resolver sus ambiciones mediante la guerra.<\/p>\n<blockquote>\n<p>Vengan aqu\u00ed y cambien la marea. Vengan aqu\u00ed y entiendan que la cooperaci\u00f3n internacional es vital en un momento como este, dice Guterres a los l\u00edderes mundiales.<\/p>\n<\/blockquote>\n<p>Frente a esta realidad, su llamado a los l\u00edderes mundiales es claro: \u201cVengan aqu\u00ed y cambien la marea. Vengan aqu\u00ed y entiendan que la cooperaci\u00f3n internacional es vital en un momento como este\u201d.<\/p>\n<p><strong>La crisis es multifac\u00e9tica<\/strong>. Por un lado, los pa\u00edses en desarrollo enfrentan \u201cdificultades enormes, muchos de ellos ahogados por la deuda\u201d sin acceso a financiaci\u00f3n favorable. Por otro, \u201cel cambio clim\u00e1tico a\u00fan no est\u00e1 bajo control\u201d y existe el riesgo real de no poder mantener el calentamiento global por debajo de los 1,5 grados. A esto se suma el avance tecnol\u00f3gico sin regulaci\u00f3n, que aunque tiene potencial, amplifica \u201cel discurso de odio\u201d y \u201cla polarizaci\u00f3n de las sociedades\u201d.<\/p>\n<h2>La soluci\u00f3n: multilateralismo y di\u00e1logo<\/h2>\n<p>Para cada crisis, Guterres propone la acci\u00f3n concertada a trav\u00e9s de la ONU.<\/p>\n<p>Para la paz, exige \u201cnegociaciones y mediaciones necesarias para, al menos, crear esperanza de paz\u201d. Por ejemplo, hizo hincapi\u00e9 en la necesidad de una soluci\u00f3n de dos Estados para Israel y Palestina y un cese al fuego inmediato en Gaza.<\/p>\n<p>Frente a la emergencia clim\u00e1tica, urge a los Estados a presentar planes nacionales alineados con el objetivo de 1,5 grados, que impliquen \u201cuna reducci\u00f3n dram\u00e1tica de emisiones\u201d.<\/p>\n<p>Sobre la inteligencia artificial, aboga por \u201calgunas formas de gobernanza\u201d que preserven la agencia humana y la conviertan en una fuerza para el bien.<\/p>\n<p>Respecto a la arquitectura financiera global, obsoleta e injusta, pide reformas para dar voz a los pa\u00edses en desarrollo y \u201cmultiplicar los recursos disponibles\u201d. \u201cNuestra arquitectura financiera internacional viene de la Segunda Guerra Mundial y hoy no representa el mundo que existe\u201d, recalc\u00f3.<\/p>\n<h2>Un mensaje de determinaci\u00f3n<\/h2>\n<p>Preguntado sobre si alguna vez siente desesperanza, Guterres fue contundente: \u201cNunca\u201d. <strong>Citando a Jean Monnet, dijo: \u201cNo soy optimista ni pesimista, estoy determinado\u201d<\/strong>. Esa determinaci\u00f3n se aplica tambi\u00e9n a la propia ONU, que atraviesa una grave crisis financiera que ha forzado dr\u00e1sticos recortes en operaciones humanitarias y de paz.<\/p>\n<p>Su mensaje a los Estados miembros es directo: \u201cDeben cumplir con sus obligaciones\u201d de contribuciones, ya que si no se cumplen, \u201ctendremos que hacer recortes dr\u00e1sticos (\u2026) con terribles consecuencias en la vida de las personas\u201d.<\/p>\n<p>En un mundo con 122 millones de desplazados forzosos, econom\u00edas al borde del abismo y un planeta que se recalienta, la receta de Guterres es clara: solo a trav\u00e9s de la cooperaci\u00f3n y el di\u00e1logo en el foro multilateral por excelencia se podr\u00e1 encontrar una salida.<\/p>\n<p>\u201cLo que pasa en cualquier parte del mundo tendr\u00e1 un efecto en nuestras propias vidas\u201d, concluy\u00f3, \u201cnuestra casa es nuestro mundo, y los problemas en cualquier lugar del mundo son nuestros problemas\u201d.<\/p>\n<\/div>\n\n","protected":false},"excerpt":{"rendered":"<p>En v\u00edsperas de la apertura del Debate General de la 80\u00aa Asamblea General de la ONU, el Secretario General pint\u00f3 un panorama sombr\u00edo del estado del mundo, pero con un claro camino a seguir: el reforzamiento del multilateralismo. \u201cEnfrentamos una crisis global\u201d, afirm\u00f3 Ant\u00f3nio Guterres, en una entrevista con Noticias ONU, subrayando que la profunda &hellip;<\/p>\n","protected":false},"author":1,"featured_media":43816,"comment_status":"open","ping_status":"open","sticky":false,"template":"","format":"standard","meta":{"fifu_image_url":"https:\/\/global.unitednations.entermediadb.net\/assets\/mediadb\/services\/module\/asset\/downloads\/preset\/Libraries\/Production%20Library\/18-09-2025_UN_SG_interview.jpg\/image770x420cropped.jpg","fifu_image_alt":"","footnotes":""},"categories":[3],"tags":[],"class_list":["post-43814","post","type-post","status-publish","format-standard","has-post-thumbnail","","category-negocio"],"_links":{"self":[{"href":"https:\/\/noticiasveraces.com\/index.php?rest_route=\/wp\/v2\/posts\/43814","targetHints":{"allow":["GET"]}}],"collection":[{"href":"https:\/\/noticiasveraces.com\/index.php?rest_route=\/wp\/v2\/posts"}],"about":[{"href":"https:\/\/noticiasveraces.com\/index.php?rest_route=\/wp\/v2\/types\/post"}],"author":[{"embeddable":true,"href":"https:\/\/noticiasveraces.com\/index.php?rest_route=\/wp\/v2\/users\/1"}],"replies":[{"embeddable":true,"href":"https:\/\/noticiasveraces.com\/index.php?rest_route=%2Fwp%2Fv2%2Fcomments&post=43814"}],"version-history":[{"count":0,"href":"https:\/\/noticiasveraces.com\/index.php?rest_route=\/wp\/v2\/posts\/43814\/revisions"}],"wp:featuredmedia":[{"embeddable":true,"href":"https:\/\/noticiasveraces.com\/index.php?rest_route=\/wp\/v2\/media\/43816"}],"wp:attachment":[{"href":"https:\/\/noticiasveraces.com\/index.php?rest_route=%2Fwp%2Fv2%2Fmedia&parent=43814"}],"wp:term":[{"taxonomy":"category","embeddable":true,"href":"https:\/\/noticiasveraces.com\/index.php?rest_route=%2Fwp%2Fv2%2Fcategories&post=43814"},{"taxonomy":"post_tag","embeddable":true,"href":"https:\/\/noticiasveraces.com\/index.php?rest_route=%2Fwp%2Fv2%2Ftags&post=43814"}],"curies":[{"name":"wp","href":"https:\/\/api.w.org\/{rel}","templated":true}]}}