{"id":43810,"date":"2025-09-20T14:23:03","date_gmt":"2025-09-20T18:23:03","guid":{"rendered":"https:\/\/noticiasveraces.com\/?p=43810"},"modified":"2025-09-20T14:23:03","modified_gmt":"2025-09-20T18:23:03","slug":"andrea-bocelli-habla-sobre-su-nuevo-documental-pope-leo-y-el-futuro-peliculas-entretenimiento","status":"publish","type":"post","link":"https:\/\/noticiasveraces.com\/?p=43810","title":{"rendered":"Andrea Bocelli habla sobre su nuevo documental, Pope Leo y el futuro | Pel\u00edculas | Entretenimiento"},"content":{"rendered":"<p> \n<\/p>\n<div>\n<p>Andrea Bocelli ha estado en el centro de atenci\u00f3n durante unos buenos 30 a\u00f1os en su impresionante carrera. Un documental cinematogr\u00e1fico sobre su vida, Andrea Bocelli: Porque creo que acaba de ser hecho y viene a los cines del Reino Unido este fin de semana. La nueva pel\u00edcula ofrece una rara mirada detr\u00e1s de escena que el cantante de \u00f3pera se realiza en su vida cotidiana. Entonces, \u00bfpor qu\u00e9 ahora? Daily Express le hizo esta pregunta y m\u00e1s en una entrevista exclusiva.<\/p>\n<\/div>\n<div>\n<p><strong>\u00bfC\u00f3mo surgi\u00f3 su documental? \u00bfPor qu\u00e9 decidiste que lo hicieran?<\/strong><\/p>\n<p>Desafortunadamente, no s\u00e9 c\u00f3mo responder a esta pregunta. Esto era algo que estaba en el aire. Hubo un proyecto que me hab\u00edan puesto, y dudaba bastante al principio, porque es casi vergonzoso contar la historia de tu vida. Y al final, estaba convencido, persuadido para hacer este documental, porque pens\u00e9 por un segundo, si tuviera la oportunidad hoy de ver un documental sobre la vida de una persona importante y famosa del pasado, donde no hab\u00eda posibilidad de filmar, habr\u00eda estado muy contento. As\u00ed que pens\u00e9, con el mismo esp\u00edritu, que har\u00eda que este documental dejara algo para las generaciones futuras para decirle a la gente lo que no puedes ver sobre m\u00ed en el escenario. Entonces es lo que hay en mi vida detr\u00e1s de escena.<\/p>\n<p><strong>Fue particularmente interesante ver detr\u00e1s de escena con su esposa, parece que su roca dentro y fuera del escenario.<\/strong><\/p>\n<p>Veronica ha estado trabajando duro desde el principio. Cuando la conoc\u00ed, solo ten\u00eda 21 a\u00f1os y me dio un impulso de energ\u00eda y entusiasmo para continuar. No estaba muy decidida a seguir cantando cuando la conoc\u00ed, por lo que desempe\u00f1\u00f3 un papel clave, y todav\u00eda juega un papel clave en mi vida.<\/p>\n<p><strong>Recientemente actuaste para el Papa Leo XIV y en la ciudad del Vaticano.<\/strong><\/p>\n<p>Tengo muchas esperanzas en este nuevo Papa, que es alguien de profunda fe y es una persona muy conocedora y culturalmente rica.<\/p>\n<\/div>\n<div>\n<p><strong>T\u00fa tambi\u00e9n eres un hombre de profunda fe. \u00bfC\u00f3mo dir\u00edas que tu fe impacta tu trabajo d\u00eda a d\u00eda?<\/strong><\/p>\n<p>Bueno, sin fe, no hay vida. Es tan simple como eso. La idea de que todo va a terminar cuando terminemos nuestra vida terrenal no dar\u00eda ninguna esperanza al futuro. Hay un importante poema de San Philip Neri, y es dif\u00edcil de traducir. Tal vez ser\u00eda bueno escuchar esta forma en italiano, porque las palabras y las rimas son muy musicales. Comienza, si viviera mil a\u00f1os de alegr\u00eda y sin luchas, \u00bfqu\u00e9 le dir\u00eda a la muerte? Todo ser\u00eda en vano. Y luego establece una lista de cosas. Si tuviera, por ejemplo, casas y villas y sirvientes, miles de ellos. \u00bfQu\u00e9 ser\u00eda importante para la muerte? Todo es vano y contin\u00faa. Entonces esto explica lo que ser\u00eda la vida sin fe.<\/p>\n<p><strong>Has tenido sus conciertos del 30 aniversario en los \u00faltimos a\u00f1os. \u00bfQu\u00e9 te depara el futuro?<\/strong><\/p>\n<p>Bueno, el futuro est\u00e1 en manos de Dios. Mientras hablamos, estamos hablando de cu\u00e1l es el plan para el futuro. Por supuesto, se producir\u00e1n nuevas ideas. Los grandes artistas estar\u00e1n conmigo en ese incre\u00edble escenario con seguridad, y veremos esta vez que no tenemos que apresurarnos.<\/p>\n<p><em><strong>Andrea Bocelli: Porque creo que est\u00e1 en los cines del Reino Unido del 21 de septiembre y entradas <\/strong><\/em><em><strong>se puede reservar aqu\u00ed.<\/strong><\/em><\/p>\n<\/div>\n\n","protected":false},"excerpt":{"rendered":"<p>Andrea Bocelli ha estado en el centro de atenci\u00f3n durante unos buenos 30 a\u00f1os en su impresionante carrera. Un documental cinematogr\u00e1fico sobre su vida, Andrea Bocelli: Porque creo que acaba de ser hecho y viene a los cines del Reino Unido este fin de semana. La nueva pel\u00edcula ofrece una rara mirada detr\u00e1s de escena &hellip;<\/p>\n","protected":false},"author":1,"featured_media":43811,"comment_status":"open","ping_status":"open","sticky":false,"template":"","format":"standard","meta":{"fifu_image_url":"https:\/\/cdn.images.express.co.uk\/img\/dynamic\/36\/1200x630\/6439159.jpg","fifu_image_alt":"","footnotes":""},"categories":[766],"tags":[],"class_list":["post-43810","post","type-post","status-publish","format-standard","has-post-thumbnail","","category-musica"],"_links":{"self":[{"href":"https:\/\/noticiasveraces.com\/index.php?rest_route=\/wp\/v2\/posts\/43810","targetHints":{"allow":["GET"]}}],"collection":[{"href":"https:\/\/noticiasveraces.com\/index.php?rest_route=\/wp\/v2\/posts"}],"about":[{"href":"https:\/\/noticiasveraces.com\/index.php?rest_route=\/wp\/v2\/types\/post"}],"author":[{"embeddable":true,"href":"https:\/\/noticiasveraces.com\/index.php?rest_route=\/wp\/v2\/users\/1"}],"replies":[{"embeddable":true,"href":"https:\/\/noticiasveraces.com\/index.php?rest_route=%2Fwp%2Fv2%2Fcomments&post=43810"}],"version-history":[{"count":0,"href":"https:\/\/noticiasveraces.com\/index.php?rest_route=\/wp\/v2\/posts\/43810\/revisions"}],"wp:featuredmedia":[{"embeddable":true,"href":"https:\/\/noticiasveraces.com\/index.php?rest_route=\/wp\/v2\/media\/43811"}],"wp:attachment":[{"href":"https:\/\/noticiasveraces.com\/index.php?rest_route=%2Fwp%2Fv2%2Fmedia&parent=43810"}],"wp:term":[{"taxonomy":"category","embeddable":true,"href":"https:\/\/noticiasveraces.com\/index.php?rest_route=%2Fwp%2Fv2%2Fcategories&post=43810"},{"taxonomy":"post_tag","embeddable":true,"href":"https:\/\/noticiasveraces.com\/index.php?rest_route=%2Fwp%2Fv2%2Ftags&post=43810"}],"curies":[{"name":"wp","href":"https:\/\/api.w.org\/{rel}","templated":true}]}}