{"id":43794,"date":"2025-09-20T11:09:05","date_gmt":"2025-09-20T15:09:05","guid":{"rendered":"https:\/\/noticiasveraces.com\/?p=43794"},"modified":"2025-09-20T11:09:05","modified_gmt":"2025-09-20T15:09:05","slug":"la-ecuatoriana-juleisy-angulo-oro-en-jabalina-dw-20-09-2025","status":"publish","type":"post","link":"https:\/\/noticiasveraces.com\/?p=43794","title":{"rendered":"La ecuatoriana Juleisy Angulo, oro en jabalina \u2013 DW \u2013 20\/09\/2025"},"content":{"rendered":"<p> \n<\/p>\n<div data-tracking-name=\"rich-text\" data-tracking-skip=\"true\">\n<p>La atleta Juleisy Angulo consigui\u00f3 una medalla de oro mundial para Ecuador tan inesperada como hist\u00f3rica en el lanzamiento de jabalina, este s\u00e1bado (20.09.2025) en Tokio. Angulo, mejor\u00f3 su r\u00e9cord nacional por segunda vez en dos d\u00edas para llegar a 65,12 metros y dominar un podio en el que la letona Anete Sietina fue segunda (64.64) y la australiana Mackenzie Little tercera (63.58).<\/p>\n<p>Juleisy Angulo, que continuamente anim\u00f3 ella al p\u00fablico con sus palmas para que la jalearan, fue la gran dominadora de la final de la jabalina desde el segundo lanzamiento, cuando lleg\u00f3 a los 65,12 metros que ninguna rival pudo igualar y ni tan siquiera acercarse. La marchista Paula Torres, que consigui\u00f3 el bronce en los 35 kil\u00f3metros marcha el pasado 12 de septiembre, completa el medallero ecuatoriano.<\/p>\n<h2>Tercer Mundial para Angulo<\/h2>\n<p>Angulo, de 24 a\u00f1os, disput\u00f3 en Tokio su tercer Mundial absoluto. En los otros dos, Eugene 2022 y Budapest 2023, no pas\u00f3 la ronda de clasificaci\u00f3n, algo que en la ciudad japonesa hizo con facilidad. En la ronda previa, con 63,25 metros, bati\u00f3 su propio r\u00e9cord nacional y s\u00f3lo veinticuatro horas despu\u00e9s volvi\u00f3 a superar esa marca, pasando de los 62,33 con los que lleg\u00f3 a Tokio a los 65,12 logrados en la capital japonesa.<\/p>\n<p>Tras el oro de la cubana Leyanis P\u00e9rez en triple salto y el del brasile\u00f1o Caio Bonfim en 20 kil\u00f3metros marcha, es el tercer oro que obtienen los deportistas de pa\u00edses latinoamericanos en el Mundial de Jap\u00f3n de Atletismo, cuyo medallero<svg xmlns=\"http:\/\/www.w3.org\/2000\/svg\" width=\"20\" height=\"20\" viewbox=\"0 0 20 20\"><path d=\"M11.5 3.5 11.5 4.233C14.342 4.233 15.167 4.245 15.167 4.258L8.984 10.467 10.033 11.516C14.826 6.725 16.228 5.333 16.242 5.333L16.267 9 17.733 9 17.733 2.767 11.5 2.767 11.5 3.5M2.267 11 2.267 17.233 16.733 17.233 16.733 12 15.267 12 15.25 15.75 9.5 15.75 3.75 15.75 3.75 6.25 9.5 6.233 9.5 4.767 2.267 4.767 2.267 11 \"\/><\/svg>  Est\u00e1 claramente dominado por los Estados Unidos.<\/p>\n<p>LGC (EFE, AFP)<\/p>\n<figure class=\"placeholder-image master_landscape big\"><img data-format=\"MASTER_LANDSCAPE\" data-id=\"74075949\" data-url=\"https:\/\/static.dw.com\/image\/74075949_${formatId}.jpg\" data-aspect-ratio=\"16\/9\" alt=\"La deportista ecuatoriana muestra sonriente su medalla de oro.\" style=\"padding-bottom: 56.25%; height: 0; max-height: 0;\"\/><figcaption class=\"img-caption\">Angulo celebra la victoria.<small class=\"copyright\">Imagen: Andrej Isakovic\/AFP<\/small><\/figcaption><\/figure>\n<\/div>\n\n","protected":false},"excerpt":{"rendered":"<p>La atleta Juleisy Angulo consigui\u00f3 una medalla de oro mundial para Ecuador tan inesperada como hist\u00f3rica en el lanzamiento de jabalina, este s\u00e1bado (20.09.2025) en Tokio. Angulo, mejor\u00f3 su r\u00e9cord nacional por segunda vez en dos d\u00edas para llegar a 65,12 metros y dominar un podio en el que la letona Anete Sietina fue segunda &hellip;<\/p>\n","protected":false},"author":1,"featured_media":43795,"comment_status":"open","ping_status":"open","sticky":false,"template":"","format":"standard","meta":{"fifu_image_url":"https:\/\/static.dw.com\/image\/74075975_6.jpg","fifu_image_alt":"","footnotes":""},"categories":[13],"tags":[],"class_list":["post-43794","post","type-post","status-publish","format-standard","has-post-thumbnail","","category-mundo"],"_links":{"self":[{"href":"https:\/\/noticiasveraces.com\/index.php?rest_route=\/wp\/v2\/posts\/43794","targetHints":{"allow":["GET"]}}],"collection":[{"href":"https:\/\/noticiasveraces.com\/index.php?rest_route=\/wp\/v2\/posts"}],"about":[{"href":"https:\/\/noticiasveraces.com\/index.php?rest_route=\/wp\/v2\/types\/post"}],"author":[{"embeddable":true,"href":"https:\/\/noticiasveraces.com\/index.php?rest_route=\/wp\/v2\/users\/1"}],"replies":[{"embeddable":true,"href":"https:\/\/noticiasveraces.com\/index.php?rest_route=%2Fwp%2Fv2%2Fcomments&post=43794"}],"version-history":[{"count":0,"href":"https:\/\/noticiasveraces.com\/index.php?rest_route=\/wp\/v2\/posts\/43794\/revisions"}],"wp:featuredmedia":[{"embeddable":true,"href":"https:\/\/noticiasveraces.com\/index.php?rest_route=\/wp\/v2\/media\/43795"}],"wp:attachment":[{"href":"https:\/\/noticiasveraces.com\/index.php?rest_route=%2Fwp%2Fv2%2Fmedia&parent=43794"}],"wp:term":[{"taxonomy":"category","embeddable":true,"href":"https:\/\/noticiasveraces.com\/index.php?rest_route=%2Fwp%2Fv2%2Fcategories&post=43794"},{"taxonomy":"post_tag","embeddable":true,"href":"https:\/\/noticiasveraces.com\/index.php?rest_route=%2Fwp%2Fv2%2Ftags&post=43794"}],"curies":[{"name":"wp","href":"https:\/\/api.w.org\/{rel}","templated":true}]}}