{"id":43764,"date":"2025-09-20T05:58:53","date_gmt":"2025-09-20T09:58:53","guid":{"rendered":"https:\/\/noticiasveraces.com\/?p=43764"},"modified":"2025-09-20T05:58:53","modified_gmt":"2025-09-20T09:58:53","slug":"silvio-rodriguez-inicia-en-la-habana-su-gira-latinoamericana-dw-20-09-2025","status":"publish","type":"post","link":"https:\/\/noticiasveraces.com\/?p=43764","title":{"rendered":"Silvio Rodr\u00edguez inicia en La Habana su gira latinoamericana \u2013 DW \u2013 20\/09\/2025"},"content":{"rendered":"<p> \n<\/p>\n<div data-tracking-name=\"rich-text\" data-tracking-skip=\"true\">\n<p>Miles de cubanos entonaron en una sola voz las canciones que han sido la banda sonora de varias generaciones en la isla, durante el concierto que ofreci\u00f3 el viernes (19.09.2025) el cantautor, Silvio Rodr\u00edguez, al iniciar su gira por latinoamericana. El plan de gira anunciado comenzar\u00e1 en Chile, donde el trovador no se ha presentado desde 2018, y luego discurrir\u00e1, en este orden, por Argentina, Uruguay, Per\u00fa y Colombia, con una fecha en cada pa\u00eds a\u00fan por concretar.<\/p>\n<p>El m\u00e1ximo representante de la Nueva Trova, con su inseparable guitarra, cant\u00f3 frente a un p\u00fablico que abarrot\u00f3 los 88 escalones de la monumental entrada de la Colina Universitaria de La Habana. Adem\u00e1s de hacer un recorrido por sus temas m\u00e1s famosos, el trovador rindi\u00f3 homenaje a sus compa\u00f1eros cofundadores de la Nueva Trova, ya fallecidos, Vicente Feliu, Noel Nicola y Pablo Milan\u00e9s. Los asistentes, entre los que estuvo en primera fila el presidente Miguel D\u00edaz-Canel, estallaron de emoci\u00f3n al escuchar las primeras notas de \u00abEl Necio\u00bb o las de \u00abAlas de colibr\u00ed\u00bb, con la que inici\u00f3 el recital.<\/p>\n<h2>Palabras para Palestina<\/h2>\n<p>Cuando lleg\u00f3 el momento de \u00abLa era est\u00e1 pariendo un coraz\u00f3n\u00bb, otro tema cantado a toda voz por el p\u00fablico, Silvio Rodr\u00edguez lanz\u00f3 un reproche a Israel por la campa\u00f1a de represalia contra los palestinos en la Franja de Gaza. \u00abPienso en ustedes y no acierto a comprender c\u00f3mo olvidaron tan pronto el vaho del infierno\u00bb que fue recorrido a\u00a0 Auschwitz, dijo con un pa\u00f1uelo palestino en el cuello y citando al poeta cubano Luis Rogelio Nogueras, tambi\u00e9n fallecido en 1985.<\/p>\n<figure class=\"placeholder-image master_landscape big\"><img data-format=\"MASTER_LANDSCAPE\" data-id=\"74072873\" data-url=\"https:\/\/static.dw.com\/image\/74072873_${formatId}.jpg\" data-aspect-ratio=\"16\/9\" alt=\"Un espectador muestra una bufanda con el nombre de Silvio Rodr\u00edguez entre una multutid de publico con banderas y otras pancartas.\" style=\"padding-bottom: 56.25%; height: 0; max-height: 0;\"\/><figcaption class=\"img-caption\">Miles de personas presenciaron el concierto de Silvio Rodr\u00edguez en la Universidad de La Habana.<small class=\"copyright\">Imagen: Norlys Perez\/REUTERS<\/small><\/figcaption><\/figure>\n<p>Esta m\u00fasica \u00abes la banda sonora de muchas generaciones de cubanos y de latinoamericanos\u00bb, dijo a la AFP Alejandro S\u00e1nchez, profesor de historia de la Universidad de La Habana de 27 a\u00f1os. \u00abEs uno de nuestros cantantes m\u00e1s grandes\u00bb, dijo a la misma agencia conmovida al final del recital Joana Fari\u00f1as, una estudiante de psicolog\u00eda de 18 a\u00f1os. \u00abA lo mejor estamos viendo por \u00faltima vez a Silvio, as\u00ed que no podemos perdernos la oportunidad\u00bb, declar\u00f3 por su parte Favio Fern\u00e1ndez, profesor de la facultad de Filosof\u00eda de la universidad de La Habana, sobre el artista que en noviembre cumplir\u00e1 79 a\u00f1os.<\/p>\n<p><span data-slot-id=\"Article_InContent-1\" class=\"rich-text-ad\"\/><\/p>\n<h2>Silvio Rodr\u00edguez ilumin\u00f3 La Habana<\/h2>\n<p>Silvio Rodr\u00edguez es un \u00abs\u00edmbolo de Latinoam\u00e9rica\u00bb, declar\u00f3 a Efe la chilena Mar\u00eda Elena Hidalgo, que viaj\u00f3 a la isla para asistir al concierto. Al caer la noche, el concierto fue iluminado con dos inmensos motores de generaci\u00f3n de electricidad, cuando una buena parte de La Habana se encontraba en apag\u00f3n por la severa crisis energ\u00e9tica que vive la isla.<\/p>\n<p>El m\u00fasico no hab\u00eda vuelto a cantar en esta universidad desde 2005 y en el pa\u00eds desde 2020, cuando termin\u00f3 una gira de m\u00e1s de cien recitales por barrios pobres de Cuba, un pa\u00eds en el que la m\u00fasica es m\u00e1s que un mero entretenimiento. Rodr\u00edguez no actuaba en Latinoam\u00e9rica desde 2022, cuando cerr\u00f3 su periplo regional con una actuaci\u00f3n en el z\u00f3calo de Ciudad de M\u00e9xico ante m\u00e1s de 100.000 personas, tras lo que hizo un llamado a \u00abrevolucionar la revoluci\u00f3n\u00bb de Cuba.<\/p>\n<p>En declaraciones escritas para Efe esta semana, Rodr\u00edguez prefiri\u00f3 no avanzar sobre su calendario para 2026, m\u00e1s all\u00e1 de apuntar que puede que \u00abvuelva a hacerlo\u00bb, eso de subirse a los escenarios a cantar y tocar la guitarra. \u00abTengo propuestas para Espa\u00f1a y otros pa\u00edses. Ya veremos\u00bb, apostill\u00f3.<\/p>\n<p>LGC (AFP, EFE)<\/p>\n<\/div>\n\n","protected":false},"excerpt":{"rendered":"<p>Miles de cubanos entonaron en una sola voz las canciones que han sido la banda sonora de varias generaciones en la isla, durante el concierto que ofreci\u00f3 el viernes (19.09.2025) el cantautor, Silvio Rodr\u00edguez, al iniciar su gira por latinoamericana. El plan de gira anunciado comenzar\u00e1 en Chile, donde el trovador no se ha presentado &hellip;<\/p>\n","protected":false},"author":1,"featured_media":43765,"comment_status":"open","ping_status":"open","sticky":false,"template":"","format":"standard","meta":{"fifu_image_url":"https:\/\/static.dw.com\/image\/74072895_6.jpg","fifu_image_alt":"","footnotes":""},"categories":[13],"tags":[],"class_list":["post-43764","post","type-post","status-publish","format-standard","has-post-thumbnail","","category-mundo"],"_links":{"self":[{"href":"https:\/\/noticiasveraces.com\/index.php?rest_route=\/wp\/v2\/posts\/43764","targetHints":{"allow":["GET"]}}],"collection":[{"href":"https:\/\/noticiasveraces.com\/index.php?rest_route=\/wp\/v2\/posts"}],"about":[{"href":"https:\/\/noticiasveraces.com\/index.php?rest_route=\/wp\/v2\/types\/post"}],"author":[{"embeddable":true,"href":"https:\/\/noticiasveraces.com\/index.php?rest_route=\/wp\/v2\/users\/1"}],"replies":[{"embeddable":true,"href":"https:\/\/noticiasveraces.com\/index.php?rest_route=%2Fwp%2Fv2%2Fcomments&post=43764"}],"version-history":[{"count":0,"href":"https:\/\/noticiasveraces.com\/index.php?rest_route=\/wp\/v2\/posts\/43764\/revisions"}],"wp:featuredmedia":[{"embeddable":true,"href":"https:\/\/noticiasveraces.com\/index.php?rest_route=\/wp\/v2\/media\/43765"}],"wp:attachment":[{"href":"https:\/\/noticiasveraces.com\/index.php?rest_route=%2Fwp%2Fv2%2Fmedia&parent=43764"}],"wp:term":[{"taxonomy":"category","embeddable":true,"href":"https:\/\/noticiasveraces.com\/index.php?rest_route=%2Fwp%2Fv2%2Fcategories&post=43764"},{"taxonomy":"post_tag","embeddable":true,"href":"https:\/\/noticiasveraces.com\/index.php?rest_route=%2Fwp%2Fv2%2Ftags&post=43764"}],"curies":[{"name":"wp","href":"https:\/\/api.w.org\/{rel}","templated":true}]}}