{"id":43749,"date":"2025-09-20T03:07:59","date_gmt":"2025-09-20T07:07:59","guid":{"rendered":"https:\/\/noticiasveraces.com\/?p=43749"},"modified":"2025-09-20T03:07:59","modified_gmt":"2025-09-20T07:07:59","slug":"diez-paises-reconoceran-al-estado-palestino-el-lunes-en-onu-dw-20-09-2025","status":"publish","type":"post","link":"https:\/\/noticiasveraces.com\/?p=43749","title":{"rendered":"Diez pa\u00edses reconocer\u00e1n al Estado palestino el lunes en ONU \u2013 DW \u2013 20\/09\/2025"},"content":{"rendered":"<p> \n<\/p>\n<div data-tracking-name=\"rich-text\" data-tracking-skip=\"true\">\n<p>Diez pa\u00edses, entre ellos Francia, reconocer\u00e1n al Estado palestino el pr\u00f3ximo lunes en una conferencia al margen de la Asamblea General de la ONU en Nueva York, dijo el viernes (19.09.2025) un asesor del presidente franc\u00e9s, Emmanuel Macron.<\/p>\n<p>Los \u00abdiez pa\u00edses que han decidido\u00bb proceder al \u00abreconocimiento del Estado de Palestina\u00bb son \u00abAndorra, Australia, B\u00e9lgica, Canad\u00e1, Luxemburgo, Portugal, Malta, Reino Unido y San Marino\u00bb, precis\u00f3 el asesor.<\/p>\n<p>La fuente dijo que Macron formalizar\u00e1 el reconocimiento franc\u00e9s del Estado palestino en una conferencia el lunes a las 15H00 locales hora de Nueva York (19H00 GMT), al margen de la Asamblea General de la ONU.<\/p>\n<p>Israel se opone al reconocimiento internacional de un Estado palestino y ha dicho que tal gesto recompensa al movimiento islamista armado Ham\u00e1s, movimiento considerado terrorista por varios pa\u00edses y cuyo ataque al Estado hebreo el 7 de octubre de 2023 provoc\u00f3 la ofensiva militar israel\u00ed en Gaza.<\/p>\n<p>Funcionarios israel\u00edes han amenazado abiertamente a Francia con represalias diplom\u00e1ticas y con la anexi\u00f3n de Cisjordania, ocupada por Israel desde 1967, si se materializa el reconocimiento internacional.<\/p>\n<p>\u00abNuestro programa es positivo. No es un programa de represalias ni de contra represalias. Estamos haciendo un esfuerzo de paz\u00bb, dijo la presidencia francesa respecto a las amenazas israel\u00edes.<\/p>\n<p>Sin embargo, \u00abla anexi\u00f3n de Cisjordania es una l\u00ednea roja clara\u00bb, agreg\u00f3 el Palacio del El\u00edseo. \u00abEs, evidentemente, la peor violaci\u00f3n posible de las resoluciones de las Naciones Unidas\u00bb.<\/p>\n<p><span data-slot-id=\"Article_InContent-1\" class=\"rich-text-ad\"\/><\/p>\n<h2>Jefe ONU pide al mundo \u00abno dejarse\u00a0intimidar\u00bb por Israel<\/h2>\n<p>En tanto, el secretario general de la ONU, Antonio Guterres, dijo a la agencia AFP que el mundo no debe sentirse \u00abintimidado\u00bb por las amenazas de Israel de anexionar la Cisjordania ocupada.<\/p>\n<p>\u00abNo deber\u00edamos sentirnos intimidados por el riesgo de represalias\u00bb de Israel, afirm\u00f3\u00a0Guterres.<\/p>\n<p>\u00abHagamos lo que hagamos, estas acciones continuar\u00e1n y al menos habr\u00e1 una oportunidad de movilizar a la comunidad internacional para presionarlos para que no pase\u00bb, afirm\u00f3.<\/p>\n<p>\u00abLo que estamos presenciando en Gaza es horrible\u00bb, exclam\u00f3 Guterres, en referencia a los ataques de Israel contra la poblaci\u00f3n palestina, en momentos en los que su ej\u00e9rcito ha prometido usar \u00abuna fuerza sin precedentes\u00bb en la Ciudad de Gaza. <\/p>\n<p>\u00abEs el peor nivel de muerte y destrucci\u00f3n que he visto como secretario general, probablemente en mi vida, y el sufrimiento del pueblo palestino no se puede describir: hambre, carencia total de asistencia sanitaria eficaz, personas viviendo sin refugios adecuados en enormes \u00e1reas de concentraci\u00f3n\u00bb, explic\u00f3.<\/p>\n<p>GS (AFP, AP, Reuters)<\/p>\n<\/div>\n\n","protected":false},"excerpt":{"rendered":"<p>Diez pa\u00edses, entre ellos Francia, reconocer\u00e1n al Estado palestino el pr\u00f3ximo lunes en una conferencia al margen de la Asamblea General de la ONU en Nueva York, dijo el viernes (19.09.2025) un asesor del presidente franc\u00e9s, Emmanuel Macron. Los \u00abdiez pa\u00edses que han decidido\u00bb proceder al \u00abreconocimiento del Estado de Palestina\u00bb son \u00abAndorra, Australia, B\u00e9lgica, &hellip;<\/p>\n","protected":false},"author":1,"featured_media":43750,"comment_status":"open","ping_status":"open","sticky":false,"template":"","format":"standard","meta":{"fifu_image_url":"https:\/\/static.dw.com\/image\/72830452_6.jpg","fifu_image_alt":"","footnotes":""},"categories":[13],"tags":[],"class_list":["post-43749","post","type-post","status-publish","format-standard","has-post-thumbnail","","category-mundo"],"_links":{"self":[{"href":"https:\/\/noticiasveraces.com\/index.php?rest_route=\/wp\/v2\/posts\/43749","targetHints":{"allow":["GET"]}}],"collection":[{"href":"https:\/\/noticiasveraces.com\/index.php?rest_route=\/wp\/v2\/posts"}],"about":[{"href":"https:\/\/noticiasveraces.com\/index.php?rest_route=\/wp\/v2\/types\/post"}],"author":[{"embeddable":true,"href":"https:\/\/noticiasveraces.com\/index.php?rest_route=\/wp\/v2\/users\/1"}],"replies":[{"embeddable":true,"href":"https:\/\/noticiasveraces.com\/index.php?rest_route=%2Fwp%2Fv2%2Fcomments&post=43749"}],"version-history":[{"count":0,"href":"https:\/\/noticiasveraces.com\/index.php?rest_route=\/wp\/v2\/posts\/43749\/revisions"}],"wp:featuredmedia":[{"embeddable":true,"href":"https:\/\/noticiasveraces.com\/index.php?rest_route=\/wp\/v2\/media\/43750"}],"wp:attachment":[{"href":"https:\/\/noticiasveraces.com\/index.php?rest_route=%2Fwp%2Fv2%2Fmedia&parent=43749"}],"wp:term":[{"taxonomy":"category","embeddable":true,"href":"https:\/\/noticiasveraces.com\/index.php?rest_route=%2Fwp%2Fv2%2Fcategories&post=43749"},{"taxonomy":"post_tag","embeddable":true,"href":"https:\/\/noticiasveraces.com\/index.php?rest_route=%2Fwp%2Fv2%2Ftags&post=43749"}],"curies":[{"name":"wp","href":"https:\/\/api.w.org\/{rel}","templated":true}]}}