{"id":43730,"date":"2025-09-19T22:14:04","date_gmt":"2025-09-20T02:14:04","guid":{"rendered":"https:\/\/noticiasveraces.com\/?p=43730"},"modified":"2025-09-19T22:14:04","modified_gmt":"2025-09-20T02:14:04","slug":"el-nuevo-gobernador-de-la-fed-miran-explica-por-que-voto-por-un-mayor-recorte-de-tasas-de-interes","status":"publish","type":"post","link":"https:\/\/noticiasveraces.com\/?p=43730","title":{"rendered":"El nuevo gobernador de la Fed, Miran, explica por qu\u00e9 vot\u00f3 por un mayor recorte de tasas de inter\u00e9s"},"content":{"rendered":"<p> \n<\/p>\n<div><!----> <!----> <\/p>\n<div class=\"featured featured-video video-ct\">\n<div class=\"contain\">\n<div class=\"info\">\n<div class=\"caption\">\n<p>El gobernador de la Reserva Federal, Stephen Miran, desempaqueta la decisi\u00f3n de la agencia de reducir las tasas de inter\u00e9s, el estado de la econom\u00eda de los Estados Unidos y m\u00e1s en &#8216;Kudlow&#8217;.<\/p>\n<\/div>\n<\/div>\n<\/div>\n<\/div>\n<p>El reci\u00e9n confirmado gobernador de la Reserva Federal, Stephen Miran, defendi\u00f3 el viernes su postura al querer un recorte de tasa de inter\u00e9s de 50 puntos en lugar de 25 puntos.<\/p>\n<p>\u00abMi opini\u00f3n es que hay una serie de fuerzas desinflarias en los trabajos que est\u00e1n en juego que generar\u00e1n inflaci\u00f3n en el corto plazo\u00bb, dijo Miran durante una entrevista sobre \u00abKudlow\u00bb de Fox Business Network.<\/p>\n<p>\u00abPor ejemplo, una inmigraci\u00f3n m\u00e1s baja. Mi opini\u00f3n es que el suministro de viviendas se ajusta muy lento, y si arroja millones de nuevos residentes, millones de residentes inmigrantes, en un suministro relativamente fijo de viviendas, obtienes una gran inflaci\u00f3n de refugios, los alquileres suben m\u00e1s. Y est\u00e1 en la tuber\u00eda \u00ab.<\/p>\n<p>Miran tambi\u00e9n hizo una excepci\u00f3n a aquellos que dicen que los aranceles son inflacionarios.<\/p>\n<p><strong>El Senado confirma a Stephen Miran a la junta de la Fed por antes que la reuni\u00f3n de reducci\u00f3n de tarifas cruciales<\/strong><\/p>\n<div class=\"inline image-ct\">\n<div class=\"m\"><picture><source media=\"(max-width: 767px)\" srcset=\"https:\/\/a57.foxnews.com\/static.foxbusiness.com\/foxbusiness.com\/content\/uploads\/2025\/07\/343\/192\/miran.png?ve=1&amp;tl=1, https:\/\/a57.foxnews.com\/static.foxbusiness.com\/foxbusiness.com\/content\/uploads\/2025\/07\/686\/384\/miran.png?ve=1&amp;tl=1 2x\"><source media=\"(min-width: 768px) and (max-width: 1023px)\" srcset=\"https:\/\/a57.foxnews.com\/static.foxbusiness.com\/foxbusiness.com\/content\/uploads\/2025\/07\/672\/378\/miran.png?ve=1&amp;tl=1, https:\/\/a57.foxnews.com\/static.foxbusiness.com\/foxbusiness.com\/content\/uploads\/2025\/07\/1344\/756\/miran.png?ve=1&amp;tl=1 2x\"><source media=\"(min-width: 1024px) and (max-width: 1279px)\" srcset=\"https:\/\/a57.foxnews.com\/static.foxbusiness.com\/foxbusiness.com\/content\/uploads\/2025\/07\/931\/523\/miran.png?ve=1&amp;tl=1, https:\/\/a57.foxnews.com\/static.foxbusiness.com\/foxbusiness.com\/content\/uploads\/2025\/07\/1862\/1046\/miran.png?ve=1&amp;tl=1 2x\"><source media=\"(min-width: 1280px)\" srcset=\"https:\/\/a57.foxnews.com\/static.foxbusiness.com\/foxbusiness.com\/content\/uploads\/2025\/07\/720\/405\/miran.png?ve=1&amp;tl=1, https:\/\/a57.foxnews.com\/static.foxbusiness.com\/foxbusiness.com\/content\/uploads\/2025\/07\/1440\/810\/miran.png?ve=1&amp;tl=1 2x\"><img decoding=\"async\" src=\"https:\/\/a57.foxnews.com\/static.foxbusiness.com\/foxbusiness.com\/content\/uploads\/2025\/07\/931\/523\/miran.png?ve=1&amp;tl=1\" alt=\"Stephen Miran, presidente del Consejo de Asesores Econ\u00f3micos\"\/><\/source><\/source><\/source><\/source><\/picture><\/div>\n<div class=\"caption\">\n<p><span>Stephen Miran fue confirmado a la Junta de Gobernadores de la Reserva Federal el 15 de septiembre.<\/span><span>  (Getty Images \/ Getty Images)<\/span><\/p>\n<\/div>\n<\/div>\n<p>\u00abNo veo evidencia de que haya habido inflaci\u00f3n de los aranceles en absoluto\u00bb, dijo. \u00abPara m\u00ed, si iba a buscar evidencia de la inflaci\u00f3n de los aranceles, creo que los bienes centrales intensivos en importaci\u00f3n estar\u00edan inflando m\u00e1s que los bienes centrales generales, que no es el caso\u00bb.<\/p>\n<p>Presidente <u>Donald Trump<\/u> Aprovech\u00f3 a Miran, quien anteriormente dirigi\u00f3 el Consejo de Asesores Econ\u00f3micos de la Casa Blanca, el 7 de agosto para ocupar el asiento desocupado por la gobernadora de la Reserva Federal Adriana Kugler, quien renunci\u00f3 en agosto. Miran terminar\u00e1 el resto del t\u00e9rmino de Kugler, que termina el 31 de enero de 2026. <\/p>\n<p>Miran dijo a los legisladores durante su audiencia de nominaci\u00f3n el 4 de septiembre que tomar\u00eda permiso no remunerado de su posici\u00f3n de la Casa Blanca mientras \u00e9l sirve en la Junta de Gobernadores de la Fed.<\/p>\n<div class=\"inline image-ct\">\n<div class=\"m\"><picture><source media=\"(max-width: 767px)\" srcset=\"https:\/\/a57.foxnews.com\/static.foxbusiness.com\/foxbusiness.com\/content\/uploads\/2025\/09\/343\/192\/stephen-miran-on-white-house-grounds.jpg?ve=1&amp;tl=1, https:\/\/a57.foxnews.com\/static.foxbusiness.com\/foxbusiness.com\/content\/uploads\/2025\/09\/686\/384\/stephen-miran-on-white-house-grounds.jpg?ve=1&amp;tl=1 2x\"><source media=\"(min-width: 768px) and (max-width: 1023px)\" srcset=\"https:\/\/a57.foxnews.com\/static.foxbusiness.com\/foxbusiness.com\/content\/uploads\/2025\/09\/672\/378\/stephen-miran-on-white-house-grounds.jpg?ve=1&amp;tl=1, https:\/\/a57.foxnews.com\/static.foxbusiness.com\/foxbusiness.com\/content\/uploads\/2025\/09\/1344\/756\/stephen-miran-on-white-house-grounds.jpg?ve=1&amp;tl=1 2x\"><source media=\"(min-width: 1024px) and (max-width: 1279px)\" srcset=\"https:\/\/a57.foxnews.com\/static.foxbusiness.com\/foxbusiness.com\/content\/uploads\/2025\/09\/931\/523\/stephen-miran-on-white-house-grounds.jpg?ve=1&amp;tl=1, https:\/\/a57.foxnews.com\/static.foxbusiness.com\/foxbusiness.com\/content\/uploads\/2025\/09\/1862\/1046\/stephen-miran-on-white-house-grounds.jpg?ve=1&amp;tl=1 2x\"><source media=\"(min-width: 1280px)\" srcset=\"https:\/\/a57.foxnews.com\/static.foxbusiness.com\/foxbusiness.com\/content\/uploads\/2025\/09\/720\/405\/stephen-miran-on-white-house-grounds.jpg?ve=1&amp;tl=1, https:\/\/a57.foxnews.com\/static.foxbusiness.com\/foxbusiness.com\/content\/uploads\/2025\/09\/1440\/810\/stephen-miran-on-white-house-grounds.jpg?ve=1&amp;tl=1 2x\"><img decoding=\"async\" src=\"https:\/\/a57.foxnews.com\/static.foxbusiness.com\/foxbusiness.com\/content\/uploads\/2025\/09\/931\/523\/stephen-miran-on-white-house-grounds.jpg?ve=1&amp;tl=1\" alt=\"Presidente del Consejo de Asesores Econ\u00f3micos de la Casa Blanca Stephen Miran\"\/><\/source><\/source><\/source><\/source><\/picture><\/div>\n<div class=\"caption\">\n<p><span>El presidente Donald Trump aprovech\u00f3 a Miran para llenar el asiento desocupado por la gobernadora de la Reserva Federal Adriana Kugler.<\/span><span>  (Andrew Harnik \/ Getty Images \/ Getty Images)<\/span><\/p>\n<\/div>\n<\/div>\n<p><strong><u>Miran promete independencia, licencia no remunerada de la Casa Blanca si se confirma<\/u><\/strong><\/p>\n<p>Miran tambi\u00e9n dijo que tiene una perspectiva positiva para la econom\u00eda durante el resto del a\u00f1o.<\/p>\n<p>\u00abMira, quiero decir, creo que la primera mitad del a\u00f1o no fue tan fuerte como hubiera esperado, pero como he dicho, en otros lugares, creo que mucho se debi\u00f3 a la incertidumbre\u00bb, dijo Miran.<\/p>\n<div class=\"inline image-ct\">\n<div class=\"m\"><picture><source media=\"(max-width: 767px)\" srcset=\"https:\/\/a57.foxnews.com\/static.foxbusiness.com\/foxbusiness.com\/content\/uploads\/2025\/08\/343\/192\/us-capitol-summer-rain-reflection.jpg?ve=1&amp;tl=1, https:\/\/a57.foxnews.com\/static.foxbusiness.com\/foxbusiness.com\/content\/uploads\/2025\/08\/686\/384\/us-capitol-summer-rain-reflection.jpg?ve=1&amp;tl=1 2x\"><source media=\"(min-width: 768px) and (max-width: 1023px)\" srcset=\"https:\/\/a57.foxnews.com\/static.foxbusiness.com\/foxbusiness.com\/content\/uploads\/2025\/08\/672\/378\/us-capitol-summer-rain-reflection.jpg?ve=1&amp;tl=1, https:\/\/a57.foxnews.com\/static.foxbusiness.com\/foxbusiness.com\/content\/uploads\/2025\/08\/1344\/756\/us-capitol-summer-rain-reflection.jpg?ve=1&amp;tl=1 2x\"><source media=\"(min-width: 1024px) and (max-width: 1279px)\" srcset=\"https:\/\/a57.foxnews.com\/static.foxbusiness.com\/foxbusiness.com\/content\/uploads\/2025\/08\/931\/523\/us-capitol-summer-rain-reflection.jpg?ve=1&amp;tl=1, https:\/\/a57.foxnews.com\/static.foxbusiness.com\/foxbusiness.com\/content\/uploads\/2025\/08\/1862\/1046\/us-capitol-summer-rain-reflection.jpg?ve=1&amp;tl=1 2x\"><source media=\"(min-width: 1280px)\" srcset=\"https:\/\/a57.foxnews.com\/static.foxbusiness.com\/foxbusiness.com\/content\/uploads\/2025\/08\/720\/405\/us-capitol-summer-rain-reflection.jpg?ve=1&amp;tl=1, https:\/\/a57.foxnews.com\/static.foxbusiness.com\/foxbusiness.com\/content\/uploads\/2025\/08\/1440\/810\/us-capitol-summer-rain-reflection.jpg?ve=1&amp;tl=1 2x\"><img decoding=\"async\" src=\"https:\/\/a57.foxnews.com\/static.foxbusiness.com\/foxbusiness.com\/content\/uploads\/2025\/08\/931\/523\/us-capitol-summer-rain-reflection.jpg?ve=1&amp;tl=1\" alt=\"El reflejo del Capitolio de los Estados Unidos despu\u00e9s de una tormenta de lluvia\"\/><\/source><\/source><\/source><\/source><\/picture><\/div>\n<div class=\"caption\">\n<p><span>Miran tambi\u00e9n dijo que tiene una perspectiva positiva para la econom\u00eda durante el resto del a\u00f1o.<\/span><span>  (Demetrius Freeman \/ The Washington Post a trav\u00e9s de Getty Images \/ Getty Images)<\/span><\/p>\n<\/div>\n<\/div>\n<p><strong><u>Trump nombra a Miran como reemplazo del asiento de la junta de la Fed<\/u><\/strong><\/p>\n<p>\u00abTen\u00edamos incertidumbre de que podr\u00edamos tener el mayor aumento de impuestos en la historia\u00bb, agreg\u00f3. \u00abTuvimos incertidumbre ya que tuvimos un cambio masivo en la pol\u00edtica comercial. Esa incertidumbre se disip\u00f3, \u00bfverdad? El Congreso aprob\u00f3 recientemente el proyecto de ley de impuestos, que evit\u00f3 que ese gran aumento fiscal. En general, los acuerdos comerciales se realizan con la mayor\u00eda de nuestros socios comerciales importantes. Esa incertidumbre ha desaparecido, por lo que espero que la segunda mitad del a\u00f1o sea mejor\u00bb.<\/p>\n<p><strong><u>Haga clic aqu\u00ed para leer m\u00e1s en Fox Business<\/u><\/strong><\/p>\n<\/div>\n\n","protected":false},"excerpt":{"rendered":"<p>El gobernador de la Reserva Federal, Stephen Miran, desempaqueta la decisi\u00f3n de la agencia de reducir las tasas de inter\u00e9s, el estado de la econom\u00eda de los Estados Unidos y m\u00e1s en &#8216;Kudlow&#8217;. El reci\u00e9n confirmado gobernador de la Reserva Federal, Stephen Miran, defendi\u00f3 el viernes su postura al querer un recorte de tasa de &hellip;<\/p>\n","protected":false},"author":1,"featured_media":43732,"comment_status":"open","ping_status":"open","sticky":false,"template":"","format":"standard","meta":{"fifu_image_url":"https:\/\/a57.foxnews.com\/static.foxbusiness.com\/foxbusiness.com\/content\/uploads\/2025\/07\/0\/0\/miran.png?ve=1&tl=1","fifu_image_alt":"","footnotes":""},"categories":[3],"tags":[],"class_list":["post-43730","post","type-post","status-publish","format-standard","has-post-thumbnail","","category-negocio"],"_links":{"self":[{"href":"https:\/\/noticiasveraces.com\/index.php?rest_route=\/wp\/v2\/posts\/43730","targetHints":{"allow":["GET"]}}],"collection":[{"href":"https:\/\/noticiasveraces.com\/index.php?rest_route=\/wp\/v2\/posts"}],"about":[{"href":"https:\/\/noticiasveraces.com\/index.php?rest_route=\/wp\/v2\/types\/post"}],"author":[{"embeddable":true,"href":"https:\/\/noticiasveraces.com\/index.php?rest_route=\/wp\/v2\/users\/1"}],"replies":[{"embeddable":true,"href":"https:\/\/noticiasveraces.com\/index.php?rest_route=%2Fwp%2Fv2%2Fcomments&post=43730"}],"version-history":[{"count":0,"href":"https:\/\/noticiasveraces.com\/index.php?rest_route=\/wp\/v2\/posts\/43730\/revisions"}],"wp:featuredmedia":[{"embeddable":true,"href":"https:\/\/noticiasveraces.com\/index.php?rest_route=\/wp\/v2\/media\/43732"}],"wp:attachment":[{"href":"https:\/\/noticiasveraces.com\/index.php?rest_route=%2Fwp%2Fv2%2Fmedia&parent=43730"}],"wp:term":[{"taxonomy":"category","embeddable":true,"href":"https:\/\/noticiasveraces.com\/index.php?rest_route=%2Fwp%2Fv2%2Fcategories&post=43730"},{"taxonomy":"post_tag","embeddable":true,"href":"https:\/\/noticiasveraces.com\/index.php?rest_route=%2Fwp%2Fv2%2Ftags&post=43730"}],"curies":[{"name":"wp","href":"https:\/\/api.w.org\/{rel}","templated":true}]}}