{"id":43721,"date":"2025-09-19T22:01:19","date_gmt":"2025-09-20T02:01:19","guid":{"rendered":"https:\/\/noticiasveraces.com\/?p=43721"},"modified":"2025-09-19T22:01:19","modified_gmt":"2025-09-20T02:01:19","slug":"ricardo-gareca-confirmo-que-le-gustaria-volver-a-dirigir-a-america-y-revelo-por-que-no-llego-al-club-curiosidades-de-futbol","status":"publish","type":"post","link":"https:\/\/noticiasveraces.com\/?p=43721","title":{"rendered":"Ricardo Gareca confirm\u00f3 que le gustar\u00eda volver a dirigir a Am\u00e9rica y revel\u00f3 por qu\u00e9 no lleg\u00f3 al club | Curiosidades de f\u00fatbol"},"content":{"rendered":"<p> \n<br \/><img decoding=\"async\" src=\"https:\/\/www.futbolred.com\/files\/article_graphic\/uploads\/2024\/10\/15\/670f07b17f6f4.jpeg\" \/><\/p>\n<div id=\"cuerpoArticulo\">\n<p class=\"texto intro cnx-companion-firstparagraph\" id=\"p255486-m633-632-634\"><b>Am\u00e9rica de Cali <\/b>tuvo semanas movidas luego de la salida de Diego Gabriel Raimondi de la direcci\u00f3n t\u00e9cnica por los malos resultados que dejaron al club en el \u00faltimo puesto de la tabla de la Liga Betplay 2025-II y tambi\u00e9n por la eliminaci\u00f3n en la Copa Sudamericana.  <\/p>\n<p>Apenas finaliz\u00f3 el contrato del argentino, la directiva se puso a buscar a su reemplazo y confiaron en el antioque\u00f1o <b>David Gonz\u00e1lez <\/b>que lleg\u00f3 luego de un turbulento paso por Millonarios.  <\/p>\n<p>Pues bien, previo a la contrataci\u00f3n de Gonz\u00e1lez sonaron varios nombres entre ellos el de <b>Ricardo Gareca<\/b>\u00eddolo del equipo vallecaucano y que se encontraba libre. No obstante, el argentino finalmente no lleg\u00f3 por cuestiones personales. <\/p>\n<p class=\"texto contenido-parrafo-articulo cnx-companion-paragraph\" id=\"p255486-m709-3-710\">Finalizada la novela de la elecci\u00f3n del nuevo t\u00e9cnico de Am\u00e9rica, Gareca dialog\u00f3 con Caracol Radio y all\u00ed habl\u00f3 sobre si hubo acercamientos para dirigir en el FPC y de su actualidad.  <\/p>\n<p>Inicialmente, se\u00f1al\u00f3 que para este semestre no tuvo llamada del club y confirm\u00f3 que por poco llega antes de ir a Chile: \u201cSi (ten\u00eda acuerdo), pero yo ya ten\u00eda la palabra con la Selecci\u00f3n de Chile en el momento que llam\u00f3 la gente de Am\u00e9rica\u00bb.  <\/p>\n<p>Luego, explic\u00f3 por qu\u00e9 no lleg\u00f3 a Am\u00e9rica y si dirigir\u00e1 al club en enero: \u201cYo tengo unos emprendimientos personales en Argentina, lo que he decidido es no trabajar porque tengo cosas postergadas y voy a estar con mi familia. Es necesario la presencia m\u00eda con mis hijos. Pero el a\u00f1o que viene la idea es empezar a trabajar. Ac\u00e1 en argentina, en Colombia o en el lugar que se d\u00e9. No tengo problemas del lugar y desde enero puedo escuchar ofertas\u00bb.  <\/p>\n<p>Despu\u00e9s, se\u00f1al\u00f3 que est\u00e1 en los planes entrenar a Am\u00e9rica: \u201cAm\u00e9rica es el \u00fanico club en el que jugu\u00e9 en el extranjero, y pasaron 5 a\u00f1os donde me trataron de maravilla, tengo gran cari\u00f1o por la instituci\u00f3n que quiero, y supongo que siempre tiene uno la posibilidad de llegar en cualquier momento, respetando, claro, lo \u00fanico que me interesa es no generar un conflicto, pero es lo que quiero, por supuesto\u00bb.  <\/p>\n<p><b>Otras declaraciones de Ricardo Gareca  <br \/><\/b><br \/><b>Charla con Tulio G\u00f3mez <br \/><\/b><br \/>\u201cMe trataron muy bien la vez que fui, mucho respeto y soy muy agradecido. Tengo amistad con mucha gente, como Jairo Bernal, que fue nuestro masajista. Colombia es un pa\u00eds donde muchas veces voy para visitar amigos, colegas\u201d.  <\/p>\n<p><b>Si aceptar\u00eda una oferta de Nacional o otro grande del FPC <br \/><\/b><br \/>\u201cPor Nacional tengo gran respeto, es un grande y est\u00e1 en el mismo nivel de Am\u00e9rica y Millonarios. Quiz\u00e1s Am\u00e9rica y Nacional han crecido m\u00e1s, pero Millos es un enorme. Me siento muy identificado con Am\u00e9rica y con respecto a eso, es una decisi\u00f3n que no ha llegado el caso, pero tengo la cabeza a puesta en pensar en los emprendimientos que tengo y despu\u00e9s veremos qu\u00e9 propuesta puedo tener\u201d.  <\/p>\n<p><b>Su paso por Chile <br \/><\/b><br \/>\u201cNo fue bueno deportivamente, los resultados est\u00e1n a la vista y nunca le encontr\u00e9 la vuelta para enderezar. Ten\u00eda varios jugadores y ten\u00eda muchas expectativas, no tuve mucho tiempo tampoco porque es un proceso comenzado y hab\u00eda que dar un resultado inmediato y no lo pude lograr. Los resultados no se dieron, pero estoy agradecido con el trato que recib\u00ed\u201d.  <\/p>\n<p><b>Lo que espera de Colombia en el Mundial  <br \/><\/b><br \/>\u201cArranc\u00f3 con una expectativa enorme, despu\u00e9s le cost\u00f3, pero eso no invalida nada del trabajo de Lorenzo, lleg\u00f3 a la final de la Copa Am\u00e9rica con oportunidades de ganarla ante una selecci\u00f3n que es la mejor de estos momentos. Este baj\u00f3n le permite tener los pies sobre la tierra para no cometer errores, entonces me parece bueno que les toque vivir alg\u00fan momento donde haya dudas. Eso no le quita m\u00e9ritos a nadie, pero s\u00ed permite analizar y revisar por qu\u00e9 pasan algunas cosas. La Selecci\u00f3n Colombia tiene todo el potencial para hacer un gran Mundial\u00bb.<\/p>\n<\/div>\n\n","protected":false},"excerpt":{"rendered":"<p>Am\u00e9rica de Cali tuvo semanas movidas luego de la salida de Diego Gabriel Raimondi de la direcci\u00f3n t\u00e9cnica por los malos resultados que dejaron al club en el \u00faltimo puesto de la tabla de la Liga Betplay 2025-II y tambi\u00e9n por la eliminaci\u00f3n en la Copa Sudamericana. Apenas finaliz\u00f3 el contrato del argentino, la directiva &hellip;<\/p>\n","protected":false},"author":1,"featured_media":43723,"comment_status":"open","ping_status":"open","sticky":false,"template":"","format":"standard","meta":{"fifu_image_url":"https:\/\/www.futbolred.com\/files\/og_thumbnail\/uploads\/2024\/10\/15\/670f07b17f6f4.jpeg","fifu_image_alt":"","footnotes":""},"categories":[6],"tags":[],"class_list":["post-43721","post","type-post","status-publish","format-standard","has-post-thumbnail","","category-deportes"],"_links":{"self":[{"href":"https:\/\/noticiasveraces.com\/index.php?rest_route=\/wp\/v2\/posts\/43721","targetHints":{"allow":["GET"]}}],"collection":[{"href":"https:\/\/noticiasveraces.com\/index.php?rest_route=\/wp\/v2\/posts"}],"about":[{"href":"https:\/\/noticiasveraces.com\/index.php?rest_route=\/wp\/v2\/types\/post"}],"author":[{"embeddable":true,"href":"https:\/\/noticiasveraces.com\/index.php?rest_route=\/wp\/v2\/users\/1"}],"replies":[{"embeddable":true,"href":"https:\/\/noticiasveraces.com\/index.php?rest_route=%2Fwp%2Fv2%2Fcomments&post=43721"}],"version-history":[{"count":0,"href":"https:\/\/noticiasveraces.com\/index.php?rest_route=\/wp\/v2\/posts\/43721\/revisions"}],"wp:featuredmedia":[{"embeddable":true,"href":"https:\/\/noticiasveraces.com\/index.php?rest_route=\/wp\/v2\/media\/43723"}],"wp:attachment":[{"href":"https:\/\/noticiasveraces.com\/index.php?rest_route=%2Fwp%2Fv2%2Fmedia&parent=43721"}],"wp:term":[{"taxonomy":"category","embeddable":true,"href":"https:\/\/noticiasveraces.com\/index.php?rest_route=%2Fwp%2Fv2%2Fcategories&post=43721"},{"taxonomy":"post_tag","embeddable":true,"href":"https:\/\/noticiasveraces.com\/index.php?rest_route=%2Fwp%2Fv2%2Ftags&post=43721"}],"curies":[{"name":"wp","href":"https:\/\/api.w.org\/{rel}","templated":true}]}}