{"id":43688,"date":"2025-09-19T15:35:17","date_gmt":"2025-09-19T19:35:17","guid":{"rendered":"https:\/\/noticiasveraces.com\/?p=43688"},"modified":"2025-09-19T15:35:17","modified_gmt":"2025-09-19T19:35:17","slug":"la-reticencia-de-alemania-a-reconocer-al-estado-de-palestina-dw-19-09-2025","status":"publish","type":"post","link":"https:\/\/noticiasveraces.com\/?p=43688","title":{"rendered":"La reticencia de Alemania a reconocer al Estado de Palestina \u2013 DW \u2013 19\/09\/2025"},"content":{"rendered":"<p> \n<\/p>\n<div data-tracking-name=\"rich-text\" data-tracking-skip=\"true\">\n<p>El lunes 22 de septiembre y junto al East River de Nueva York, en la Asamblea General de las Naciones Unidas, Francia, Canad\u00e1 y B\u00e9lgica planean reconocer a Palestina como Estado, y probablemente el Reino Unido seguir\u00e1 su ejemplo. Su objetivo es presionar a Israel para que ponga fin a la guerra en\u00a0Gaza e inicie un nuevo proceso de paz.<\/p>\n<p>Casi 150 de los 193 miembros de la ONU ya han reconocido a Palestina. Francia, el Reino Unido y Canad\u00e1, pesos pesados del G7, el grupo de las siete principales naciones industrializadas occidentales, se unir\u00edan ahora a ellos. Estados Unidos, por otro lado, rechaza rotundamente tal reconocimiento, al igual que Israel. El primer ministro israel\u00ed, Benjam\u00edn Netanyahu, lo ve como \u00abuna recompensa al terrorismo\u00bb del grupo islamista radical Ham\u00e1s.<\/p>\n<p>Para la Autoridad Palestina, el reconocimiento estatal por parte de Estados tan importantes ser\u00eda todo un privilegio y una derrota diplom\u00e1tica para Israel, especialmente ahora, en medio de la escalada del conflicto en Gaza.<\/p>\n<h2>Requisito irreal para una soluci\u00f3n de dos Estados<\/h2>\n<p>Sin embargo, el Gobierno alem\u00e1n en Berl\u00edn no dar\u00e1 este paso \u00aba corto plazo\u00bb, como se ha declarado oficialmente. \u00abNo nos sumaremos a esta iniciativa\u00bb, declar\u00f3 el canciller Friedrich Merz, del partido conservador CDU, en agosto, durante una visita del primer ministro canadiense, Mark Carney.<\/p>\n<p>La justificaci\u00f3n de Merz fue m\u00e1s bien formal: \u00abActualmente, no consideramos que se cumplan en absoluto los requisitos para el reconocimiento estatal\u00bb. El reconocimiento, afirm\u00f3, debe ser el paso final de un proceso de paz que conduzca a una soluci\u00f3n de dos Estados.<\/p>\n<p>El problema es que no se vislumbra en absoluto una soluci\u00f3n de dos Estados. Desde la masacre perpetrada por la organizaci\u00f3n terrorista isl\u00e1mica radical Ham\u00e1s en Israel, el 7 de octubre de 2023, y la posterior acci\u00f3n militar israel\u00ed en la Franja de Gaza, que a\u00fan contin\u00faa, las probabilidades de que esto ocurra son pr\u00e1cticamente nulas. Por lo tanto, los cr\u00edticos con el Gobierno alem\u00e1n creen que simplemente est\u00e1 planteando este requisito irreal para el reconocimiento con el fin de evitar tomar una\u00a0decisi\u00f3n.<\/p>\n<p><span data-slot-id=\"Article_InContent-1\" class=\"rich-text-ad\"\/><\/p>\n<h2>Las l\u00e1grimas de Friedrich Merz<\/h2>\n<p>El Gobierno alem\u00e1n se encuentra en un dilema particular con respecto a Israel y Palestina: por\u00a0los millones de jud\u00edos asesinados durante la era nazi, siente una responsabilidad especial por la seguridad de Israel e incluso la ha confirmado como\u00a0\u00abraz\u00f3n de Estado\u00bb\u00a0de Alemania.<\/p>\n<p>Para el canciller, esto es obviamente mucho m\u00e1s que simples palabras. En un discurso pronunciado hace unos d\u00edas en la reapertura de una sinagoga en M\u00fanich, destruida por los nazis, Merz apenas contuvo las l\u00e1grimas al decir: \u00abDesde el 7 de octubre, hemos estado experimentando \u2014ustedes han estado experimentando\u2014 una nueva ola de antisemitismo, con formas viejas\u00a0y nuevas, abiertamente y sin disimulo, con\u00a0palabras y hechos, en redes sociales, en universidades, en espacios p\u00fablicos\u00bb. Esto lo averguenza, dijo Merz, luchando visiblemente por mantener la compostura, y declar\u00f3 la guerra a toda forma de antisemitismo en Alemania.<\/p>\n<p>Sin embargo, el canciller separa la lucha contra el antisemitismo de su evaluaci\u00f3n sobre las pol\u00edticas de Israel, sobre todo, sobre\u00a0sus acciones militares en la Franja de Gaza. Merz ha criticado duramente esto en otros foros y, en consecuencia, detuvo este verano todas las exportaciones de armas a Israel que pudieran utilizarse en la guerra de Gaza.<\/p>\n<blockquote class=\"instagram embed\" data-href=\"https:\/\/www.instagram.com\/p\/DOyP18DjJuP\/\"\/>\n<p>En una ceremonia conmemorativa del 75\u00ba aniversario de la fundaci\u00f3n del Consejo Central de Jud\u00edos en Alemania, Merz declar\u00f3: \u00abCriticar la pol\u00edtica del Gobierno israel\u00ed debe ser posible, incluso puede ser necesario. Disentir en este asunto no es deslealtad a nuestra amistad\u00bb.<\/p>\n<h2>Presi\u00f3n interna y externa<\/h2>\n<p>Pero la presi\u00f3n sobre el Gobierno alem\u00e1n para que adopte una postura m\u00e1s firme est\u00e1 aumentando. Proviene, por ejemplo, de la Uni\u00f3n Europea. La jefa de la UE para Asuntos Exteriores, Kaja Kallas, exige que Alemania participe en las sanciones contra Israel. La presidenta de la Comisi\u00f3n Europea, Ursula von der Leyen, por ejemplo, propone que la UE suspenda los beneficios comerciales con Israel.<\/p>\n<p>A Jens Spahn, l\u00edder del grupo parlamentario CDU\/CSU en el Bundestag, todo esto le recuerda al cap\u00edtulo m\u00e1s oscuro de la historia alemana. \u00ab\u00bfCu\u00e1l ser\u00e1 entonces el resultado? \u00bf&#8217;No comprar m\u00e1s en (negocios) de jud\u00edos&#8217;? Ya tuvimos todo esto en el pasado\u00bb, declar\u00f3 en ZDF, aludiendo a los llamamientos nazis a\u00a0boicotear los negocios jud\u00edos en la d\u00e9cada de 1930. En cuanto al tema de Israel y Gaza, especialmente en Alemania, \u00abel equilibrio se pierde r\u00e1pidamente y se entra en terreno antisemita\u00bb, advirti\u00f3 Spahn.<\/p>\n<p>La presi\u00f3n interna tambi\u00e9n va en aumento. Los socialdem\u00f3cratas del Gobierno de coalici\u00f3n en Berl\u00edn sin duda pueden imaginarse aplicar sanciones. El partido de Los Verdes, en la oposici\u00f3n, va a\u00fan m\u00e1s lejos. Su col\u00edder, Franziska Brantner, declar\u00f3 a la Agencia de Prensa Alemana dpa que Merz y el ministro de Exteriores, Johann Wadephul (tambi\u00e9n de la CDU), deben decidirse: \u00ab\u00bfSe aliar\u00e1n con las fuerzas comprometidas con la paz para todos los pueblos de Israel y Palestina? \u00bfO se quedar\u00e1n de brazos cruzados mientras un Gobierno israel\u00ed, en parte de extrema derecha, contin\u00faa sembrando el caos en Gaza, y la perspectiva de paz y la liberaci\u00f3n de los rehenes se vuelve cada vez m\u00e1s remota?\u00bb<\/p>\n<p>Una alianza de decenas de organizaciones de la sociedad civil tambi\u00e9n insta al Gobierno alem\u00e1n, mediante una petici\u00f3n, a que act\u00fae tras sus cr\u00edticas a Israel.<\/p>\n<figure class=\"placeholder-image master_landscape big\"><img data-format=\"MASTER_LANDSCAPE\" data-id=\"74065130\" data-url=\"https:\/\/static.dw.com\/image\/74065130_${formatId}.jpg\" data-aspect-ratio=\"16\/9\" alt=\"Palestinos caminando con sus pertenencias.\" style=\"padding-bottom: 56.25%; height: 0; max-height: 0;\"\/><figcaption class=\"img-caption\">Palestinos huyen de Ciudad de Gaza y se dirigen hacia el sur.<small class=\"copyright\">Imagine: Eyad Baba\/AFP\/Getty Images<\/small><\/figcaption><\/figure>\n<h2>Encuesta: mayor\u00eda en Alemania a favor del reconocimiento de Palestina<\/h2>\n<p>Sin embargo, el reconocimiento estatal de Palestina es un asunto diferente. Y el canciller parece mantenerse firme en este asunto, a pesar de que aparentemente la mayor\u00eda de la poblaci\u00f3n alemana est\u00e1 en contra. En cualquier caso, en una encuesta de Forsa de principios de agosto, el 54 por ciento de los encuestados se mostr\u00f3 a favor, mientras que el 31 por ciento, en contra.<\/p>\n<p>Entretanto, la oposici\u00f3n al reconocimiento del Estado palestino en la ONU est\u00e1 disminuyendo. Si los aliados cercanos de Alemania, como Francia, el Reino Unido y Canad\u00e1, cambian de bando, Berl\u00edn se mostrar\u00e1 a\u00fan m\u00e1s a la defensiva. Estados Unidos, en particular, se mantiene del lado de Alemania, lo que no necesariamente facilita las cosas diplom\u00e1ticamente para el Gobierno alem\u00e1n, dado el controvertido presidente Donald Trump.<\/p>\n<p>Estados Unidos, donde se encuentra la sede de la ONU, niega\u00a0la entrada al pa\u00eds a Mahmud Ab\u00e1s, presidente de la Autoridad Palestina. Por lo tanto, aunque varios pa\u00edses occidentales reconozcan ahora a Palestina como Estado en Nueva York, Ab\u00e1s no tendr\u00e1 ninguna plataforma para expresarse all\u00ed.<\/p>\n<p>(RMR\/RML)<\/p>\n<\/div>\n<p><script async src=\"\/\/www.instagram.com\/embed.js\"><\/script><br \/>\n<br \/>\n","protected":false},"excerpt":{"rendered":"<p>El lunes 22 de septiembre y junto al East River de Nueva York, en la Asamblea General de las Naciones Unidas, Francia, Canad\u00e1 y B\u00e9lgica planean reconocer a Palestina como Estado, y probablemente el Reino Unido seguir\u00e1 su ejemplo. Su objetivo es presionar a Israel para que ponga fin a la guerra en\u00a0Gaza e inicie &hellip;<\/p>\n","protected":false},"author":1,"featured_media":43689,"comment_status":"open","ping_status":"open","sticky":false,"template":"","format":"standard","meta":{"fifu_image_url":"https:\/\/static.dw.com\/image\/74034133_6.jpg","fifu_image_alt":"","footnotes":""},"categories":[13],"tags":[],"class_list":["post-43688","post","type-post","status-publish","format-standard","has-post-thumbnail","","category-mundo"],"_links":{"self":[{"href":"https:\/\/noticiasveraces.com\/index.php?rest_route=\/wp\/v2\/posts\/43688","targetHints":{"allow":["GET"]}}],"collection":[{"href":"https:\/\/noticiasveraces.com\/index.php?rest_route=\/wp\/v2\/posts"}],"about":[{"href":"https:\/\/noticiasveraces.com\/index.php?rest_route=\/wp\/v2\/types\/post"}],"author":[{"embeddable":true,"href":"https:\/\/noticiasveraces.com\/index.php?rest_route=\/wp\/v2\/users\/1"}],"replies":[{"embeddable":true,"href":"https:\/\/noticiasveraces.com\/index.php?rest_route=%2Fwp%2Fv2%2Fcomments&post=43688"}],"version-history":[{"count":0,"href":"https:\/\/noticiasveraces.com\/index.php?rest_route=\/wp\/v2\/posts\/43688\/revisions"}],"wp:featuredmedia":[{"embeddable":true,"href":"https:\/\/noticiasveraces.com\/index.php?rest_route=\/wp\/v2\/media\/43689"}],"wp:attachment":[{"href":"https:\/\/noticiasveraces.com\/index.php?rest_route=%2Fwp%2Fv2%2Fmedia&parent=43688"}],"wp:term":[{"taxonomy":"category","embeddable":true,"href":"https:\/\/noticiasveraces.com\/index.php?rest_route=%2Fwp%2Fv2%2Fcategories&post=43688"},{"taxonomy":"post_tag","embeddable":true,"href":"https:\/\/noticiasveraces.com\/index.php?rest_route=%2Fwp%2Fv2%2Ftags&post=43688"}],"curies":[{"name":"wp","href":"https:\/\/api.w.org\/{rel}","templated":true}]}}