{"id":43656,"date":"2025-09-19T11:10:26","date_gmt":"2025-09-19T15:10:26","guid":{"rendered":"https:\/\/noticiasveraces.com\/?p=43656"},"modified":"2025-09-19T11:10:26","modified_gmt":"2025-09-19T15:10:26","slug":"espana-lidera-el-ranking-fifa-de-hombres-y-de-mujeres-dw-18-09-2025","status":"publish","type":"post","link":"https:\/\/noticiasveraces.com\/?p=43656","title":{"rendered":"Espa\u00f1a lidera el r\u00e1nking FIFA de hombres y de mujeres \u2013 DW \u2013 18\/09\/2025"},"content":{"rendered":"<p> \n<\/p>\n<div data-tracking-name=\"rich-text\" data-tracking-skip=\"true\">\n<p>Espa\u00f1a se convirti\u00f3 este jueves en el primer pa\u00eds que lidera a la vez la clasificaci\u00f3n masculina y femenina de la FIFA en la presente d\u00e9cada, tras el ascenso del combinado masculino de la segunda a la primera posici\u00f3n del r\u00e1nking y su regreso al liderato despu\u00e9s de once a\u00f1os.<\/p>\n<p>La Federaci\u00f3n Espa\u00f1ola de F\u00fatbol (RFEF) destac\u00f3 que \u00abEspa\u00f1a certifica la excelencia mundial de su f\u00fatbol\u00bb al encabezar ambas clasificaciones, un hecho in\u00e9dito hasta la fecha con la excepci\u00f3n \u00fanica de Alemania, que lo logr\u00f3 en 2015 cuando era campeona del mundo masculina y femenina.<\/p>\n<figure class=\"placeholder-image master_landscape big\"><img data-format=\"MASTER_LANDSCAPE\" data-id=\"72838640\" data-url=\"https:\/\/static.dw.com\/image\/72838640_${formatId}.jpg\" data-aspect-ratio=\"16\/9\" alt=\"La selecci\u00f3n masculina de Espa\u00f1a lleg\u00f3 a la final de la Liga de las Naciones, pero no pudo superar a Portugal.\" style=\"padding-bottom: 56.25%; height: 0; max-height: 0;\"\/><figcaption class=\"img-caption\">La selecci\u00f3n masculina de Espa\u00f1a lleg\u00f3 a la final de la Liga de las Naciones, pero no pudo superar a Portugal.<small class=\"copyright\">Imagen:\/Florian Wiegand\/Eibner Press Photo\/Picture Alliance<\/small><\/figcaption><\/figure>\n<p>Vigente campeona de Europa e invicta en sus dos primeros compromisos de clasificaci\u00f3n para el Mundial 2026, Espa\u00f1a se ha situado en la primera posici\u00f3n del r\u00e1nking masculino, plaza que no ocupaba desde el mes de junio de 2014, tras ser segunda en la anterior lista.<\/p>\n<p>Vuelve a liderar el podio con 1875.37 puntos por delante de Francia (1870.92), que tambi\u00e9n supera a Argentina (1870.32), en primer lugar desde abril de 2023 y ahora en tercera posici\u00f3n.<\/p>\n<p>El combinado femenino espa\u00f1ol, \u00faltimo campe\u00f3n del mundo en 2023 y subcampe\u00f3n de la Eurocopa de este a\u00f1o, tras perder la final con Inglaterra por penaltis, encabeza tambi\u00e9n la tabla de la FIFA con 2066,79 puntos, de la que desbanc\u00f3 el pasado 7 de agosto a Estados Unidos.<\/p>\n<p>(efe, Marca<svg xmlns=\"http:\/\/www.w3.org\/2000\/svg\" width=\"20\" height=\"20\" viewbox=\"0 0 20 20\"><path d=\"M11.5 3.5 11.5 4.233C14.342 4.233 15.167 4.245 15.167 4.258L8.984 10.467 10.033 11.516C14.826 6.725 16.228 5.333 16.242 5.333L16.267 9 17.733 9 17.733 2.767 11.5 2.767 11.5 3.5M2.267 11 2.267 17.233 16.733 17.233 16.733 12 15.267 12 15.25 15.75 9.5 15.75 3.75 15.75 3.75 6.25 9.5 6.233 9.5 4.767 2.267 4.767 2.267 11 \"\/><\/svg>\/el)<\/p>\n<\/p>\n<\/div>\n\n","protected":false},"excerpt":{"rendered":"<p>Espa\u00f1a se convirti\u00f3 este jueves en el primer pa\u00eds que lidera a la vez la clasificaci\u00f3n masculina y femenina de la FIFA en la presente d\u00e9cada, tras el ascenso del combinado masculino de la segunda a la primera posici\u00f3n del r\u00e1nking y su regreso al liderato despu\u00e9s de once a\u00f1os. La Federaci\u00f3n Espa\u00f1ola de F\u00fatbol &hellip;<\/p>\n","protected":false},"author":1,"featured_media":43657,"comment_status":"open","ping_status":"open","sticky":false,"template":"","format":"standard","meta":{"fifu_image_url":"https:\/\/static.dw.com\/image\/66587136_6.jpg","fifu_image_alt":"","footnotes":""},"categories":[13],"tags":[],"class_list":["post-43656","post","type-post","status-publish","format-standard","has-post-thumbnail","","category-mundo"],"_links":{"self":[{"href":"https:\/\/noticiasveraces.com\/index.php?rest_route=\/wp\/v2\/posts\/43656","targetHints":{"allow":["GET"]}}],"collection":[{"href":"https:\/\/noticiasveraces.com\/index.php?rest_route=\/wp\/v2\/posts"}],"about":[{"href":"https:\/\/noticiasveraces.com\/index.php?rest_route=\/wp\/v2\/types\/post"}],"author":[{"embeddable":true,"href":"https:\/\/noticiasveraces.com\/index.php?rest_route=\/wp\/v2\/users\/1"}],"replies":[{"embeddable":true,"href":"https:\/\/noticiasveraces.com\/index.php?rest_route=%2Fwp%2Fv2%2Fcomments&post=43656"}],"version-history":[{"count":0,"href":"https:\/\/noticiasveraces.com\/index.php?rest_route=\/wp\/v2\/posts\/43656\/revisions"}],"wp:featuredmedia":[{"embeddable":true,"href":"https:\/\/noticiasveraces.com\/index.php?rest_route=\/wp\/v2\/media\/43657"}],"wp:attachment":[{"href":"https:\/\/noticiasveraces.com\/index.php?rest_route=%2Fwp%2Fv2%2Fmedia&parent=43656"}],"wp:term":[{"taxonomy":"category","embeddable":true,"href":"https:\/\/noticiasveraces.com\/index.php?rest_route=%2Fwp%2Fv2%2Fcategories&post=43656"},{"taxonomy":"post_tag","embeddable":true,"href":"https:\/\/noticiasveraces.com\/index.php?rest_route=%2Fwp%2Fv2%2Ftags&post=43656"}],"curies":[{"name":"wp","href":"https:\/\/api.w.org\/{rel}","templated":true}]}}