{"id":43651,"date":"2025-09-19T09:59:14","date_gmt":"2025-09-19T13:59:14","guid":{"rendered":"https:\/\/noticiasveraces.com\/?p=43651"},"modified":"2025-09-19T09:59:14","modified_gmt":"2025-09-19T13:59:14","slug":"video-vea-a-luis-diaz-en-primer-oktoberfest-como-jugador-de-bayern-munich-curiosidades-de-futbol","status":"publish","type":"post","link":"https:\/\/noticiasveraces.com\/?p=43651","title":{"rendered":"Video: vea a Luis D\u00edaz en primer Oktoberfest como jugador de Bayern Munich | Curiosidades de f\u00fatbol"},"content":{"rendered":"<p> \n<\/p>\n<div id=\"cuerpoArticulo\">\n<p class=\"texto intro cnx-companion-firstparagraph\" id=\"pnull-m194-193-195\">Luis D\u00edaz est\u00e1 listo para la acci\u00f3n. Pero no propiamente para una de \u00edndole deportiva. <\/p>\n<p class=\"texto contenido-parrafo-articulo cnx-companion-paragraph\" id=\"pnull-m206-2-207\">El colombiano es protagonista en las redes sociales de Bayern Munich por tora raz\u00f3n con menos tensi\u00f3n, si se quiere. <\/p>\n<p>Tras su llegada al club, a cambio de 75 millones de euros, se prepara para unf estival que, literalmente, paraliza a Alemania. Y se ve m\u00e1s que preparado.<\/p>\n<p>D\u00edaz, en su primer Oktoberfest<\/p>\n<p>El colombiano es el protagonista de la expectativa del club por el inicio del Oktoberfest, este s\u00e1bado. <\/p>\n<p>Se trata nada menos que del festival de la cerveza m\u00e1s grande del mundo, el cual se desarrolla en Munich durante dos semanas.<\/p>\n<p>As\u00ed pos\u00f3 con sus compa\u00f1eros:<\/p>\n<p class=\"texto contenido-parrafo-articulo cnx-companion-paragraph\" id=\"pnull-m225-4-226\">En todo caso, el t\u00e9cnico Vincent Kompany conf\u00eda en que, aunque la ciduad est\u00e9 de fiesta, sus jugadores, sigan concentrados en lo fundamental. <\/p>\n<p>\u00abSea el Oktoberfest o no, la vida no puede cambiar para nosotros si queremos rendir al m\u00e1ximo. Claro, es una sensaci\u00f3n especial esta \u00e9poca en M\u00fanich, todos la sentimos. Pero tambi\u00e9n tengo confianza en estos momentos. Los jugadores ya no son ni\u00f1os; algunos incluso tienen hijos; saben c\u00f3mo comportarse\u00bb, afirm\u00f3.<\/p>\n<p>Con Lucho no tiene problema. As\u00ed fue el detr\u00e1s de c\u00e1maras de esta su primera experiencia cien por ciento alemana: <\/p>\n<div class=\"video-cuerpo\" id=\"pnull-m317-5-318\">\n<div class=\"video-player foto-apertura-articulo-video-cuerpo inline foto-texto-articulo-video foto-apertura-articulo-m video-module\" itemprop=\"video\" itemscope=\"\" itemtype=\"https:\/\/schema.org\/VideoObject\">\n            <img decoding=\"async\" class=\"content_video_articulo\" itemprop=\"thumbnailUrl\" src=\"https:\/\/www.futbolred.com\/images\/default.jpg\" alt=\"texto en miniatura\"\/><\/p>\n<p><figcaption class=\"foto-info\">\n                    <span class=\"pie-de-foto pie-de-foto-entrada\"><br \/>\n                        <span><br \/>\n                             <span itemprop=\"name\">D\u00eda, en el Oktoberfest<\/span><br \/>\n                        <\/span><br \/>\n                    <\/span><br \/><span class=\"credito\"><br \/>\n                        <span itemprop=\"description\" class=\"autor\">D\u00eda, en el Oktoberfest<\/span><br \/>\n                    <\/span><br \/>\n                <\/figcaption><\/p>\n<p>       <meta itemprop=\"uploadDate\" content=\"2025-09-19 06:54:09-05:00\"\/><link itemprop=\"embedUrl\" href=\"https:\/\/www.youtube.com\/watch?v=eXlNiSHCBHo\"\/><link itemprop=\"embedUrl\" href=\"https:\/\/www.youtube.com\/watch?v=undefined\"\/>\n<\/p><\/div>\n<\/div>\n<\/div>\n\n","protected":false},"excerpt":{"rendered":"<p>Luis D\u00edaz est\u00e1 listo para la acci\u00f3n. Pero no propiamente para una de \u00edndole deportiva. El colombiano es protagonista en las redes sociales de Bayern Munich por tora raz\u00f3n con menos tensi\u00f3n, si se quiere. Tras su llegada al club, a cambio de 75 millones de euros, se prepara para unf estival que, literalmente, paraliza &hellip;<\/p>\n","protected":false},"author":1,"featured_media":43653,"comment_status":"open","ping_status":"open","sticky":false,"template":"","format":"standard","meta":{"fifu_image_url":"https:\/\/www.futbolred.com\/files\/og_thumbnail\/uploads\/2025\/09\/19\/68cd4544339e2.jpeg","fifu_image_alt":"","footnotes":""},"categories":[6],"tags":[],"class_list":["post-43651","post","type-post","status-publish","format-standard","has-post-thumbnail","","category-deportes"],"_links":{"self":[{"href":"https:\/\/noticiasveraces.com\/index.php?rest_route=\/wp\/v2\/posts\/43651","targetHints":{"allow":["GET"]}}],"collection":[{"href":"https:\/\/noticiasveraces.com\/index.php?rest_route=\/wp\/v2\/posts"}],"about":[{"href":"https:\/\/noticiasveraces.com\/index.php?rest_route=\/wp\/v2\/types\/post"}],"author":[{"embeddable":true,"href":"https:\/\/noticiasveraces.com\/index.php?rest_route=\/wp\/v2\/users\/1"}],"replies":[{"embeddable":true,"href":"https:\/\/noticiasveraces.com\/index.php?rest_route=%2Fwp%2Fv2%2Fcomments&post=43651"}],"version-history":[{"count":0,"href":"https:\/\/noticiasveraces.com\/index.php?rest_route=\/wp\/v2\/posts\/43651\/revisions"}],"wp:featuredmedia":[{"embeddable":true,"href":"https:\/\/noticiasveraces.com\/index.php?rest_route=\/wp\/v2\/media\/43653"}],"wp:attachment":[{"href":"https:\/\/noticiasveraces.com\/index.php?rest_route=%2Fwp%2Fv2%2Fmedia&parent=43651"}],"wp:term":[{"taxonomy":"category","embeddable":true,"href":"https:\/\/noticiasveraces.com\/index.php?rest_route=%2Fwp%2Fv2%2Fcategories&post=43651"},{"taxonomy":"post_tag","embeddable":true,"href":"https:\/\/noticiasveraces.com\/index.php?rest_route=%2Fwp%2Fv2%2Ftags&post=43651"}],"curies":[{"name":"wp","href":"https:\/\/api.w.org\/{rel}","templated":true}]}}