{"id":43644,"date":"2025-09-19T07:12:31","date_gmt":"2025-09-19T11:12:31","guid":{"rendered":"https:\/\/noticiasveraces.com\/?p=43644"},"modified":"2025-09-19T07:12:31","modified_gmt":"2025-09-19T11:12:31","slug":"baja-la-cifra-de-refugiados-residentes-en-alemania-dw-19-09-2025","status":"publish","type":"post","link":"https:\/\/noticiasveraces.com\/?p=43644","title":{"rendered":"Baja la cifra de refugiados residentes en Alemania \u2013 DW \u2013 19\/09\/2025"},"content":{"rendered":"<p> \n<\/p>\n<div data-tracking-name=\"rich-text\" data-tracking-skip=\"true\">\n<p>Una pregunta del grupo parlamentario\u00a0La Izquierda al Gobierno indagaba sobre el n\u00famero de refugiados en la diversas situaciones legales residentes en Alemania. La respuesta es que la cifra\u00a0ha retrocedido en la primera mitad de 2025 en 50 000 personas, hasta llegar a los 3,495 millones. Se trata de la primera reducci\u00f3n que se registra desde 2011.<\/p>\n<p>Seg\u00fan el Ejecutivo, el retroceso se debe por una parte a la creciente cantidad de deportaciones y salidas voluntarias, que compensa en parte las nuevas llegadas, pero tambi\u00e9n a la naturalizaci\u00f3n de personas residentes en Alemania desde hace cierto tiempo y que han obtenido entretanto la nacionalidad.<\/p>\n<p>La estad\u00edsticas incluyen tambi\u00e9n a los refugiados de la guerra de Ucrania -en la actualidad 1 269 871 personas-, que reciben autom\u00e1ticamente un estatus de protecci\u00f3n temporal sin necesidad de solicitar asilo en Alemania.<\/p>\n<h2>A nivel global, aumentan los desplazamientos<\/h2>\n<p>\u00abPor primera vez desde 2011, la cifra total de refugiados residentes en Alemania baja, a pesar de las nuevas llegadas\u00bb, declar\u00f3 al respecto en un comunicado de La Izquierda la diputada Clara B\u00fcnger, quien adem\u00e1s se\u00f1ala que no se trata de un motivo para \u00abcelebrar\u00bb, ya que, a nivel global, han aumentado los motivos de desplazamiento como guerras o hambrunas.<\/p>\n<p>\u00abQue la cifra total de refugiados residentes en Alemania se reduzca es una prueba del absurdo del discurso sobre que existe una supuesta situaci\u00f3n de emergencia, seg\u00fan la cual habr\u00eda que\u00a0permitir que deje de estar en vigor\u00a0el derecho europeo de asilo\u00bb, argumenta B\u00fcnger, quien adem\u00e1s pide\u00a0\u00absoluciones pragm\u00e1ticas en lugar de incitaci\u00f3n al odio populista y de derechas\u00bb.<\/p>\n<p>MS (DPA\/EFE)<\/p>\n<\/div>\n\n","protected":false},"excerpt":{"rendered":"<p>Una pregunta del grupo parlamentario\u00a0La Izquierda al Gobierno indagaba sobre el n\u00famero de refugiados en la diversas situaciones legales residentes en Alemania. La respuesta es que la cifra\u00a0ha retrocedido en la primera mitad de 2025 en 50 000 personas, hasta llegar a los 3,495 millones. Se trata de la primera reducci\u00f3n que se registra desde &hellip;<\/p>\n","protected":false},"author":1,"featured_media":43645,"comment_status":"open","ping_status":"open","sticky":false,"template":"","format":"standard","meta":{"fifu_image_url":"https:\/\/static.dw.com\/image\/73838130_6.jpg","fifu_image_alt":"","footnotes":""},"categories":[13],"tags":[],"class_list":["post-43644","post","type-post","status-publish","format-standard","has-post-thumbnail","","category-mundo"],"_links":{"self":[{"href":"https:\/\/noticiasveraces.com\/index.php?rest_route=\/wp\/v2\/posts\/43644","targetHints":{"allow":["GET"]}}],"collection":[{"href":"https:\/\/noticiasveraces.com\/index.php?rest_route=\/wp\/v2\/posts"}],"about":[{"href":"https:\/\/noticiasveraces.com\/index.php?rest_route=\/wp\/v2\/types\/post"}],"author":[{"embeddable":true,"href":"https:\/\/noticiasveraces.com\/index.php?rest_route=\/wp\/v2\/users\/1"}],"replies":[{"embeddable":true,"href":"https:\/\/noticiasveraces.com\/index.php?rest_route=%2Fwp%2Fv2%2Fcomments&post=43644"}],"version-history":[{"count":0,"href":"https:\/\/noticiasveraces.com\/index.php?rest_route=\/wp\/v2\/posts\/43644\/revisions"}],"wp:featuredmedia":[{"embeddable":true,"href":"https:\/\/noticiasveraces.com\/index.php?rest_route=\/wp\/v2\/media\/43645"}],"wp:attachment":[{"href":"https:\/\/noticiasveraces.com\/index.php?rest_route=%2Fwp%2Fv2%2Fmedia&parent=43644"}],"wp:term":[{"taxonomy":"category","embeddable":true,"href":"https:\/\/noticiasveraces.com\/index.php?rest_route=%2Fwp%2Fv2%2Fcategories&post=43644"},{"taxonomy":"post_tag","embeddable":true,"href":"https:\/\/noticiasveraces.com\/index.php?rest_route=%2Fwp%2Fv2%2Ftags&post=43644"}],"curies":[{"name":"wp","href":"https:\/\/api.w.org\/{rel}","templated":true}]}}