{"id":43619,"date":"2025-09-19T05:01:20","date_gmt":"2025-09-19T09:01:20","guid":{"rendered":"https:\/\/noticiasveraces.com\/?p=43619"},"modified":"2025-09-19T05:01:20","modified_gmt":"2025-09-19T09:01:20","slug":"sheinbaum-y-carney-buscan-un-t-mec-mas-justo-y-eficaz-dw-19-09-2025","status":"publish","type":"post","link":"https:\/\/noticiasveraces.com\/?p=43619","title":{"rendered":"Sheinbaum y Carney buscan un T-MEC m\u00e1s \u00abjusto\u00bb y \u00abeficaz\u00bb \u2013 DW \u2013 19\/09\/2025"},"content":{"rendered":"<p> \n<\/p>\n<div data-tracking-name=\"rich-text\" data-tracking-skip=\"true\">\n<p>La presidenta mexicana, Claudia Sheinbaum, y el primer ministro canadiense, Mark Carney, acordaron el jueves (18.09.2025) un \u00abplan de acci\u00f3n\u00bb para fortalecer la relaci\u00f3n bilateral, en medio de la incertidumbre en la antesala de la revisi\u00f3n del tratado comercial entre M\u00e9xico, Estados Unidos y Canad\u00e1(T-MEC), prevista para 2026.<\/p>\n<p>Tras sostener una reuni\u00f3n de m\u00e1s de dos horas en el Palacio Nacional, ambos mandatarios se mostraron \u00aboptimistas\u00bb de que el T-MEC va a prevalecer, debido a que la regi\u00f3n norteamericana es \u00abla m\u00e1s competitiva del mundo\u00bb.<\/p>\n<p>Para abonar a esta fortaleza regional, M\u00e9xico y Canad\u00e1 establecieron un \u00abplan de acci\u00f3n, que complementar\u00e1 a la revisi\u00f3n del\u00a0T-MEC, detall\u00f3 Carney, en una conferencia de prensa conjunta posterior al encuentro.<\/p>\n<blockquote class=\"tweet embed\" data-id=\"1968857828723982573\"\/>\n<p>\u00abCanad\u00e1 y M\u00e9xico complementan sus fuerzas, sobre todo en tiempos de desaf\u00edo y de crisis (&#8230;) Somos m\u00e1s fuertes unidos\u00bb, afirm\u00f3 el mandatario canadiense.<\/p>\n<p><span style=\"color:inherit; font-family:inherit; font-size:20px\">Hay un \u00abdi\u00e1logo permanente\u00bb con EE.UU.<\/span><\/p>\n<p>Sheinbaum, por su parte, se mostr\u00f3 segura de que el T-MEC \u00abva a permanecer\u00bb, y sostuvo que \u00abhay di\u00e1logo con el Gobierno de Estados Unidos de manera permanente\u00bb.<\/p>\n<blockquote class=\"tweet embed\" data-id=\"1968785086565789981\"\/>\n<p>\u00abSoy optimista, no solamente por convicci\u00f3n, sino porque creo que el tratado comercial (&#8230;) va a prevalecer\u00bb, remarc\u00f3 al se\u00f1alar la reciente publicaci\u00f3n por parte de EE.UU. de la convocatoria a las consultas p\u00fablicas previas a la revisi\u00f3n del T-MEC.<\/p>\n<p>Preguntados sobre la posibilidad de que el presidente estadounidense, Donald Trump, intente dividir a M\u00e9xico y Canad\u00e1 en las negociaciones, tanto Sheinbaum como Carney se mostraron confiados de que se lograr\u00e1 un T-MEC \u00abmejorado\u00bb que beneficie a los tres pa\u00edses.<\/p>\n<p>\u00abTengo toda la confianza, y creo que tambi\u00e9n la tiene la presidenta (Sheinbaum), de que podremos encontrar ajustes que se puedan realizar para reforzar la competencia y la competitividad de la regi\u00f3n\u00bb, indic\u00f3 Carney.<\/p>\n<p>Adem\u00e1s, Sheinbaum dijo estar \u00abconvencida\u201d de que el \u00abplan de acci\u00f3n\u201d trazado con Canad\u00e1 \u00abfortalece\u201d el T-MEC \u00aby se traducir\u00e1 muy pronto en beneficios directos\u201d para ambas sociedades, como m\u00e1s oportunidades de inversi\u00f3n, empleos de calidad, innovaci\u00f3n, justicia social y prosperidad.<\/p>\n<p>GS (EFE, AFP)<\/p>\n<\/div>\n\n","protected":false},"excerpt":{"rendered":"<p>La presidenta mexicana, Claudia Sheinbaum, y el primer ministro canadiense, Mark Carney, acordaron el jueves (18.09.2025) un \u00abplan de acci\u00f3n\u00bb para fortalecer la relaci\u00f3n bilateral, en medio de la incertidumbre en la antesala de la revisi\u00f3n del tratado comercial entre M\u00e9xico, Estados Unidos y Canad\u00e1(T-MEC), prevista para 2026. Tras sostener una reuni\u00f3n de m\u00e1s de &hellip;<\/p>\n","protected":false},"author":1,"featured_media":43620,"comment_status":"open","ping_status":"open","sticky":false,"template":"","format":"standard","meta":{"fifu_image_url":"https:\/\/static.dw.com\/image\/74053370_6.jpg","fifu_image_alt":"","footnotes":""},"categories":[13],"tags":[],"class_list":["post-43619","post","type-post","status-publish","format-standard","has-post-thumbnail","","category-mundo"],"_links":{"self":[{"href":"https:\/\/noticiasveraces.com\/index.php?rest_route=\/wp\/v2\/posts\/43619","targetHints":{"allow":["GET"]}}],"collection":[{"href":"https:\/\/noticiasveraces.com\/index.php?rest_route=\/wp\/v2\/posts"}],"about":[{"href":"https:\/\/noticiasveraces.com\/index.php?rest_route=\/wp\/v2\/types\/post"}],"author":[{"embeddable":true,"href":"https:\/\/noticiasveraces.com\/index.php?rest_route=\/wp\/v2\/users\/1"}],"replies":[{"embeddable":true,"href":"https:\/\/noticiasveraces.com\/index.php?rest_route=%2Fwp%2Fv2%2Fcomments&post=43619"}],"version-history":[{"count":0,"href":"https:\/\/noticiasveraces.com\/index.php?rest_route=\/wp\/v2\/posts\/43619\/revisions"}],"wp:featuredmedia":[{"embeddable":true,"href":"https:\/\/noticiasveraces.com\/index.php?rest_route=\/wp\/v2\/media\/43620"}],"wp:attachment":[{"href":"https:\/\/noticiasveraces.com\/index.php?rest_route=%2Fwp%2Fv2%2Fmedia&parent=43619"}],"wp:term":[{"taxonomy":"category","embeddable":true,"href":"https:\/\/noticiasveraces.com\/index.php?rest_route=%2Fwp%2Fv2%2Fcategories&post=43619"},{"taxonomy":"post_tag","embeddable":true,"href":"https:\/\/noticiasveraces.com\/index.php?rest_route=%2Fwp%2Fv2%2Ftags&post=43619"}],"curies":[{"name":"wp","href":"https:\/\/api.w.org\/{rel}","templated":true}]}}