{"id":43614,"date":"2025-09-19T04:09:20","date_gmt":"2025-09-19T08:09:20","guid":{"rendered":"https:\/\/noticiasveraces.com\/?p=43614"},"modified":"2025-09-19T04:09:20","modified_gmt":"2025-09-19T08:09:20","slug":"los-fanaticos-se-fueron-sorprendidos-por-melania-trump-comparandola-con-un-sofa-dfs-real-noticias","status":"publish","type":"post","link":"https:\/\/noticiasveraces.com\/?p=43614","title":{"rendered":"Los fan\u00e1ticos se fueron sorprendidos por Melania Trump compar\u00e1ndola con un &#8216;sof\u00e1 DFS&#8217; | Real | Noticias"},"content":{"rendered":"<p> \n<\/p>\n<div>\n<p>En X, los fan\u00e1ticos no se detuvieron. Un usuario simplemente pregunt\u00f3: \u00ab\u00bfQu\u00e9 lleva Melania?\u00bb Mientras que otro brome\u00f3: \u00ab\u00a1Bueno de Melania para usar un conocido dise\u00f1ador brit\u00e1nico, DFS!\u00bb Comparando el atuendo con un sof\u00e1 de cuero.<\/p>\n<p>Otros dijeron que el aspecto se sent\u00eda m\u00e1s adecuado para un editorial de moda que los pasillos del Castillo de Windsor, con sus ricos interiores hist\u00f3ricos y su atm\u00f3sfera ceremonial.<\/p>\n<p>\u00ab\u00bfMelania sabe d\u00f3nde est\u00e1, no me ha gustado un atuendo\u00bb, escribi\u00f3 otro. Mientras que otros elogiaron la apariencia y afirmaron: \u00abCualquiera que sea Melania que use, clavada, me encanta el combo de falda y chaqueta\u00bb.<\/p>\n<\/div>\n<div>\n<p>Por el contrario, la reina Camilla ofreci\u00f3 una lecci\u00f3n de regalidad discreta. Llevaba un abrigo de crepe blanco de Fiona Clare, uno de sus dise\u00f1adores m\u00e1s confiables, detallado con las delgadas tuber\u00edas de la Armada para alargar la silueta.<\/p>\n<p>La esposa del rey Charles complet\u00f3 su look con un collar de perlas de tres hilos y un colgante de plata, agregando un toque de color y simbolismo patrimonial a la paleta de retroceso de otra manera.<\/p>\n<p>La yuxtaposici\u00f3n entre los estilos de las dos mujeres destac\u00f3 sus enfoques muy diferentes para vestirse: Melania se inclina en declaraciones audaces y de alta costura, y Camilla reforzando su reputaci\u00f3n de conjuntos atemporales y confiables.<\/p>\n<\/div>\n<div>\n<p>Si bien el comentario en l\u00ednea puede no haber favorecido a Melania esta vez, su atuendo asegur\u00f3 que siguiera siendo una de las figuras m\u00e1s comentadas del d\u00eda, al igual que su aspecto anoche.<\/p>\n<p>Melania encendi\u00f3 el Castillo de Windsor eligiendo un vestido amarillo canario hasta el piso que se destac\u00f3 entre los tonos joyeros y met\u00e1licos m\u00e1s tradicionales favorecidos por otros invitados, como la princesa de Gales.<\/p>\n<p>El vestido presentaba un corpi\u00f1o ajustado, una falda fluida y mangas de estilo de capa transparente que agregaron drama y movimiento mientras caminaba. Con su brillante y optimista silueta de tono y estatuas, el vestido contrastaba bruscamente contra la paleta m\u00e1s oscura de la noche, consolidando su reputaci\u00f3n por declaraciones de alto impacto y moda.<\/p>\n<\/div>\n\n","protected":false},"excerpt":{"rendered":"<p>En X, los fan\u00e1ticos no se detuvieron. Un usuario simplemente pregunt\u00f3: \u00ab\u00bfQu\u00e9 lleva Melania?\u00bb Mientras que otro brome\u00f3: \u00ab\u00a1Bueno de Melania para usar un conocido dise\u00f1ador brit\u00e1nico, DFS!\u00bb Comparando el atuendo con un sof\u00e1 de cuero. Otros dijeron que el aspecto se sent\u00eda m\u00e1s adecuado para un editorial de moda que los pasillos del Castillo &hellip;<\/p>\n","protected":false},"author":1,"featured_media":43615,"comment_status":"open","ping_status":"open","sticky":false,"template":"","format":"standard","meta":{"fifu_image_url":"https:\/\/cdn.images.express.co.uk\/img\/dynamic\/106\/1200x630\/6434427.jpg","fifu_image_alt":"","footnotes":""},"categories":[10],"tags":[],"class_list":["post-43614","post","type-post","status-publish","format-standard","has-post-thumbnail","","category-moda"],"_links":{"self":[{"href":"https:\/\/noticiasveraces.com\/index.php?rest_route=\/wp\/v2\/posts\/43614","targetHints":{"allow":["GET"]}}],"collection":[{"href":"https:\/\/noticiasveraces.com\/index.php?rest_route=\/wp\/v2\/posts"}],"about":[{"href":"https:\/\/noticiasveraces.com\/index.php?rest_route=\/wp\/v2\/types\/post"}],"author":[{"embeddable":true,"href":"https:\/\/noticiasveraces.com\/index.php?rest_route=\/wp\/v2\/users\/1"}],"replies":[{"embeddable":true,"href":"https:\/\/noticiasveraces.com\/index.php?rest_route=%2Fwp%2Fv2%2Fcomments&post=43614"}],"version-history":[{"count":0,"href":"https:\/\/noticiasveraces.com\/index.php?rest_route=\/wp\/v2\/posts\/43614\/revisions"}],"wp:featuredmedia":[{"embeddable":true,"href":"https:\/\/noticiasveraces.com\/index.php?rest_route=\/wp\/v2\/media\/43615"}],"wp:attachment":[{"href":"https:\/\/noticiasveraces.com\/index.php?rest_route=%2Fwp%2Fv2%2Fmedia&parent=43614"}],"wp:term":[{"taxonomy":"category","embeddable":true,"href":"https:\/\/noticiasveraces.com\/index.php?rest_route=%2Fwp%2Fv2%2Fcategories&post=43614"},{"taxonomy":"post_tag","embeddable":true,"href":"https:\/\/noticiasveraces.com\/index.php?rest_route=%2Fwp%2Fv2%2Ftags&post=43614"}],"curies":[{"name":"wp","href":"https:\/\/api.w.org\/{rel}","templated":true}]}}