{"id":43612,"date":"2025-09-19T03:32:58","date_gmt":"2025-09-19T07:32:58","guid":{"rendered":"https:\/\/noticiasveraces.com\/?p=43612"},"modified":"2025-09-19T03:32:58","modified_gmt":"2025-09-19T07:32:58","slug":"evacuacion-en-berlin-por-bomba-de-la-segunda-guerra-mundial-dw-19-09-2025","status":"publish","type":"post","link":"https:\/\/noticiasveraces.com\/?p=43612","title":{"rendered":"Evacuaci\u00f3n en Berl\u00edn por bomba de la Segunda Guerra Mundial \u2013 DW \u2013 19\/09\/2025"},"content":{"rendered":"<p> \n<\/p>\n<div data-tracking-name=\"rich-text\" data-tracking-skip=\"true\">\n<p>Varios miles de personas fueron evacuadas de sus hogares en el centro de Berl\u00edn\u00a0en\u00a0 la madrugada del viernes, 19 de septiembre de 2025, debido al hallazgo de una bomba de la Segunda Guerra Mundial\u00a0en el r\u00edo Spree, que atraviesa la capital alemana. <\/p>\n<p>La Polic\u00eda inform\u00f3 en X de que la evacuaci\u00f3n de \u00abvarios miles de residentes afectados en la zona que rodea la isla de Fischerinsel\u00bb se complet\u00f3 a las cinco de la madrugada y que m\u00e1s de 800 personas hab\u00edan encontrado refugio en alojamientos para casos de emergencia. El comunicado agregaba que especialistas y buceadores\u00a0preparaban\u00a0la desactivaci\u00f3n de la bomba.<\/p>\n<h2>Turistas afectados<\/h2>\n<p>De acuerdo con el diario <em>Espejo diario<\/em>el hallazgo del artefacto tuvo lugar durante unas labores rutinarias el d\u00eda anterior por la tarde. Eso llev\u00f3 a las autoridades a tomar por la noche la decisi\u00f3n de desalojar a todos los residentes en un radio de 500 metros del lugar, una zona c\u00e9ntrica en el coraz\u00f3n de la capital, por lo que el desalojo afect\u00f3 tambi\u00e9n a un gran n\u00famero de turistas. Un alojamiento de emergencia habilitado en el Ayuntamiento de Berl\u00edn centro sirvi\u00f3 para albergarlos. <\/p>\n<p>Finalmente, los agentes decidieron que no era\u00a0preciso detonar la bomba, por lo que los ciudadanos pudieron regresar a sus hogares. Un portavoz de la Polic\u00eda confirm\u00f3 al <em>Espejo diario<\/em> que el artefacto fue\u00a0clasificado como no peligroso y se procedi\u00f3 a su\u00a0extracci\u00f3n\u00a0del r\u00edo: \u00abLas personas pueden volver a sus casas y hogares\u00bb.<\/p>\n<p>MS (DPA\/EFE)<\/p>\n<\/p>\n<\/div>\n\n","protected":false},"excerpt":{"rendered":"<p>Varios miles de personas fueron evacuadas de sus hogares en el centro de Berl\u00edn\u00a0en\u00a0 la madrugada del viernes, 19 de septiembre de 2025, debido al hallazgo de una bomba de la Segunda Guerra Mundial\u00a0en el r\u00edo Spree, que atraviesa la capital alemana. La Polic\u00eda inform\u00f3 en X de que la evacuaci\u00f3n de \u00abvarios miles de &hellip;<\/p>\n","protected":false},"author":1,"featured_media":43613,"comment_status":"open","ping_status":"open","sticky":false,"template":"","format":"standard","meta":{"fifu_image_url":"https:\/\/static.dw.com\/image\/74053139_6.jpg","fifu_image_alt":"","footnotes":""},"categories":[13],"tags":[],"class_list":["post-43612","post","type-post","status-publish","format-standard","has-post-thumbnail","","category-mundo"],"_links":{"self":[{"href":"https:\/\/noticiasveraces.com\/index.php?rest_route=\/wp\/v2\/posts\/43612","targetHints":{"allow":["GET"]}}],"collection":[{"href":"https:\/\/noticiasveraces.com\/index.php?rest_route=\/wp\/v2\/posts"}],"about":[{"href":"https:\/\/noticiasveraces.com\/index.php?rest_route=\/wp\/v2\/types\/post"}],"author":[{"embeddable":true,"href":"https:\/\/noticiasveraces.com\/index.php?rest_route=\/wp\/v2\/users\/1"}],"replies":[{"embeddable":true,"href":"https:\/\/noticiasveraces.com\/index.php?rest_route=%2Fwp%2Fv2%2Fcomments&post=43612"}],"version-history":[{"count":0,"href":"https:\/\/noticiasveraces.com\/index.php?rest_route=\/wp\/v2\/posts\/43612\/revisions"}],"wp:featuredmedia":[{"embeddable":true,"href":"https:\/\/noticiasveraces.com\/index.php?rest_route=\/wp\/v2\/media\/43613"}],"wp:attachment":[{"href":"https:\/\/noticiasveraces.com\/index.php?rest_route=%2Fwp%2Fv2%2Fmedia&parent=43612"}],"wp:term":[{"taxonomy":"category","embeddable":true,"href":"https:\/\/noticiasveraces.com\/index.php?rest_route=%2Fwp%2Fv2%2Fcategories&post=43612"},{"taxonomy":"post_tag","embeddable":true,"href":"https:\/\/noticiasveraces.com\/index.php?rest_route=%2Fwp%2Fv2%2Ftags&post=43612"}],"curies":[{"name":"wp","href":"https:\/\/api.w.org\/{rel}","templated":true}]}}