{"id":43610,"date":"2025-09-19T03:31:18","date_gmt":"2025-09-19T07:31:18","guid":{"rendered":"https:\/\/noticiasveraces.com\/?p=43610"},"modified":"2025-09-19T03:31:18","modified_gmt":"2025-09-19T07:31:18","slug":"falcao-garcia-confeso-su-experiencia-con-kylian-mbappe-le-dieron-permiso-de-reprenderlo-en-monaco-curiosidades-de-futbol","status":"publish","type":"post","link":"https:\/\/noticiasveraces.com\/?p=43610","title":{"rendered":"Falcao Garc\u00eda confes\u00f3 su experiencia con Kylian Mbapp\u00e9: le dieron permiso de reprenderlo en M\u00f3naco | Curiosidades de f\u00fatbol"},"content":{"rendered":"<p> \n<\/p>\n<div id=\"cuerpoArticulo\">\n<p class=\"texto intro cnx-companion-firstparagraph\" id=\"p255427-m606-605-607\">Radamel Falcao Garc\u00eda tuvo una interesante charla con Mario Su\u00e1rez, su excompa\u00f1ero en Atl\u00e9tico de Madrid y Rayo Vallecano. El delantero colombiano fue invitado por su amigo, que se estren\u00f3 en la plataforma de YouTube como entrevistador, y revel\u00f3 an\u00e9cdotas y detalles desconocidos de su carrera.<\/p>\n<p>En una de sus confesiones, Falcao record\u00f3 cuando regreso al AS M\u00f3naco, en 2016, y conoci\u00f3 a Kylian Mbapp\u00e9, cuando ten\u00eda 18 a\u00f1os, era la gran promesa del f\u00fatbol franc\u00e9s, pero le faltaba madurar y consolidarse como jugador.<\/p>\n<p class=\"texto contenido-parrafo-articulo cnx-companion-paragraph\" id=\"p255427-m618-1-619\">No es un secreto que para Mbapp\u00e9 fue fundamental coincidir con el \u2018Tigre\u2019, pues lo aconsej\u00f3 y le ense\u00f1\u00f3 cosas que fueron importantes para lo que ha sido su carrera. Es por eso que Kylian alguna vez le dedic\u00f3 un mensaje a Falcao, en el que asegur\u00f3 que fueron \u201cel maestro y el estudiante\u201d, y le agradeci\u00f3 por \u201ctodos los consejos\u201d en su etapa en el M\u00f3naco.<\/p>\n<p class=\"texto contenido-parrafo-articulo cnx-companion-paragraph\" id=\"p255427-m687-6-688\">Lo primero que cont\u00f3 Falcao es que antes de conocer a Mbapp\u00e9, el argentino Guido Carrillo le dijo: \u201cEste chico es buen\u00edsimo, lo que pasa es que no se la pasa a nadie\u201d.<\/p>\n<p>Luego, Radamel se reg\u00f3 en elogios a la mentalidad de Kylian: \u201cHay un clic en \u00e9l, que dej\u00f3 de jugar para mostrarse a jugar para ganar. Me impact\u00f3 eso, que tomaba buenas decisiones\u201d.<\/p>\n<p>La an\u00e9cdota m\u00e1s divertida fue cuando la madre de Mbapp\u00e9 le dio permiso a Radamel de reprender a su hijo: \u201cYo era el capit\u00e1n de ese equipo. Me acuerdo que estaba entrando a la Ciudad Deportiva y me para la mam\u00e1, y me dice: \u2018Te doy autorizaci\u00f3n para que rega\u00f1es a mi hijo si es necesario\u2019\u2026 Yo no ca\u00ed en cuenta en ese momento, pero es un chico que estaba bien rodeado y protegido, y con su forma de comportarse en el vestuario, con valores y siendo respetuoso, en ese momento que era dif\u00edcil (escuchar) con todo lo que se hablaba de \u00e9l, si iba a Real Madrid o al Paris Saint Germain\u201d.<\/p>\n<p>\u201cEra un equipo tan joven, que yo ten\u00eda que estar muy encima de todos, y a \u00e9l la fase defensiva le costaba mucho, y nosotros en la defensiva no pod\u00edamos regalar nada, entonces siempre era \u2018Kylian marca, Kylian ven, Kylian mu\u00e9vete\u201d, a\u00f1adi\u00f3 Falcao.<\/p>\n<div class=\"fotografia caja-articulo\" id=\"p255427-m693-7-694\">\n<div class=\"imagen-cuerpo-bk\">\n<figure itemscope=\"\" itemtype=\"https:\/\/schema.org\/ImageObject\" itemprop=\"image\" id=\"m698-697-699\" class=\"foto-galeria-articulo imagen-articulo foto-texto-articulo-galeria\"><img decoding=\"async\" alt=\"Falcao Garc\u00eda y Kylian Mbappe ser\u00e1n la pareja de atacantes del M\u00f3naco.\" src=\"data:image\/png;base64,iVBORw0KGgoAAAANSUhEUgAAAAEAAAABCAQAAAC1HAwCAAAAC0lEQVR42mP8\/x0AAvsB+DlKarAAAAAASUVORK5CYII=\" style=\" display: inline;\" data-original=\"\/files\/article_content\/files\/crop\/uploads\/2018\/02\/08\/5a7cf62729c50.r_1758265693955.0-0-800-600.jpeg\"\/><meta itemprop=\"width\" content=\"600\"\/><meta itemprop=\"height\" content=\"450\"\/> <meta itemprop=\"url\" content=\"https:\/\/www.futbolred.com\/files\/article_content\/files\/crop\/uploads\/2018\/02\/08\/5a7cf62729c50.r_1758265693955.0-0-800-600.jpeg\"\/><\/figure>\n<\/div><\/div>\n<p class=\"texto contenido-parrafo-articulo cnx-companion-paragraph\" id=\"p255427-m719-8-720\">Finalmente, Falcao habl\u00f3 de la actualidad de Mbapp\u00e9 en Real Madrid y advirti\u00f3 que el atacante galo estar\u00eda inc\u00f3modo en su responsabilidad en ataque: \u201cEst\u00e1 en un club donde tiene que mostrar todo cada fin de semana, y creo que est\u00e1 en una posici\u00f3n en la que no es la de \u00e9l, no est\u00e1 c\u00f3modo, \u00e9l no es \u20189\u2019\u201d.<\/p>\n<p><a href=\"https:\/\/www.youtube.com\/watch?v=oiqolpn87bs\">https:\/\/www.youtube.com\/watch?v=oiqolpn87bs<\/a><\/p>\n<\/div>\n\n","protected":false},"excerpt":{"rendered":"<p>Radamel Falcao Garc\u00eda tuvo una interesante charla con Mario Su\u00e1rez, su excompa\u00f1ero en Atl\u00e9tico de Madrid y Rayo Vallecano. El delantero colombiano fue invitado por su amigo, que se estren\u00f3 en la plataforma de YouTube como entrevistador, y revel\u00f3 an\u00e9cdotas y detalles desconocidos de su carrera. En una de sus confesiones, Falcao record\u00f3 cuando regreso &hellip;<\/p>\n","protected":false},"author":1,"featured_media":43611,"comment_status":"open","ping_status":"open","sticky":false,"template":"","format":"standard","meta":{"fifu_image_url":"https:\/\/www.futbolred.com\/files\/og_thumbnail\/uploads\/2025\/09\/19\/68cd01532ae63.jpeg","fifu_image_alt":"","footnotes":""},"categories":[6],"tags":[],"class_list":["post-43610","post","type-post","status-publish","format-standard","has-post-thumbnail","","category-deportes"],"_links":{"self":[{"href":"https:\/\/noticiasveraces.com\/index.php?rest_route=\/wp\/v2\/posts\/43610","targetHints":{"allow":["GET"]}}],"collection":[{"href":"https:\/\/noticiasveraces.com\/index.php?rest_route=\/wp\/v2\/posts"}],"about":[{"href":"https:\/\/noticiasveraces.com\/index.php?rest_route=\/wp\/v2\/types\/post"}],"author":[{"embeddable":true,"href":"https:\/\/noticiasveraces.com\/index.php?rest_route=\/wp\/v2\/users\/1"}],"replies":[{"embeddable":true,"href":"https:\/\/noticiasveraces.com\/index.php?rest_route=%2Fwp%2Fv2%2Fcomments&post=43610"}],"version-history":[{"count":0,"href":"https:\/\/noticiasveraces.com\/index.php?rest_route=\/wp\/v2\/posts\/43610\/revisions"}],"wp:featuredmedia":[{"embeddable":true,"href":"https:\/\/noticiasveraces.com\/index.php?rest_route=\/wp\/v2\/media\/43611"}],"wp:attachment":[{"href":"https:\/\/noticiasveraces.com\/index.php?rest_route=%2Fwp%2Fv2%2Fmedia&parent=43610"}],"wp:term":[{"taxonomy":"category","embeddable":true,"href":"https:\/\/noticiasveraces.com\/index.php?rest_route=%2Fwp%2Fv2%2Fcategories&post=43610"},{"taxonomy":"post_tag","embeddable":true,"href":"https:\/\/noticiasveraces.com\/index.php?rest_route=%2Fwp%2Fv2%2Ftags&post=43610"}],"curies":[{"name":"wp","href":"https:\/\/api.w.org\/{rel}","templated":true}]}}