{"id":43600,"date":"2025-09-19T00:02:30","date_gmt":"2025-09-19T04:02:30","guid":{"rendered":"https:\/\/noticiasveraces.com\/?p=43600"},"modified":"2025-09-19T00:02:30","modified_gmt":"2025-09-19T04:02:30","slug":"trump-sugiere-que-la-fcc-podria-revocar-licencias-de-emisoras-de-television-que-le-dan-demasiada-mala-publicidad","status":"publish","type":"post","link":"https:\/\/noticiasveraces.com\/?p=43600","title":{"rendered":"Trump sugiere que la FCC podr\u00eda revocar licencias de emisoras de televisi\u00f3n que le dan demasiada \u00abmala publicidad\u00bb"},"content":{"rendered":"<p> \n<\/p>\n<div>\n<p id=\"anchor-431921\" class=\"body-graf\">El presidente Donald Trump plante\u00f3 el jueves la posibilidad de que las emisoras de televisi\u00f3n pudieran perder sus licencias federales sobre lo que \u00e9l percibe como cobertura negativa de \u00e9l, un d\u00eda despu\u00e9s de que ABC de Disney tir\u00f3 de \u00ab\u00a1Jimmy Kimmel Live!\u00bb fuera del aire.<\/p>\n<p id=\"anchor-6acc53\" class=\"body-graf\">En declaraciones a los periodistas, Trump sugiri\u00f3 que la Comisi\u00f3n Federal de Comunicaciones deber\u00eda revocar las licencias de emisoras, argumentando que muchos anfitriones nocturnos que aparecen en esas redes est\u00e1n \u00aben mi contra\u00bb y que \u00absolo me dan mala publicidad, prensa\u00bb.<\/p>\n<p id=\"anchor-7701cc\" class=\"body-graf\">\u00abQuiero decir, est\u00e1n recibiendo una licencia. Creo que tal vez su licencia deber\u00eda ser quitada. Dar\u00e1 que Brendan Carr\u00bb, dijo Trump en Air Force One, refiri\u00e9ndose al presidente de la FCC. \u00abCreo que Brendan Carr es sobresaliente. Es un patriota. \u00c9l ama a nuestro pa\u00eds y es un tipo duro, as\u00ed que tendremos que ver\u00bb.<\/p>\n<p id=\"anchor-f5174f\" class=\"body-graf\">Trump tambi\u00e9n dijo de los programas nocturnos en la televisi\u00f3n de la red: \u00abTodo lo que hacen es golpear a Trump. Tienen licencia. No se les permite hacer eso. Son un brazo del Partido Dem\u00f3crata\u00bb.<\/p>\n<p id=\"anchor-f9e8a1\" class=\"body-graf\">Un d\u00eda antes, Trump elogi\u00f3 a ABC por tirar indefinidamente \u00abJimmy Kimmel Live!\u00bb Despu\u00e9s de los comentarios en el aire, su anfitri\u00f3n hizo sobre el asesinato del activista conservador Charlie Kirk. \u00abFelicitaciones a ABC por finalmente tener el coraje de hacer lo que hab\u00eda que hacer\u00bb, escribi\u00f3 Trump en Truth Social.<\/p>\n<section class=\"inline-video inline-video--in-body\" data-testid=\"inline-video\" id=\"anchor-ff5da3\">\n<div class=\"inline-video__background\">\n<div class=\"inline-video__player\">\n<div class=\"styles_gridStackWrapper__Z_AMc styles_videoContainer___xc7B video-container paused\" data-testid=\"gamma-video-player\">\n<div class=\"styles_gridStackWrapper__Z_AMc videoSlate styles_videoSlate__IvkAP\"><picture class=\"\" data-testid=\"picture\" data-flavor=\"focal\"><source media=\"(min-width: 1240px)\" srcset=\"https:\/\/media-cldnry.s-nbcnews.com\/image\/upload\/t_focal-860x484,f_auto,q_auto:best\/mpx\/2704722219\/2025_09\/1758236804968_nn_lkr_jimmy_kimmel_pulled_offair_250918_1920x1080-f7iejg.jpg\"\/><source media=\"(min-width: 758px)\" srcset=\"https:\/\/media-cldnry.s-nbcnews.com\/image\/upload\/t_focal-1000x563,f_auto,q_auto:best\/mpx\/2704722219\/2025_09\/1758236804968_nn_lkr_jimmy_kimmel_pulled_offair_250918_1920x1080-f7iejg.jpg\"\/><source media=\"(min-width: 320px)\" srcset=\"https:\/\/media-cldnry.s-nbcnews.com\/image\/upload\/t_focal-760x428,f_auto,q_auto:best\/mpx\/2704722219\/2025_09\/1758236804968_nn_lkr_jimmy_kimmel_pulled_offair_250918_1920x1080-f7iejg.jpg\"\/><img decoding=\"async\" src=\"https:\/\/media-cldnry.s-nbcnews.com\/image\/upload\/t_focal-760x428,f_auto,q_auto:best\/mpx\/2704722219\/2025_09\/1758236804968_nn_lkr_jimmy_kimmel_pulled_offair_250918_1920x1080-f7iejg.jpg\" alt=\"\"\/><\/picture><\/div>\n<\/div>\n<\/div>\n<\/div>\n<\/section>\n<p id=\"anchor-903762\" class=\"body-graf\">Kimmel enfrent\u00f3 cr\u00edticas de Carr, quien plante\u00f3 la idea de suspender a Kimmel de ABC por decir el programa del lunes por la noche que los republicanos de MAGA estaban \u00abtratando desesperadamente de caracterizar a este ni\u00f1o que asesin\u00f3 a Charlie Kirk como algo m\u00e1s que uno de ellos y haciendo todo lo posible para anotar puntos pol\u00edticos de \u00e9l\u00bb.<\/p>\n<p id=\"anchor-d270f2\" class=\"body-graf\">Tyler Robinson, de 22 a\u00f1os, ha sido acusado del asesinato de Kirk en Utah. El gobernador Spencer Cox, un republicano, dijo que Robinson creci\u00f3 en un hogar conservador y luego se influy\u00f3 en la \u00abideolog\u00eda izquierdista\u00bb, y la madre de Robinson dijo a los investigadores que \u00abdurante el a\u00f1o pasado m\u00e1s o menos, Robinson se hab\u00eda vuelto m\u00e1s pol\u00edtico y hab\u00eda comenzado a inclinarse m\u00e1s a la izquierda\u00bb, seg\u00fan documentos acusados.<\/p>\n<p id=\"anchor-70653d\" class=\"body-graf\">Carr advirti\u00f3 durante una entrevista de Fox News el jueves por la tarde que la suspensi\u00f3n de Kimmel no era el \u00ab\u00faltimo zapato para caer\u00bb.<\/p>\n<p id=\"anchor-11a61c\" class=\"body-graf\">\u00abEste es un cambio masivo que est\u00e1 ocurriendo en el ecosistema de los medios. Creo que las consecuencias continuar\u00e1n fluyendo\u00bb, dijo Carr.<\/p>\n<p id=\"anchor-318e51\" class=\"body-graf\">Hizo comentarios similares m\u00e1s temprano en el d\u00eda en CNBC, diciendo: \u00abTodav\u00eda no hemos terminado\u00bb.<\/p>\n<p id=\"anchor-411f99\" class=\"body-graf\">La FCC dice en su sitio web que proporciona licencias operativas de transmisi\u00f3n a las estaciones que \u00abresponden a las necesidades y problemas de su comunidad local de licencia\u00bb.<\/p>\n<p id=\"anchor-e51462\" class=\"body-graf\">\u00abA cambio de obtener una valiosa licencia para operar una estaci\u00f3n de transmisi\u00f3n utilizando las ondas p\u00fablicas, cada licencia de radio y televisi\u00f3n es requerida por ley para operar su estaci\u00f3n en el &#8216;inter\u00e9s p\u00fablico, conveniencia y necesidad'\u00bb, dice.<\/p>\n<p id=\"anchor-9f492d\" class=\"body-graf\">La mayor\u00eda de las estaciones se requieren para informar c\u00f3mo cumplen con los requisitos de licencia.<\/p>\n<p id=\"anchor-f96ec3\" class=\"body-graf\">Los l\u00edderes democr\u00e1ticos de la C\u00e1mara de Representantes, dirigidos por el l\u00edder minoritario Hakeem Jeffries de Nueva York, pidieron a Carr que renunciara el jueves, acus\u00e1ndolo de un \u00ababuso corrupto de poder\u00bb.<\/p>\n<p id=\"anchor-b35247\" class=\"endmark body-graf\">\u00abDonald Trump y la guerra del Partido Republicano en la Primera Enmienda son descaradamente inconsistentes con los valores estadounidenses\u00bb, dijo el equipo de liderazgo dem\u00f3crata de la C\u00e1mara de Representantes en un comunicado. \u00abLa censura de artistas y cancelaci\u00f3n de espect\u00e1culos es un acto de cobard\u00eda\u00bb.<\/p>\n<\/div>\n<div>\n<div class=\"expanded-byline-contributors articleBylineContainer\">\n<div class=\"expanded-byline article-expanded-byline\" data-activity-map=\"expanded-byline-article-bottom\"><span class=\"byline-thumbnail byline-thumbnail--no-image expanded-byline__thumbnail\" data-testid=\"byline-thumbnail\"\/><span class=\"byline-name expanded-byline__name\" data-testid=\"byline-name\">Zo\u00eb Richards<\/span><span class=\"byline-social expanded-byline__social\"><span class=\"icon icon-twitter\"\/><\/span><\/p>\n<div class=\"expanded-byline__bio-wrapper\">\n<p class=\"byline-bio expanded-byline__bio\">Zo\u00eb Richards es un reportero de pol\u00edtica de NBC News.<\/p>\n<\/div>\n<\/div>\n<p>Katie Taylor<!-- -->, <!-- -->Kyle Stewart<!-- --> y <!-- -->Sarah Dean<!-- --> <!-- -->aportado<!-- -->.<\/p>\n<\/div>\n<\/div>\n\n","protected":false},"excerpt":{"rendered":"<p>El presidente Donald Trump plante\u00f3 el jueves la posibilidad de que las emisoras de televisi\u00f3n pudieran perder sus licencias federales sobre lo que \u00e9l percibe como cobertura negativa de \u00e9l, un d\u00eda despu\u00e9s de que ABC de Disney tir\u00f3 de \u00ab\u00a1Jimmy Kimmel Live!\u00bb fuera del aire. En declaraciones a los periodistas, Trump sugiri\u00f3 que la &hellip;<\/p>\n","protected":false},"author":1,"featured_media":43602,"comment_status":"open","ping_status":"open","sticky":false,"template":"","format":"standard","meta":{"fifu_image_url":"https:\/\/media-cldnry.s-nbcnews.com\/image\/upload\/t_nbcnews-fp-1200-630,f_auto,q_auto:best\/rockcms\/2025-09\/250918-donald-trump-melania-trump-ac-921p-695087.jpg","fifu_image_alt":"","footnotes":""},"categories":[4],"tags":[],"class_list":["post-43600","post","type-post","status-publish","format-standard","has-post-thumbnail","","category-historias-destacadas"],"_links":{"self":[{"href":"https:\/\/noticiasveraces.com\/index.php?rest_route=\/wp\/v2\/posts\/43600","targetHints":{"allow":["GET"]}}],"collection":[{"href":"https:\/\/noticiasveraces.com\/index.php?rest_route=\/wp\/v2\/posts"}],"about":[{"href":"https:\/\/noticiasveraces.com\/index.php?rest_route=\/wp\/v2\/types\/post"}],"author":[{"embeddable":true,"href":"https:\/\/noticiasveraces.com\/index.php?rest_route=\/wp\/v2\/users\/1"}],"replies":[{"embeddable":true,"href":"https:\/\/noticiasveraces.com\/index.php?rest_route=%2Fwp%2Fv2%2Fcomments&post=43600"}],"version-history":[{"count":0,"href":"https:\/\/noticiasveraces.com\/index.php?rest_route=\/wp\/v2\/posts\/43600\/revisions"}],"wp:featuredmedia":[{"embeddable":true,"href":"https:\/\/noticiasveraces.com\/index.php?rest_route=\/wp\/v2\/media\/43602"}],"wp:attachment":[{"href":"https:\/\/noticiasveraces.com\/index.php?rest_route=%2Fwp%2Fv2%2Fmedia&parent=43600"}],"wp:term":[{"taxonomy":"category","embeddable":true,"href":"https:\/\/noticiasveraces.com\/index.php?rest_route=%2Fwp%2Fv2%2Fcategories&post=43600"},{"taxonomy":"post_tag","embeddable":true,"href":"https:\/\/noticiasveraces.com\/index.php?rest_route=%2Fwp%2Fv2%2Ftags&post=43600"}],"curies":[{"name":"wp","href":"https:\/\/api.w.org\/{rel}","templated":true}]}}