{"id":43582,"date":"2025-09-18T21:00:14","date_gmt":"2025-09-19T01:00:14","guid":{"rendered":"https:\/\/noticiasveraces.com\/?p=43582"},"modified":"2025-09-18T21:00:14","modified_gmt":"2025-09-19T01:00:14","slug":"la-literatura-como-resistencia-en-medio-de-la-guerra-en-gaza-dw-18-09-2025","status":"publish","type":"post","link":"https:\/\/noticiasveraces.com\/?p=43582","title":{"rendered":"La literatura como resistencia en medio de la guerra en Gaza \u2013 DW \u2013 18\/09\/2025"},"content":{"rendered":"<p> \n<\/p>\n<div data-tracking-name=\"rich-text\" data-tracking-skip=\"true\">\n<p>Al principio, escribir un libro despu\u00e9s del 7 de octubre de 2023 le pareci\u00f3 una barbaridad, reconoce la autora israel\u00ed Ayelet Gundar-Goshen. \u00abEspecialmente mientras los rehenes siguen retenidos lejos de sus familias en Israel y la destrucci\u00f3n contin\u00faa en Gaza. Y vas a permitirte el privilegio de evadirte a un mundo diferente, a un mundo creado con tus propias palabras. Me parec\u00eda mal\u00bb.<\/p>\n<p>Pero lleg\u00f3 un punto de inflexi\u00f3n que hizo desaparecer sus escr\u00fapulos: precisamente, cuando funcionarios del Gobierno israel\u00ed llamaron a boicotear libros y pel\u00edculas que retrataban a los palestinos de forma humana. \u00abPara m\u00ed, fue un momento en el que pens\u00e9: espera, a la derecha, a los fascistas, les dan miedo las palabras. Realmente creen que las palabras pueden cambiar algo. Me dije, bueno, si los fascistas les tienen tanto miedo a las palabras, entonces eso quiz\u00e1s pueda\u00a0ser tambi\u00e9n usado como arma. No para escapar de la realidad con palabras, no como evasi\u00f3n, sino justo al contrario. Como una forma de afrontar la realidad\u00bb.<\/p>\n<h2>Un perfil psicol\u00f3gico de la sociedad israel\u00ed<\/h2>\n<p>As\u00ed, Gundar-Goshen reanud\u00f3 el trabajo en su \u00faltima novela, que hab\u00eda comenzado hac\u00eda tiempo, publicada en alem\u00e1n este verano con el t\u00edtulo <em>Invitados no invitados<\/em> (que se traducir\u00eda literalmente al espa\u00f1ol como \u00abHu\u00e9spedes no invitados\u00bb).<\/p>\n<figure class=\"placeholder-image master_landscape big\"><img data-format=\"MASTER_LANDSCAPE\" data-id=\"74005166\" data-url=\"https:\/\/static.dw.com\/image\/74005166_${formatId}.jpg\" data-aspect-ratio=\"16\/9\" alt=\"La tapa del libro, que muestra un cisne en actitud defensiva y cita una cr\u00edtica de ORF2: &quot;Esta autora conoce muy bien las profundidades de la naturaleza humana&quot;.\" style=\"padding-bottom: 56.25%; height: 0; max-height: 0;\"\/><figcaption class=\"img-caption\">Portada de la \u00faltima novela de Ayelet Gundar-Goshen, publicada en alem\u00e1n bajo el t\u00edtulo \u00abUngebetene G\u00e4ste\u00bb (literalmente: \u00abHu\u00e9spedes no invitados\u00bb).<small class=\"copyright\">Im\u00e1genes: Ninguno &#038; But Publisher<\/small><\/figcaption><\/figure>\n<p>Un ni\u00f1o israel\u00ed deja caer un martillo desde un balc\u00f3n, que golpea a un adolescente y le hace perder la vida. Un obrero palestino que trabajaba en el balc\u00f3n es arrestado. La madre del ni\u00f1o guarda silencio. Comienza un drama de culpa, represi\u00f3n y venganza: un psicograma de la sociedad israel\u00ed que, seg\u00fan Gundar-Goshen, est\u00e1 atrapada en un funesto sistema de miedo al \u00abotro\u00bb.<\/p>\n<p>Ayelet Gundar-Goshen no s\u00f3lo es escritora, sino tambi\u00e9n psicoterapeuta. En su novela, explora mecanismos ocultos que tambi\u00e9n descubre en s\u00ed misma. Siendo madre de un beb\u00e9, ella misma tuvo un obrero palestino en casa hace unos a\u00f1os. De repente, las noticias informaron del asesinato de un trabajador palestino a manos de su jefe israel\u00ed. \u00abLa habitaci\u00f3n se llen\u00f3 de miedo. Se pod\u00eda oler el miedo\u00bb, cuenta.\u00a0\u00abUn minuto desp\u00faes, me di cuenta de que \u00e9l me ten\u00eda tanto miedo como yo a \u00e9l, porque sab\u00eda que yo pod\u00eda llamar a la polic\u00eda y decir, oigan, tengo un trabajador aqu\u00ed y no me siento segura. Vendr\u00edan en dos minutos y se lo llevar\u00edan\u00bb.<em> <\/em><\/p>\n<p><span data-slot-id=\"Article_InContent-1\" class=\"rich-text-ad\"\/><\/p>\n<h2>Trauma a ambos lados<\/h2>\n<p>Su novela arroja luz sobre los mecanismos psicol\u00f3gicos ocultos que configuran la vida cotidiana israelo-palestina. \u00abEl hecho de que te consideres a ti mismo como una v\u00edctima potencial, te prepara para convertirte en un agresor\u00bb, dice Gundar-Goshen.<em> <\/em><\/p>\n<p>Aqu\u00ed, la perspectiva de la terapeuta tambi\u00e9n influye en la de la escritora: no juzga, sino intenta comprender por qu\u00e9 act\u00faa la gente. \u00abMe pregunto por qu\u00e9 es tan dif\u00edcil para la gente reconocer el terrible trauma del 7 de octubre, para lo que no hay justificaci\u00f3n alguna, para lo que nunca habr\u00e1 justificaci\u00f3n alguna, y, al mismo tiempo, reconocer tambi\u00e9n el horrible trauma que ahora se inflige a los palestinos, mientras que el trauma para las familias de los rehenes contin\u00faa. Es como si uno de los dos lados tuviera que ser borrado para que la gente [del otro] se sostenga\u00bb.<\/p>\n<figure class=\"placeholder-image master_landscape big\"><img data-format=\"MASTER_LANDSCAPE\" data-id=\"73730191\" data-url=\"https:\/\/static.dw.com\/image\/73730191_${formatId}.jpg\" data-aspect-ratio=\"16\/9\" alt=\"La mujer, con un ni\u00f1o en brazos y otros tres que la siguen detr\u00e1s, camina por una calle de la ciudad en una imagen fechada el pasado 22 de agosto.\" style=\"padding-bottom: 56.25%; height: 0; max-height: 0;\"\/><figcaption class=\"img-caption\">Ciudad de Gaza: una madre palestina huye con sus cuatro hijos.<small class=\"copyright\">Imagen: Bashar Taleb\/AFP\/Getty Images<\/small><\/figcaption><\/figure>\n<p>Con la empat\u00eda con la que mira a ambos lados, Ayelet Gundar-Goshen se encuentra bastante sola. Voces como la suya quedan ahogadas por el rugido global del debate ideol\u00f3gico, que a veces se desarrolla con violencia, pero sobre todo con manifestaciones, coerci\u00f3n pol\u00edticamente motivada para tomar postura\u00a0y cancelaci\u00f3n de\u00a0artistas, intelectuales o m\u00fasicos de ambas partes. En el propio Israel, la autorreflexi\u00f3n cr\u00edtica, tal como la practica Gundar-Goshen, pr\u00e1cticamente no tiene cabida. Pero\u00a0por eso es a\u00fan m\u00e1s importante.<\/p>\n<p>\u00abIntento identificar y explorar mis propios puntos ciegos. Y muy a menudo encuentro que mis puntos ciegos son puntos ciegos universales que todos tenemos. Si no pasamos por el doloroso momento de mirarnos de verdad a nosotros mismos en el espejo, nunca seremos capaces de cambiar nada\u00bb.<\/p>\n<h2>S\u00f3lo escribir no basta <\/h2>\n<p>Y muchas cosas tienen que cambiar, seg\u00fan ella. Por eso se manifiesta con regularidad, como muchos otros israel\u00edes: contra el Gobierno de Netanyahu, por el regreso de los rehenes, por el fin de la guerra. Escribir tambi\u00e9n puede ser una forma de resistencia para ella. Pero no logra\u00a0conformarse con\u00a0la resistencia literaria:\u00a0\u00abNo es suficiente\u00bb, dice. \u00abTienes que combinar tus piernas en la calle, tus gritos en la calle y tu mano que escribe; todo tu cuerpo tiene que trabajar en esto\u00bb.<\/p>\n<figure class=\"placeholder-image master_landscape big\"><img data-format=\"MASTER_LANDSCAPE\" data-id=\"73768969\" data-url=\"https:\/\/static.dw.com\/image\/73768969_${formatId}.jpg\" data-aspect-ratio=\"16\/9\" alt=\"Una mujer grita por un altavoz mientras otros manifestantes ondean banderas.\" style=\"padding-bottom: 56.25%; height: 0; max-height: 0;\"\/><figcaption class=\"img-caption\">Manifestaci\u00f3n de familiares de los rehenes en Tel Aviv, el pasado 26 de agosto.<small class=\"copyright\">Imagen: Jack Guez\/AFP\/Getty Images<\/small><\/figcaption><\/figure>\n<p>Ayelet Gundar-Goshen no pierde la esperanza de que haya cambios y entendimiento. Y, con la vista puesta en la historia, ni siquiera es pesimista. \u00abEstamos hablando en una entrevista en Berl\u00edn. Si les hubiera dicho a mis abuelos hace unos a\u00f1os que estar\u00eda sentada aqu\u00ed hablando con usted \u2015una periodista alemana\u2015, no lo habr\u00edan cre\u00eddo, \u00bfcierto?\u00a0Las cosas pueden cambiar en la historia. Pueden cambiar muy f\u00e1cilmente para\u00a0empeorar. Pero tambi\u00e9n pueden mejorar\u00bb.<\/p>\n<p>(LGC\/RML)<\/p>\n<\/div>\n\n","protected":false},"excerpt":{"rendered":"<p>Al principio, escribir un libro despu\u00e9s del 7 de octubre de 2023 le pareci\u00f3 una barbaridad, reconoce la autora israel\u00ed Ayelet Gundar-Goshen. \u00abEspecialmente mientras los rehenes siguen retenidos lejos de sus familias en Israel y la destrucci\u00f3n contin\u00faa en Gaza. Y vas a permitirte el privilegio de evadirte a un mundo diferente, a un mundo &hellip;<\/p>\n","protected":false},"author":1,"featured_media":43583,"comment_status":"open","ping_status":"open","sticky":false,"template":"","format":"standard","meta":{"fifu_image_url":"https:\/\/static.dw.com\/image\/74001392_6.jpg","fifu_image_alt":"","footnotes":""},"categories":[13],"tags":[],"class_list":["post-43582","post","type-post","status-publish","format-standard","has-post-thumbnail","","category-mundo"],"_links":{"self":[{"href":"https:\/\/noticiasveraces.com\/index.php?rest_route=\/wp\/v2\/posts\/43582","targetHints":{"allow":["GET"]}}],"collection":[{"href":"https:\/\/noticiasveraces.com\/index.php?rest_route=\/wp\/v2\/posts"}],"about":[{"href":"https:\/\/noticiasveraces.com\/index.php?rest_route=\/wp\/v2\/types\/post"}],"author":[{"embeddable":true,"href":"https:\/\/noticiasveraces.com\/index.php?rest_route=\/wp\/v2\/users\/1"}],"replies":[{"embeddable":true,"href":"https:\/\/noticiasveraces.com\/index.php?rest_route=%2Fwp%2Fv2%2Fcomments&post=43582"}],"version-history":[{"count":0,"href":"https:\/\/noticiasveraces.com\/index.php?rest_route=\/wp\/v2\/posts\/43582\/revisions"}],"wp:featuredmedia":[{"embeddable":true,"href":"https:\/\/noticiasveraces.com\/index.php?rest_route=\/wp\/v2\/media\/43583"}],"wp:attachment":[{"href":"https:\/\/noticiasveraces.com\/index.php?rest_route=%2Fwp%2Fv2%2Fmedia&parent=43582"}],"wp:term":[{"taxonomy":"category","embeddable":true,"href":"https:\/\/noticiasveraces.com\/index.php?rest_route=%2Fwp%2Fv2%2Fcategories&post=43582"},{"taxonomy":"post_tag","embeddable":true,"href":"https:\/\/noticiasveraces.com\/index.php?rest_route=%2Fwp%2Fv2%2Ftags&post=43582"}],"curies":[{"name":"wp","href":"https:\/\/api.w.org\/{rel}","templated":true}]}}