{"id":43577,"date":"2025-09-18T19:59:20","date_gmt":"2025-09-18T23:59:20","guid":{"rendered":"https:\/\/noticiasveraces.com\/?p=43577"},"modified":"2025-09-18T19:59:20","modified_gmt":"2025-09-18T23:59:20","slug":"aranceles-de-ee-uu-abaratan-productos-en-latinoamerica-dw-18-09-2025","status":"publish","type":"post","link":"https:\/\/noticiasveraces.com\/?p=43577","title":{"rendered":"Aranceles de EE. UU. abaratan productos en Latinoam\u00e9rica \u2013 DW \u2013 18\/09\/2025"},"content":{"rendered":"<p> \n<\/p>\n<div data-tracking-name=\"rich-text\" data-tracking-skip=\"true\">\n<p>Mientras en EE. UU. los consumidores se enfrentan a precios cada vez m\u00e1s altos, en Latinoam\u00e9rica los alimentos se abaratan. En el supermercado de la calle Bol\u00edvar, en R\u00edo de Janeiro, los clientes no salen de su asombro: los precios del caf\u00e9 y la carne han bajado.<\/p>\n<p>\u00abPor fin una buena noticia en estos tiempos dif\u00edciles\u00bb, comenta a DW Julienne Freitas, clienta del lugar. Su impresi\u00f3n se ve confirmada por una encuesta reciente del Departamento Intersindical de Estad\u00edstica y Estudios Socioecon\u00f3micos (Dieese) y de la Compa\u00f1\u00eda Nacional de Abastecimiento (Conab).<\/p>\n<p>De acuerdo con este estudio, los precios de alimentos b\u00e1sicos como los tomates, la carne, el arroz y el caf\u00e9 bajaron en agosto, en comparaci\u00f3n con julio, en 24 de las 27 capitales de los estados de\u00a0Brasil.<\/p>\n<h2>Aranceles y ciclos agr\u00edcolas: factores que impactan en los precios<\/h2>\n<p>El descenso en los precios observado por los consumidores brasile\u00f1os est\u00e1 relacionado con los ciclos naturales t\u00edpicos de la agricultura, afirma Leandro Dias, de la plataforma brasile\u00f1a AgroDeri, especializada en la digitalizaci\u00f3n del mercado agr\u00edcola.<\/p>\n<p>\u00abEn la agricultura vivimos de ciclos. En el caso del caf\u00e9, por ejemplo, tuvimos una buena cosecha, lo que, naturalmente, aument\u00f3 la oferta y redujo los precios. Con la carne ocurre algo similar: el ciclo ganadero se encuentra en una fase de alta oferta de ganado de engorde, por lo que el mercado interno est\u00e1 sintiendo esta ca\u00edda de los precios\u00bb, explica, en entrevista con DW.<\/p>\n<p>Sin embargo, hay otro elemento a considerar: los\u00a0aranceles de EE. UU. sobre los productos brasile\u00f1os. \u00abLos aranceles excesivos provocan\u00a0inflaci\u00f3n\u00a0en el pa\u00eds y frenan la competitividad en el extranjero\u00bb, se\u00f1ala Dias.<\/p>\n<p>En otras palabras, actualmente, los consumidores estadounidenses est\u00e1n notando un aumento en los precios de los alimentos a los que Washington ha impuesto aranceles. Por el contrario, los precios de estos productos est\u00e1n bajando en los pa\u00edses de origen.<\/p>\n<p>\u00abEn Brasil, los aranceles est\u00e1n teniendo un efecto a corto plazo sobre el equilibrio entre la oferta y la demanda de los productos sujetos a ellos, es decir, el caf\u00e9 y la carne\u00bb, confirma a DW el economista Douglas Eust\u00e1quio, del Grupo Botic\u00e1rio, una de las mayores empresas de cosm\u00e9ticos de Brasil.<\/p>\n<p>Debido a los aranceles, los productos que estaban destinados total o parcialmente al mercado estadounidense ahora se quedar\u00e1n en Brasil. \u00abY este excedente abastecer\u00e1 al mercado nacional\u00bb, afirma Eust\u00e1quio. <\/p>\n<p><span data-slot-id=\"Article_InContent-1\" class=\"rich-text-ad\"\/><\/p>\n<h2>Aranceles a Brasil: consecuencia del juicio a Bolsonaro<\/h2>\n<p>Los aranceles impuestos por Donald Trump a Brasil est\u00e1n relacionados con el juicio al expresidente Jair Bolsonaro, condenado por el Supremo Tribunal Federal de Brasil a 27 a\u00f1os de prisi\u00f3n por intentar dar un golpe de Estado. Washington impuso aranceles punitivos en respuesta al juicio, alegando su preocupaci\u00f3n por la represi\u00f3n de\u00a0la oposici\u00f3n y de\u00a0la libertad de expresi\u00f3n.<\/p>\n<p>Sin embargo, el Gobierno brasile\u00f1o insiste en que su poder judicial es independiente. El actual presidente de Brasil, Luiz In\u00e1cio Lula da Silva, ha criticado los aranceles por considerarlos injustos, ya que Estados Unidos tiene un super\u00e1vit comercial con Brasil.<\/p>\n<figure class=\"placeholder-image master_landscape big\"><img data-format=\"MASTER_LANDSCAPE\" data-id=\"74027411\" data-url=\"https:\/\/static.dw.com\/image\/74027411_${formatId}.jpg\" data-aspect-ratio=\"16\/9\" alt=\"Escaparate de supermercado que muestra diversas marcas de caf\u00e9.\" style=\"padding-bottom: 56.25%; height: 0; max-height: 0;\"\/><figcaption class=\"img-caption\">Los consumidores brasile\u00f1os disfrutan precios bajos. Pero, a largo plazo, los aranceles implicar\u00edan: p\u00e9rdida de acceso a mercados y falta de incentivos para invertir. <small class=\"copyright\">Im\u00e1genes: Tobias Comprador\/DW<\/small><\/figcaption><\/figure>\n<p>Entre enero y julio de 2025, las exportaciones brasile\u00f1as a Estados Unidos ascendieron a casi 23.700 millones de d\u00f3lares, la cifra m\u00e1s alta registrada para ese per\u00edodo, de acuerdo con la C\u00e1mara de Comercio brasile\u00f1o-estadounidense. Al mismo tiempo, las importaciones aumentaron un 12,6 % hasta alcanzar los 26 mil millones de d\u00f3lares, lo que llev\u00f3 el super\u00e1vit comercial de EE. UU. con Brasil a 2.300 millones de d\u00f3lares.<\/p>\n<h2>Riesgos econ\u00f3micos a largo plazo por los aranceles<\/h2>\n<p>Un fen\u00f3meno similar al de Brasil se observa en M\u00e9xico, con una ca\u00edda en el precio de los tomates. Javier Reyes Escamilla, presidente de la Uni\u00f3n Ganadera Regional Centro-Norte del Estado de M\u00e9xico, declar\u00f3 al portal de noticias <em>Milenio <\/em>que,\u00a0\u00aben la regi\u00f3n, hay una gran producci\u00f3n, los productores del norte del pa\u00eds intentan venderla en los estados centrales [mexicanos] en lugar de exportarla a Estados Unidos, por lo que el precio est\u00e1 bajando\u00bb.<\/p>\n<figure class=\"placeholder-image master_landscape big\"><img data-format=\"MASTER_LANDSCAPE\" data-id=\"73289092\" data-url=\"https:\/\/static.dw.com\/image\/73289092_${formatId}.jpg\" data-aspect-ratio=\"16\/9\" alt=\"Planta con tomates rojos.\" style=\"padding-bottom: 56.25%; height: 0; max-height: 0;\"\/><figcaption class=\"img-caption\">El precio de los tomates tambi\u00e9n ha bajado en M\u00e9xico debido a los aranceles impuestos por EE. UU.<small class=\"copyright\">Imagen: Katharina Wittfeld\/IMAGO<\/small><\/figcaption><\/figure>\n<p>Si bien los consumidores de los pa\u00edses de origen pueden alegrarse a corto plazo por los precios m\u00e1s bajos, los aranceles tendr\u00e1n\u00a0consecuencias negativas a largo plazo, afirma a DW la economista brasile\u00f1a Dirlene Silva: \u00abSi el productor pierde el acceso a un mercado importante como el estadounidense, ya no tiene ning\u00fan incentivo para invertir\u00bb.<\/p>\n<p>Esto se traduce en menos tecnolog\u00eda, menos productividad e incluso p\u00e9rdidas de calidad. Con el tiempo, la producci\u00f3n podr\u00eda disminuir y los precios volver a subir, lo que ir\u00eda en detrimento de los consumidores brasile\u00f1os y otros consumidores latinoamericanos.<\/p>\n<p>(JM\/RML)<\/p>\n<\/div>\n\n","protected":false},"excerpt":{"rendered":"<p>Mientras en EE. UU. los consumidores se enfrentan a precios cada vez m\u00e1s altos, en Latinoam\u00e9rica los alimentos se abaratan. En el supermercado de la calle Bol\u00edvar, en R\u00edo de Janeiro, los clientes no salen de su asombro: los precios del caf\u00e9 y la carne han bajado. \u00abPor fin una buena noticia en estos tiempos &hellip;<\/p>\n","protected":false},"author":1,"featured_media":43578,"comment_status":"open","ping_status":"open","sticky":false,"template":"","format":"standard","meta":{"fifu_image_url":"https:\/\/static.dw.com\/image\/74027393_6.jpg","fifu_image_alt":"","footnotes":""},"categories":[13],"tags":[],"class_list":["post-43577","post","type-post","status-publish","format-standard","has-post-thumbnail","","category-mundo"],"_links":{"self":[{"href":"https:\/\/noticiasveraces.com\/index.php?rest_route=\/wp\/v2\/posts\/43577","targetHints":{"allow":["GET"]}}],"collection":[{"href":"https:\/\/noticiasveraces.com\/index.php?rest_route=\/wp\/v2\/posts"}],"about":[{"href":"https:\/\/noticiasveraces.com\/index.php?rest_route=\/wp\/v2\/types\/post"}],"author":[{"embeddable":true,"href":"https:\/\/noticiasveraces.com\/index.php?rest_route=\/wp\/v2\/users\/1"}],"replies":[{"embeddable":true,"href":"https:\/\/noticiasveraces.com\/index.php?rest_route=%2Fwp%2Fv2%2Fcomments&post=43577"}],"version-history":[{"count":0,"href":"https:\/\/noticiasveraces.com\/index.php?rest_route=\/wp\/v2\/posts\/43577\/revisions"}],"wp:featuredmedia":[{"embeddable":true,"href":"https:\/\/noticiasveraces.com\/index.php?rest_route=\/wp\/v2\/media\/43578"}],"wp:attachment":[{"href":"https:\/\/noticiasveraces.com\/index.php?rest_route=%2Fwp%2Fv2%2Fmedia&parent=43577"}],"wp:term":[{"taxonomy":"category","embeddable":true,"href":"https:\/\/noticiasveraces.com\/index.php?rest_route=%2Fwp%2Fv2%2Fcategories&post=43577"},{"taxonomy":"post_tag","embeddable":true,"href":"https:\/\/noticiasveraces.com\/index.php?rest_route=%2Fwp%2Fv2%2Ftags&post=43577"}],"curies":[{"name":"wp","href":"https:\/\/api.w.org\/{rel}","templated":true}]}}