{"id":43555,"date":"2025-09-18T16:52:38","date_gmt":"2025-09-18T20:52:38","guid":{"rendered":"https:\/\/noticiasveraces.com\/?p=43555"},"modified":"2025-09-18T16:52:38","modified_gmt":"2025-09-18T20:52:38","slug":"los-miedos-de-los-alemanes-disminuyen-en-2025-dw-18-09-2025","status":"publish","type":"post","link":"https:\/\/noticiasveraces.com\/?p=43555","title":{"rendered":"Los miedos de los alemanes disminuyen en 2025 \u2013 DW \u2013 18\/09\/2025"},"content":{"rendered":"<p> \n<\/p>\n<div data-tracking-name=\"rich-text\" data-tracking-skip=\"true\">\n<p>Desanimados, indecisos y muy precavidos. Adem\u00e1s, extremadamente preocupados por la seguridad. A eso le agregamos una buena porci\u00f3n de miedo al futuro, y tenemos lo que se conoce en todo el mundo como \u00abGerman Angst\u00bb, el miedo alem\u00e1n. Eso explica tal vez que numerosos estudios sobre el miedo se realicen solo en\u00a0\u00a0Alemania.<\/p>\n<p>Esto tambi\u00e9n se aplica al estudio \u00abLos miedos de los alemanes en 2025\u201d<svg xmlns=\"http:\/\/www.w3.org\/2000\/svg\" width=\"20\" height=\"20\" viewbox=\"0 0 20 20\"><path d=\"M11.5 3.5 11.5 4.233C14.342 4.233 15.167 4.245 15.167 4.258L8.984 10.467 10.033 11.516C14.826 6.725 16.228 5.333 16.242 5.333L16.267 9 17.733 9 17.733 2.767 11.5 2.767 11.5 3.5M2.267 11 2.267 17.233 16.733 17.233 16.733 12 15.267 12 15.25 15.75 9.5 15.75 3.75 15.75 3.75 6.25 9.5 6.233 9.5 4.767 2.267 4.767 2.267 11 \"\/><\/svg>del Centro de informaci\u00f3n dela empresa de seguros R+V, que analiza en profundidad las preocupaciones de la poblaci\u00f3n alemana por trig\u00e9simocuarta vez. El sorprendente resultado de la encuesta actual, en la que participaron 2.400 personas, es que los temores de los alemanes est\u00e1n disminuyendo, a pesar de las crisis mundiales y la tensa situaci\u00f3n econ\u00f3mica.<\/p>\n<p>Isabelle Borucki, polit\u00f3loga y profesora de la Universidad Philipps de Marburgo, acompa\u00f1\u00f3 dicho estudio como asesora. \u00abEsto puede significar un alivio tras muchos a\u00f1os de crisis. Adem\u00e1s, el foco de las personas est\u00e1 puesto actualmente menos en los miedos al futuro, sino, mucho m\u00e1s en el aqu\u00ed y ahora. Aunque los temores sobre la econom\u00eda y el costo de la vida siguen siendo altos, la gente ya no se siente tan afectada como antes por ellos\u00bb, dijo a DW.<\/p>\n<h2>Tres miedos relacionados con el dinero entre los cuatro primeros<\/h2>\n<p>Como anteriormente, a la mayor\u00eda de los alemanes les preocupa que su dinero ya no les alcance cuando van al supermercado, a la gasolinera, o al tener que pagar la cuenta de la electricidad a fin de mes. Al igual que el a\u00f1o pasado, y por decimoquinta vez en total, el miedo al aumento del costo de vida ocupa el primer puesto, y la inflaci\u00f3n\u00a0sigue siendo el fantasma que m\u00e1s atemoriza a los alemanes.<\/p>\n<p>Entre los cuatro mayores temores de los alemanes se encuentran otros dos problemas monetarios que quitan el sue\u00f1o a muchos: el miedo a las subidas de impuestos y los recortes de prestaciones, y\u00a0\u00a0el miedo a una vivienda inasequible.<\/p>\n<p>\u00abEl tema es particularmente controvertido porque hay pocas se\u00f1ales de alivio en los costos de la vivienda, especialmente en los alquileres, pero tambi\u00e9n en los costos de servicios como la calefacci\u00f3n y la electricidad\u00bb, afirma Borucki.<\/p>\n<figure class=\"placeholder-image master_landscape big\"><img data-format=\"MASTER_LANDSCAPE\" data-id=\"74029346\" data-url=\"https:\/\/static.dw.com\/image\/74029346_${formatId}.jpg\" data-aspect-ratio=\"16\/9\" alt=\"La polit\u00f3loga Isabelle Borucki, de la Universidad Philipps de Marburgo.\" style=\"padding-bottom: 56.25%; height: 0; max-height: 0;\"\/><figcaption class=\"img-caption\">\u00abEl descenso de los niveles de ansiedad no es una se\u00f1al de alarma ni motivo para no cambiar nada\u00bb, afirma Isabelle Borucki, de la Universidad Philipps de Marburgo.<small class=\"copyright\">Im\u00e1genes: seguro R+V<\/small><\/figcaption><\/figure>\n<p>La vivienda asequible podr\u00eda convertirse en el principal problema sociopol\u00edtico en futuras campa\u00f1as electorales. \u00abEs fundamental que la gente vea avances visibles en cuanto a vivienda social, en la aceleraci\u00f3n de los tr\u00e1mites de permisos y, en general, en la posibilidad de acceder a una vivienda propia m\u00e1s asequible\u00bb, explica.<\/p>\n<p><span data-slot-id=\"Article_InContent-1\" class=\"rich-text-ad\"\/><\/p>\n<h2>La migraci\u00f3n sigue atemorizando a muchos, especialmente en el este<\/h2>\n<p>Entre los temores financieros, se encuentra en segundo lugar el temor a que el Estado se vea desbordado por los refugiados, especialmente en el este de Alemania.<\/p>\n<p>El n\u00famero de solicitudes de asilo en el primer semestre de 2025 se redujo casi un 50 % en comparaci\u00f3n con el a\u00f1o anterior, a poco menos de 73.000, en parte,\u00a0porque el Gobierno de coalici\u00f3n, formado por los socialdem\u00f3cratas (SPD), Los Verdes y el Partido Dem\u00f3crata Liberal (FDP) ya hab\u00eda endurecido las leyes de asilo, y ahora el nuevo Gobierno de\u00a0\u00a0coalici\u00f3n formado por el bloque conservador CDU\/CSU y el SPD est\u00e1 aumentando los controles fronterizos.<\/p>\n<p>La explicaci\u00f3n de la polit\u00f3loga Borucki es que lo que refleja el estudio se trata solo en primera instancia de una pol\u00edtica de\u00a0\u00a0inmigraci\u00f3n\u00a0concreta y sus medidas.<\/p>\n<p>\u00abSe trata de la identidad social, del asunto de qu\u00e9 es en realidad la convivencia cultural, y qu\u00e9 se entiende por pertenencia. El tema de los refugiados est\u00e1 de alg\u00fan modo superpuesto. Adem\u00e1s, por supuesto, el miedo a la inmigraci\u00f3n es explotado f\u00e1cilmente en la pol\u00edtica mediante narrativas populistas o extremistas de derecha\u00bb.<\/p>\n<p>El miedo, seg\u00fan Borucki, es un sentimiento fundamental, existencial. \u00abEn este sentido, operamos a un nivel emocional, no a un nivel basado en hechos\u00bb, indica.<\/p>\n<h2>El descontento con los pol\u00edticos sigue siendo alto<\/h2>\n<p>Solo una cosa preocupa m\u00e1s a los alemanes que el a\u00f1o pasado: el creciente poder de los gobernantes autoritarios en todo el mundo. Esto, sin duda, tambi\u00e9n se debe a la investidura del presidente estadounidense,\u00a0Donald Trump.<\/p>\n<p>En la clasificaci\u00f3n, el miedo a los gobernantes autoritarios, y en especial a las pol\u00edticas de Trump, ocupa el quinto y sexto lugar. Hablando de pol\u00edticos: si el estudio del miedo fuera una escuela, los pol\u00edticos, tanto del Gobierno como de la oposici\u00f3n, apenas habr\u00edan superado el grado, con una nota media de 3,8,\u00a0una muy ligera mejor\u00eda\u00a0respecto al 4,0 del a\u00f1o anterior.<\/p>\n<p>\u00abNo hay motivo para festejar, porque, igual que antes, mas de la mitad de la poblaci\u00f3n en Alemania les ha puesto un &#8216;suficiente'\u00bb, eval\u00faa, Borucki. En el sistema escolar alem\u00e1n,\u00a03 equivale a\u00a0\u00absatisfactorio\u00bb y\u00a04 es apenas \u00absuficiente\u00bb (apenas aprobado).<\/p>\n<p>\u00abEso es muestra, una vez m\u00e1s, de un profundo descontento. Y, en este sentido, los pol\u00edticos est\u00e1n recibiendo un informe con una seria advertencia. Esto se aplica especialmente al Gobierno actual, afirma la experta: \u00abActualmente, no se ve confianza en que el Gobierno de Merz lidere a la poblaci\u00f3n con profesionalismo y eficacia durante las crisis. En este sentido, es importante generar confianza\u00bb.<\/p>\n<h2>Miedo al cambio clim\u00e1tico pierde peso pese a\u00a0cat\u00e1strofes<\/h2>\n<p>Las preocupaciones por los desastres naturales y el cambio clim\u00e1tico ocupan el puesto 15 y 16 respectivamente. Esto, a pesar del creciente n\u00famero de desastres naturales, inundaciones, incendios forestales y sequ\u00edas en todo el mundo. Sin embargo, la protecci\u00f3n del clima tuvo un papel secundario en la campa\u00f1a electoral nacional alemana y no es necesariamente una prioridad para el nuevo Gobierno.<\/p>\n<p>A juicio de Borucki, el tema del clima ha sido desplazado de la agenda pol\u00edtica en Alemania,\u00a0\u00a0y ha perdido algo de su poder movilizador debido a que el partido Los Verdes ya no est\u00e1\u00a0en el Gobierno. Pero eso podr\u00eda cambiar r\u00e1pidamente con cat\u00e1strofes como lo fueron las inundaciones de 2021 en el\u00a0\u00a0valle del r\u00edo Ahr, en el oeste de Alemania. Entre los encuestados j\u00f3venes, de 14 a 19 a\u00f1os, el miedo al cambio clim\u00e1tico est\u00e1 entre los tres primeros puestos.<\/p>\n<p>En este panorama, sorprende que la tan lamentada divisi\u00f3n y polarizaci\u00f3n de la sociedad ya no atemorice tanto a los alemanes. El tema perdi\u00f3 un nueve por ciento en fuerza frente al a\u00f1o anterior. Ning\u00fan otro miedo disminuy\u00f3 tanto.<\/p>\n<p>Isabelle Borucki explica que la polarizaci\u00f3n se ha transformado en algo cotidiano: \u00abLa gente se ha acostumbrado a un estado de crisis y a una esfera p\u00fablica plagada de conflictos. Se ha instalado un cierto grado de fatiga por la divisi\u00f3n social, de modo que los estados de divisi\u00f3n se aceptan y se adoptan como una condici\u00f3n permanente\u00bb.<\/p>\n<p>(CP\/RML)<\/p>\n<\/div>\n\n","protected":false},"excerpt":{"rendered":"<p>Desanimados, indecisos y muy precavidos. Adem\u00e1s, extremadamente preocupados por la seguridad. A eso le agregamos una buena porci\u00f3n de miedo al futuro, y tenemos lo que se conoce en todo el mundo como \u00abGerman Angst\u00bb, el miedo alem\u00e1n. Eso explica tal vez que numerosos estudios sobre el miedo se realicen solo en\u00a0\u00a0Alemania. Esto tambi\u00e9n se &hellip;<\/p>\n","protected":false},"author":1,"featured_media":43556,"comment_status":"open","ping_status":"open","sticky":false,"template":"","format":"standard","meta":{"fifu_image_url":"https:\/\/static.dw.com\/image\/56929410_6.jpg","fifu_image_alt":"","footnotes":""},"categories":[13],"tags":[],"class_list":["post-43555","post","type-post","status-publish","format-standard","has-post-thumbnail","","category-mundo"],"_links":{"self":[{"href":"https:\/\/noticiasveraces.com\/index.php?rest_route=\/wp\/v2\/posts\/43555","targetHints":{"allow":["GET"]}}],"collection":[{"href":"https:\/\/noticiasveraces.com\/index.php?rest_route=\/wp\/v2\/posts"}],"about":[{"href":"https:\/\/noticiasveraces.com\/index.php?rest_route=\/wp\/v2\/types\/post"}],"author":[{"embeddable":true,"href":"https:\/\/noticiasveraces.com\/index.php?rest_route=\/wp\/v2\/users\/1"}],"replies":[{"embeddable":true,"href":"https:\/\/noticiasveraces.com\/index.php?rest_route=%2Fwp%2Fv2%2Fcomments&post=43555"}],"version-history":[{"count":0,"href":"https:\/\/noticiasveraces.com\/index.php?rest_route=\/wp\/v2\/posts\/43555\/revisions"}],"wp:featuredmedia":[{"embeddable":true,"href":"https:\/\/noticiasveraces.com\/index.php?rest_route=\/wp\/v2\/media\/43556"}],"wp:attachment":[{"href":"https:\/\/noticiasveraces.com\/index.php?rest_route=%2Fwp%2Fv2%2Fmedia&parent=43555"}],"wp:term":[{"taxonomy":"category","embeddable":true,"href":"https:\/\/noticiasveraces.com\/index.php?rest_route=%2Fwp%2Fv2%2Fcategories&post=43555"},{"taxonomy":"post_tag","embeddable":true,"href":"https:\/\/noticiasveraces.com\/index.php?rest_route=%2Fwp%2Fv2%2Ftags&post=43555"}],"curies":[{"name":"wp","href":"https:\/\/api.w.org\/{rel}","templated":true}]}}