{"id":43552,"date":"2025-09-18T15:51:18","date_gmt":"2025-09-18T19:51:18","guid":{"rendered":"https:\/\/noticiasveraces.com\/?p=43552"},"modified":"2025-09-18T15:51:18","modified_gmt":"2025-09-18T19:51:18","slug":"trump-dice-que-tratamos-de-recuperar-el-aerodromo-de-bagram-de-los-talibanes-en-afganistan","status":"publish","type":"post","link":"https:\/\/noticiasveraces.com\/?p=43552","title":{"rendered":"Trump dice que tratamos de recuperar el aer\u00f3dromo de Bagram de los talibanes en Afganist\u00e1n"},"content":{"rendered":"<p> \n<\/p>\n<div>\n<div id=\"beyondwords-wrapper\" class=\"beyondwords-wrapper\">\n<p><span class=\"label-bg\">NUEVO<\/span>\u00a1Ahora puedes escuchar art\u00edculos de Fox News!\n  <\/p>\n<\/div>\n<p class=\"speakable\">El presidente Donald Trump dijo el jueves que su administraci\u00f3n est\u00e1 \u00abtratando\u00bb de obtener el ex aer\u00f3dromo de los Estados Unidos en Afganist\u00e1n \u00abde regreso\u00bb de los talibanes.<\/p>\n<p class=\"speakable\">En comentarios a la prensa mientras estaba parado junto al primer ministro del Reino Unido, Keir Starmer, el presidente critic\u00f3 el manejo de la retirada de los Estados Unidos de Afganist\u00e1n bajo el presidente Joe Biden y dijo que ten\u00eda \u00abuna peque\u00f1a noticia\u00bb.<\/p>\n<p>\u00abEstamos tratando de recuperarlo\u00bb, dijo Trump. \u00abEstamos tratando de recuperarlo porque necesitan cosas de nosotros\u00bb.<\/p>\n<p><strong>Desen\u00edas talibanes armas estadounidenses 3 a\u00f1os despu\u00e9s de la retirada ca\u00f3tica de Afganist\u00e1n<\/strong><\/p>\n<div class=\"image-ct inline\">\n<div class=\"m\"><picture><source media=\"(max-width: 767px)\" srcset=\"https:\/\/a57.foxnews.com\/static.foxnews.com\/foxnews.com\/content\/uploads\/2024\/08\/343\/192\/Afghanistan-Taliban.jpg?ve=1&amp;tl=1, https:\/\/a57.foxnews.com\/static.foxnews.com\/foxnews.com\/content\/uploads\/2024\/08\/686\/384\/Afghanistan-Taliban.jpg?ve=1&amp;tl=1 2x\" height=\"192\" width=\"343\"><source media=\"(min-width: 768px) and (max-width: 1023px)\" srcset=\"https:\/\/a57.foxnews.com\/static.foxnews.com\/foxnews.com\/content\/uploads\/2024\/08\/672\/378\/Afghanistan-Taliban.jpg?ve=1&amp;tl=1, https:\/\/a57.foxnews.com\/static.foxnews.com\/foxnews.com\/content\/uploads\/2024\/08\/1344\/756\/Afghanistan-Taliban.jpg?ve=1&amp;tl=1 2x\" height=\"378\" width=\"672\"><source media=\"(min-width: 1024px) and (max-width: 1279px)\" srcset=\"https:\/\/a57.foxnews.com\/static.foxnews.com\/foxnews.com\/content\/uploads\/2024\/08\/931\/523\/Afghanistan-Taliban.jpg?ve=1&amp;tl=1, https:\/\/a57.foxnews.com\/static.foxnews.com\/foxnews.com\/content\/uploads\/2024\/08\/1862\/1046\/Afghanistan-Taliban.jpg?ve=1&amp;tl=1 2x\" height=\"523\" width=\"931\"><source media=\"(min-width: 1280px)\" srcset=\"https:\/\/a57.foxnews.com\/static.foxnews.com\/foxnews.com\/content\/uploads\/2024\/08\/720\/405\/Afghanistan-Taliban.jpg?ve=1&amp;tl=1, https:\/\/a57.foxnews.com\/static.foxnews.com\/foxnews.com\/content\/uploads\/2024\/08\/1440\/810\/Afghanistan-Taliban.jpg?ve=1&amp;tl=1 2x\" height=\"405\" width=\"720\"><img loading=\"lazy\" decoding=\"async\" src=\"https:\/\/a57.foxnews.com\/static.foxnews.com\/foxnews.com\/content\/uploads\/2024\/08\/1200\/675\/Afghanistan-Taliban.jpg?ve=1&amp;tl=1\" alt=\"Afganist\u00e1n taliban\" width=\"1200\" height=\"675\"\/><\/source><\/source><\/source><\/source><\/picture><\/div>\n<div class=\"info\">\n<div class=\"caption\">\n<p><span>Mullah Abdul Ghani Baradar, viceprimer ministro de asuntos econ\u00f3micos de los talibanes, Centro, revisa a los guardias de honor durante un desfile militar que marca el tercer aniversario de la retirada de tropas liderada por Estados Unidos en la Base A\u00e9rea de Bagram en la provincia de Parwan, Afganist\u00e1n, mi\u00e9rcoles 14 de agosto, 2024.<\/span> <span>(Photo AP\/Siddiqullah Alizai)<\/span><\/p>\n<\/div>\n<\/div>\n<\/div>\n<p>Trump no expandi\u00f3 a qui\u00e9n se refer\u00eda o, si se refer\u00eda a los talibanes, la organizaci\u00f3n terrorista que se hizo cargo del pa\u00eds en 2021, lo que \u00abnecesitan\u00bb de los Estados Unidos.<\/p>\n<p>\u00abQueremos que esa base regrese, pero una de las razones por las que queremos la base es, como saben, a una hora de donde China hace sus armas nucleares\u00bb, agreg\u00f3 Trump. <\/p>\n<p>La Casa Blanca no respondi\u00f3 de inmediato a las preguntas de Fox News Digital con respecto a las afirmaciones del presidente. <\/p>\n<p>En marzo, Fox News Digital inform\u00f3 que el enviado de rehenes de la Casa Blanca <u>Adam Boehler<\/u> se reuni\u00f3 en persona con funcionarios talibanes en el aeropuerto internacional de Kabul mientras trabajaba para asegurar el lanzamiento de George Glezmann.<\/p>\n<div class=\"image-ct inline\">\n<div class=\"m\"><picture><source media=\"(max-width: 767px)\" srcset=\"https:\/\/a57.foxnews.com\/static.foxnews.com\/foxnews.com\/content\/uploads\/2025\/03\/343\/192\/boehler.jpg?ve=1&amp;tl=1, https:\/\/a57.foxnews.com\/static.foxnews.com\/foxnews.com\/content\/uploads\/2025\/03\/686\/384\/boehler.jpg?ve=1&amp;tl=1 2x\" height=\"192\" width=\"343\"><source media=\"(min-width: 768px) and (max-width: 1023px)\" srcset=\"https:\/\/a57.foxnews.com\/static.foxnews.com\/foxnews.com\/content\/uploads\/2025\/03\/672\/378\/boehler.jpg?ve=1&amp;tl=1, https:\/\/a57.foxnews.com\/static.foxnews.com\/foxnews.com\/content\/uploads\/2025\/03\/1344\/756\/boehler.jpg?ve=1&amp;tl=1 2x\" height=\"378\" width=\"672\"><source media=\"(min-width: 1024px) and (max-width: 1279px)\" srcset=\"https:\/\/a57.foxnews.com\/static.foxnews.com\/foxnews.com\/content\/uploads\/2025\/03\/931\/523\/boehler.jpg?ve=1&amp;tl=1, https:\/\/a57.foxnews.com\/static.foxnews.com\/foxnews.com\/content\/uploads\/2025\/03\/1862\/1046\/boehler.jpg?ve=1&amp;tl=1 2x\" height=\"523\" width=\"931\"><source media=\"(min-width: 1280px)\" srcset=\"https:\/\/a57.foxnews.com\/static.foxnews.com\/foxnews.com\/content\/uploads\/2025\/03\/720\/405\/boehler.jpg?ve=1&amp;tl=1, https:\/\/a57.foxnews.com\/static.foxnews.com\/foxnews.com\/content\/uploads\/2025\/03\/1440\/810\/boehler.jpg?ve=1&amp;tl=1 2x\" height=\"405\" width=\"720\"><img loading=\"lazy\" decoding=\"async\" src=\"https:\/\/a57.foxnews.com\/static.foxnews.com\/foxnews.com\/content\/uploads\/2025\/03\/1200\/675\/boehler.jpg?ve=1&amp;tl=1\" alt=\"Trump con Adam Boehler\" width=\"1200\" height=\"675\"\/><\/source><\/source><\/source><\/source><\/picture><\/div>\n<div class=\"info\">\n<div class=\"caption\">\n<p><span>El presidente de los Estados Unidos, Donald Trump, escucha como Adam Boehler, CEO de la Corporaci\u00f3n de Finanzas de Desarrollo Internacional de EE. UU., Se dirige a la sesi\u00f3n informativa diaria de la Fuerza de Tarea del Coronavirus en el Jard\u00edn de Rosas en la Casa Blanca en Washington, EE. UU., 14 de abril de 2020. Reuters\/Leah Millis<\/span> <span>(Reuters\/Leah Millis)<\/span><\/p>\n<\/div>\n<\/div>\n<\/div>\n<p><strong>El fracaso estadounidense en los talibanes Intel ha abierto Afganist\u00e1n a China, Rusia<\/strong><\/p>\n<p>Las fuentes confirmaron que esta fue la primera reuni\u00f3n directa entre una administraci\u00f3n estadounidense y el gobierno terrorista desde el colapso de Kabul en 2021.<\/p>\n<p>Un informe de AP m\u00e1s tarde dijo que los talibanes estaban supuestamente interesados \u200b\u200ben normalizar los lazos con los Estados Unidos despu\u00e9s de experimentar un apag\u00f3n geopol\u00edtico virtual en la diplomacia internacional sobre sus inmensos abusos de los derechos humanos.  <\/p>\n<p>Boehler, junto con otro enviado estadounidense, Zalmay Khalilzad, se reuni\u00f3 con el ministro de Relaciones Exteriores de los talibanes, Amir Khan Muttaqi, y, seg\u00fan los informes, discuti\u00f3 formas de \u00abdesarrollar relaciones bilaterales entre los dos pa\u00edses, cuestiones relacionadas con los ciudadanos y las oportunidades de inversi\u00f3n en Afganist\u00e1n\u00bb, seg\u00fan una declaraci\u00f3n talibana. <\/p>\n<div class=\"image-ct inline\">\n<div class=\"m\"><picture><source media=\"(max-width: 767px)\" srcset=\"https:\/\/a57.foxnews.com\/static.foxnews.com\/foxnews.com\/content\/uploads\/2024\/09\/343\/192\/Taliban.png?ve=1&amp;tl=1, https:\/\/a57.foxnews.com\/static.foxnews.com\/foxnews.com\/content\/uploads\/2024\/09\/686\/384\/Taliban.png?ve=1&amp;tl=1 2x\" height=\"192\" width=\"343\"><source media=\"(min-width: 768px) and (max-width: 1023px)\" srcset=\"https:\/\/a57.foxnews.com\/static.foxnews.com\/foxnews.com\/content\/uploads\/2024\/09\/672\/378\/Taliban.png?ve=1&amp;tl=1, https:\/\/a57.foxnews.com\/static.foxnews.com\/foxnews.com\/content\/uploads\/2024\/09\/1344\/756\/Taliban.png?ve=1&amp;tl=1 2x\" height=\"378\" width=\"672\"><source media=\"(min-width: 1024px) and (max-width: 1279px)\" srcset=\"https:\/\/a57.foxnews.com\/static.foxnews.com\/foxnews.com\/content\/uploads\/2024\/09\/931\/523\/Taliban.png?ve=1&amp;tl=1, https:\/\/a57.foxnews.com\/static.foxnews.com\/foxnews.com\/content\/uploads\/2024\/09\/1862\/1046\/Taliban.png?ve=1&amp;tl=1 2x\" height=\"523\" width=\"931\"><source media=\"(min-width: 1280px)\" srcset=\"https:\/\/a57.foxnews.com\/static.foxnews.com\/foxnews.com\/content\/uploads\/2024\/09\/720\/405\/Taliban.png?ve=1&amp;tl=1, https:\/\/a57.foxnews.com\/static.foxnews.com\/foxnews.com\/content\/uploads\/2024\/09\/1440\/810\/Taliban.png?ve=1&amp;tl=1 2x\" height=\"405\" width=\"720\"><img loading=\"lazy\" decoding=\"async\" src=\"https:\/\/a57.foxnews.com\/static.foxnews.com\/foxnews.com\/content\/uploads\/2024\/09\/1200\/675\/Taliban.png?ve=1&amp;tl=1\" alt=\"Luchador talib\u00e1n\" width=\"1200\" height=\"675\"\/><\/source><\/source><\/source><\/source><\/picture><\/div>\n<div class=\"info\">\n<div class=\"caption\">\n<p><span>Un luchador talib\u00e1n est\u00e1 guardado mientras las mujeres esperan para recibir raciones de comida distribuidas por un grupo de ayuda humanitaria en Kabul, Afganist\u00e1n, martes 23 de mayo de 2023.<\/span> <span>(AP Photo\/Ebrahim Noroozi, archivo)<\/span><\/p>\n<\/div>\n<\/div>\n<\/div>\n<p><strong>Haga clic aqu\u00ed para obtener la aplicaci\u00f3n Fox News<\/strong><\/p>\n<p>La eliminaci\u00f3n de las tropas estadounidenses de Afganist\u00e1n comenz\u00f3 durante la primera administraci\u00f3n de Trump en marzo de 2020, y la inteligencia de c\u00f3digo abierto mostr\u00f3 que los talibanes hab\u00edan estado obteniendo ganancias en Afganist\u00e1n en el a\u00f1o previo a la retirada de agosto de 2021. <\/p>\n<p>Seg\u00fan el acuerdo forjado por la primera administraci\u00f3n de Trump, Estados Unidos acord\u00f3 retirar todas las fuerzas estadounidenses antes del 1 de mayo de 2021, pero Biden extendi\u00f3 la fecha de retiro hasta agosto de 2021. <\/p>\n<p> <!----> <\/p>\n<div class=\"article-meta\">\n<div class=\"author-bio\">\n<p>Caitlin McFall es reportero de Fox News Digital Cubting Politics, US y World News.<\/p>\n<\/div>\n<\/div>\n<\/div>\n\n","protected":false},"excerpt":{"rendered":"<p>NUEVO\u00a1Ahora puedes escuchar art\u00edculos de Fox News! El presidente Donald Trump dijo el jueves que su administraci\u00f3n est\u00e1 \u00abtratando\u00bb de obtener el ex aer\u00f3dromo de los Estados Unidos en Afganist\u00e1n \u00abde regreso\u00bb de los talibanes. En comentarios a la prensa mientras estaba parado junto al primer ministro del Reino Unido, Keir Starmer, el presidente critic\u00f3 &hellip;<\/p>\n","protected":false},"author":1,"featured_media":43554,"comment_status":"open","ping_status":"open","sticky":false,"template":"","format":"standard","meta":{"fifu_image_url":"https:\/\/static.foxnews.com\/foxnews.com\/content\/uploads\/2025\/09\/donald-trump.jpg","fifu_image_alt":"","footnotes":""},"categories":[13],"tags":[],"class_list":["post-43552","post","type-post","status-publish","format-standard","has-post-thumbnail","","category-mundo"],"_links":{"self":[{"href":"https:\/\/noticiasveraces.com\/index.php?rest_route=\/wp\/v2\/posts\/43552","targetHints":{"allow":["GET"]}}],"collection":[{"href":"https:\/\/noticiasveraces.com\/index.php?rest_route=\/wp\/v2\/posts"}],"about":[{"href":"https:\/\/noticiasveraces.com\/index.php?rest_route=\/wp\/v2\/types\/post"}],"author":[{"embeddable":true,"href":"https:\/\/noticiasveraces.com\/index.php?rest_route=\/wp\/v2\/users\/1"}],"replies":[{"embeddable":true,"href":"https:\/\/noticiasveraces.com\/index.php?rest_route=%2Fwp%2Fv2%2Fcomments&post=43552"}],"version-history":[{"count":0,"href":"https:\/\/noticiasveraces.com\/index.php?rest_route=\/wp\/v2\/posts\/43552\/revisions"}],"wp:featuredmedia":[{"embeddable":true,"href":"https:\/\/noticiasveraces.com\/index.php?rest_route=\/wp\/v2\/media\/43554"}],"wp:attachment":[{"href":"https:\/\/noticiasveraces.com\/index.php?rest_route=%2Fwp%2Fv2%2Fmedia&parent=43552"}],"wp:term":[{"taxonomy":"category","embeddable":true,"href":"https:\/\/noticiasveraces.com\/index.php?rest_route=%2Fwp%2Fv2%2Fcategories&post=43552"},{"taxonomy":"post_tag","embeddable":true,"href":"https:\/\/noticiasveraces.com\/index.php?rest_route=%2Fwp%2Fv2%2Ftags&post=43552"}],"curies":[{"name":"wp","href":"https:\/\/api.w.org\/{rel}","templated":true}]}}