{"id":43547,"date":"2025-09-18T13:18:35","date_gmt":"2025-09-18T17:18:35","guid":{"rendered":"https:\/\/noticiasveraces.com\/?p=43547"},"modified":"2025-09-18T13:18:35","modified_gmt":"2025-09-18T17:18:35","slug":"de-impacto-esto-costaria-hoy-dayro-moreno-si-tuviera-menos-de-25-anos-curiosidades-de-futbol","status":"publish","type":"post","link":"https:\/\/noticiasveraces.com\/?p=43547","title":{"rendered":"De impacto: esto costar\u00eda hoy Dayro Moreno si tuviera menos de 25 a\u00f1os | Curiosidades de f\u00fatbol"},"content":{"rendered":"<p> \n<\/p>\n<div id=\"cuerpoArticulo\">\n<p class=\"texto intro cnx-companion-firstparagraph\" id=\"p255373-m170-169-171\">Contra el pron\u00f3stico de muchos, Dayro Moreno sigue siendo la figura de Once Caldas y lo demostr\u00f3 en la Copa Sudamericana, con su doblete a Independiente del Valle en la ida de los cuartos de final disputada en Quito. Con 40 a\u00f1os, es uno de los mejores jugadores del FPC y eso hace preguntarse a muchos<b> cu\u00e1nto costar\u00eda en la actualidad si tuviera menos de 25 a\u00f1os.<\/b><\/p>\n<p class=\"texto contenido-parrafo-articulo cnx-companion-paragraph\" id=\"p255373-m188-2-189\">Dayro Moreno, que pas\u00f3 de vivir humildemente a tener una mansi\u00f3n, brilla en Once Caldas a pesar de que<b> su valor de mercado es de apenas 50.000 euros<\/b>seg\u00fan los datos de <i>Mercado de transferencia<\/i>. Con contrato vigente hasta el 31 de diciembre de 2025, su nivel hace pensar que seguir\u00e1 jugando mucho tiempo m\u00e1s.<b> Si tuviera 25 a\u00f1os, su precio ser\u00eda de m\u00e1s de \u20ac 500.000.<\/b><\/p>\n<div class=\"fotografia caja-articulo\" id=\"p255373-m194-3-195\">\n<div class=\"imagen-cuerpo-bk\">\n<figure itemscope=\"\" itemtype=\"https:\/\/schema.org\/ImageObject\" itemprop=\"image\" id=\"m199-198-200\" class=\"foto-galeria-articulo imagen-articulo foto-texto-articulo-galeria\"><img decoding=\"async\" alt=\"Dayro Moreno goleador copa sudamericana\" src=\"data:image\/png;base64,iVBORw0KGgoAAAANSUhEUgAAAAEAAAABCAQAAAC1HAwCAAAAC0lEQVR42mP8\/x0AAvsB+DlKarAAAAAASUVORK5CYII=\" style=\" display: inline;\" data-original=\"\/files\/article_content\/uploads\/2025\/09\/17\/68cb4697c6122.jpeg\"\/><meta itemprop=\"width\" content=\"600\"\/><meta itemprop=\"height\" content=\"450\"\/> <meta itemprop=\"url\" content=\"https:\/\/www.futbolred.com\/files\/article_content\/uploads\/2025\/09\/17\/68cb4697c6122.jpeg\"\/><\/figure>\n<\/div>\n<div class=\"figcaption-cuerpo-bk credito-image-bk\"><figcaption class=\"foto-info\">\n<div class=\"titulo-foto-bk\">\n<p id=\"m206-1-207\" class=\"titulo pie-de-foto\">Apuestas Copa Sudamericana<\/p>\n<\/div>\n<p class=\"credito\">\n                            <span class=\"linea pre_credito\">Foto:<\/span><\/p>\n<p>                        <span id=\"m212-2-213\" class=\"autor\">Zuma Press, Inc. \/ Alamy Stock Photo<\/span><\/p>\n<\/figcaption><\/div>\n<\/p><\/div>\n<p class=\"texto contenido-parrafo-articulo cnx-companion-paragraph\" id=\"p255373-m220-4-221\">Un reciente informe de la inteligencia artificial de ChatGPT realiz\u00f3 c\u00e1lculos y estimaciones sobre cu\u00e1nto podr\u00eda costar Dayro Moreno si tuviera menos de 25 a\u00f1os, algo que se valora mucho en el mercado de transferencias de futbolistas. <b>\u201cSu valor de mercado podr\u00eda ser mucho mayor, posiblemente multiplicado por un factor de 10 a 30 veces, dependiendo del contexto\u201d<\/b>explica la IA.<\/p>\n<div id=\"p255373-m271-6-272\" class=\"\">\n<blockquote class=\"twitter-tweet\" data-media-max-width=\"560\">\n<p lang=\"es\" dir=\"ltr\">BAILA MORENO, BAILA MORENO: Dayro apareci\u00f3 por el segundo palo y defini\u00f3 a la perfecci\u00f3n para el 1-0 de Once Caldas sobre Independiente del Valle por la ida de los cuartos de final de la CONMEBOL <a href=\"https:\/\/twitter.com\/hashtag\/Sudamericana?src=hash&amp;ref_src=twsrc%5Etfw\">#Sudamericana<\/a>. <a href=\"https:\/\/t.co\/XRXObAaxUH\">pic.twitter.com\/xrxobaaxuh<\/a><\/p>\n<p>&#8211; SportsCenter (@sc_espn) <a href=\"https:\/\/twitter.com\/SC_ESPN\/status\/1968479076542296559?ref_src=twsrc%5Etfw\">18 de septiembre de 2025<\/a><\/p><\/blockquote><\/div>\n<p><span class=\"articulo-subtitulo subtitulo2 espacio-contenido cnx-companion-subtitle\" id=\"p255373-m277-7-278\">Los 3 posibles caminos de Dayro Moreno y su precio si tuviera menos de 25 a\u00f1os<br \/><\/span><\/p>\n<div class=\"lista-ordenada-cuerpo-bk cnx-companion-arrangedlist\" id=\"p255373-m283-8-284\">\n<ol class=\"lista-ordenada\">\n<li id=\"m288-287-289\" data-collection=\"p255373-m283-8-284\">\n<p>        <span id=\"m293-292-294\"><b>Escenario muy prometedor: <\/b>Si estuviera jugando en f\u00fatbol dom\u00e9stico de buen nivel, anotando bastante, convocado a la Selecci\u00f3n Colombia. Precio de \u20ac500.000 a \u20ac1.200.000.<br \/><\/span><\/li>\n<li id=\"m300-1-301\" data-collection=\"p255373-m283-8-284\">\n<p>        <span id=\"m305-304-306\"><b>Muy top: <\/b>Si estuviera en ligas m\u00e1s visibles, con goles en competiciones internacionales. Su valor ser\u00eda de entre \u20ac1.200.000 y \u20ac3.000.000 o m\u00e1s.<br \/><\/span><\/li>\n<li id=\"m312-2-313\" data-collection=\"p255373-m283-8-284\">\n<p>        <span id=\"m317-316-318\"><b>Moderado: <\/b>Si fuera un delantero local, con algunos goles, pero sin exposici\u00f3n internacional. Su precio rondar\u00eda entre \u20ac300.000 y \u20ac700.000.<\/span><\/li>\n<\/ol>\n<\/div>\n<p><span class=\"articulo-subtitulo subtitulo2 espacio-contenido cnx-companion-subtitle\" id=\"p255373-m325-9-326\">La actualidad de Dayro Moreno, \u2018el joven de 40 a\u00f1os\u2019<br \/><\/span><\/p>\n<p class=\"texto contenido-parrafo-articulo cnx-companion-paragraph\" id=\"p255373-m331-10-332\">Dayro Moreno parece estar atravesando uno de los mejores momentos de su carrera como futbolista. <b>Es el goleador de la Copa Sudamericana 2025 (10 goles) <\/b>y est\u00e1 en cuartos de final y con serias chances de jugar semifinales con Once Caldas.<\/p>\n<p class=\"texto contenido-parrafo-articulo cnx-companion-paragraph\" id=\"p255373-m337-11-338\">Adem\u00e1s, a nivel personal, <b>Dayro ya fue convocado nuevamente a la Selecci\u00f3n Colombia<\/b> tras muchos a\u00f1os de ausencia. A su vez, sigue sumando tantos para estirar su ventaja como el <b>m\u00e1ximo goleador colombiano de la historia.<\/b><\/p>\n<\/div>\n<p><script async src=\"https:\/\/platform.twitter.com\/widgets.js\" charset=\"utf-8\"><\/script><br \/>\n<br \/>\n","protected":false},"excerpt":{"rendered":"<p>Contra el pron\u00f3stico de muchos, Dayro Moreno sigue siendo la figura de Once Caldas y lo demostr\u00f3 en la Copa Sudamericana, con su doblete a Independiente del Valle en la ida de los cuartos de final disputada en Quito. Con 40 a\u00f1os, es uno de los mejores jugadores del FPC y eso hace preguntarse a &hellip;<\/p>\n","protected":false},"author":1,"featured_media":43548,"comment_status":"open","ping_status":"open","sticky":false,"template":"","format":"standard","meta":{"fifu_image_url":"https:\/\/www.futbolred.com\/files\/og_thumbnail\/uploads\/2025\/09\/18\/68cc184e34730.jpeg","fifu_image_alt":"","footnotes":""},"categories":[6],"tags":[],"class_list":["post-43547","post","type-post","status-publish","format-standard","has-post-thumbnail","","category-deportes"],"_links":{"self":[{"href":"https:\/\/noticiasveraces.com\/index.php?rest_route=\/wp\/v2\/posts\/43547","targetHints":{"allow":["GET"]}}],"collection":[{"href":"https:\/\/noticiasveraces.com\/index.php?rest_route=\/wp\/v2\/posts"}],"about":[{"href":"https:\/\/noticiasveraces.com\/index.php?rest_route=\/wp\/v2\/types\/post"}],"author":[{"embeddable":true,"href":"https:\/\/noticiasveraces.com\/index.php?rest_route=\/wp\/v2\/users\/1"}],"replies":[{"embeddable":true,"href":"https:\/\/noticiasveraces.com\/index.php?rest_route=%2Fwp%2Fv2%2Fcomments&post=43547"}],"version-history":[{"count":0,"href":"https:\/\/noticiasveraces.com\/index.php?rest_route=\/wp\/v2\/posts\/43547\/revisions"}],"wp:featuredmedia":[{"embeddable":true,"href":"https:\/\/noticiasveraces.com\/index.php?rest_route=\/wp\/v2\/media\/43548"}],"wp:attachment":[{"href":"https:\/\/noticiasveraces.com\/index.php?rest_route=%2Fwp%2Fv2%2Fmedia&parent=43547"}],"wp:term":[{"taxonomy":"category","embeddable":true,"href":"https:\/\/noticiasveraces.com\/index.php?rest_route=%2Fwp%2Fv2%2Fcategories&post=43547"},{"taxonomy":"post_tag","embeddable":true,"href":"https:\/\/noticiasveraces.com\/index.php?rest_route=%2Fwp%2Fv2%2Ftags&post=43547"}],"curies":[{"name":"wp","href":"https:\/\/api.w.org\/{rel}","templated":true}]}}