{"id":43531,"date":"2025-09-18T13:00:29","date_gmt":"2025-09-18T17:00:29","guid":{"rendered":"https:\/\/noticiasveraces.com\/?p=43531"},"modified":"2025-09-18T13:00:29","modified_gmt":"2025-09-18T17:00:29","slug":"insomnio-cronico-vinculado-a-un-mayor-riesgo-de-demencia-y-un-envejecimiento-cerebral-mas-rapido","status":"publish","type":"post","link":"https:\/\/noticiasveraces.com\/?p=43531","title":{"rendered":"Insomnio cr\u00f3nico vinculado a un mayor riesgo de demencia y un envejecimiento cerebral m\u00e1s r\u00e1pido"},"content":{"rendered":"<p> \n<\/p>\n<div>\n<div id=\"beyondwords-wrapper\" class=\"beyondwords-wrapper\">\n<p><span class=\"label-bg\">NUEVO<\/span>\u00a1Ahora puedes escuchar art\u00edculos de Fox News!\n  <\/p>\n<\/div>\n<p class=\"speakable\">En la \u00faltima evidencia de la relaci\u00f3n directa entre el sue\u00f1o y la salud, los investigadores han encontrado que el insomnio cr\u00f3nico puede aumentar significativamente el riesgo de demencia.<\/p>\n<p class=\"speakable\">Eso equivale a una aceleraci\u00f3n de tres a\u00f1os del envejecimiento cerebral, seg\u00fan el estudio, que se public\u00f3 en Neurology, la revista de la Academia Americana de Neurolog\u00eda.<\/p>\n<p>El estudio sigui\u00f3 a 2.750 adultos mayores cognitivamente saludables con un promedio de 70 a\u00f1os durante un per\u00edodo de m\u00e1s de 5 a\u00f1os y medio. Aproximadamente el 16% de ellos sufr\u00eda de insomnio cr\u00f3nico, seg\u00fan un comunicado de prensa para el estudio.<\/p>\n<p><strong><u>El ronquido de la mujer era un s\u00edntoma de forma rara de c\u00e1ncer: \u00abNo lo ignores\u00bb<\/u><\/strong><\/p>\n<p>El \u00abinsomnio cr\u00f3nico\u00bb se define como una lucha para caer y\/o permanecer dormido, lo cual es diferente a las personas que intentan seguir el \u00absue\u00f1o perfecto\u00bb, seg\u00fan el autor del estudio Diego Z. Carvalho, MD, de la Cl\u00ednica Mayo en Rochester, Minnesota.<\/p>\n<p>\u00abEl insomnio cr\u00f3nico se asoci\u00f3 con un riesgo 40% mayor de desarrollar deterioro cognitivo y demencia\u00bb, dijo Carvalho, quien tambi\u00e9n es miembro de la Academia Americana de Neurolog\u00eda, a Fox News Digital.<\/p>\n<div class=\"image-ct inline\">\n<div class=\"m\"><picture><source media=\"(max-width: 767px)\" srcset=\"https:\/\/a57.foxnews.com\/static.foxnews.com\/foxnews.com\/content\/uploads\/2025\/09\/343\/192\/older-woman-with-insomnia.jpg?ve=1&amp;tl=1, https:\/\/a57.foxnews.com\/static.foxnews.com\/foxnews.com\/content\/uploads\/2025\/09\/686\/384\/older-woman-with-insomnia.jpg?ve=1&amp;tl=1 2x\" height=\"192\" width=\"343\"><source media=\"(min-width: 768px) and (max-width: 1023px)\" srcset=\"https:\/\/a57.foxnews.com\/static.foxnews.com\/foxnews.com\/content\/uploads\/2025\/09\/672\/378\/older-woman-with-insomnia.jpg?ve=1&amp;tl=1, https:\/\/a57.foxnews.com\/static.foxnews.com\/foxnews.com\/content\/uploads\/2025\/09\/1344\/756\/older-woman-with-insomnia.jpg?ve=1&amp;tl=1 2x\" height=\"378\" width=\"672\"><source media=\"(min-width: 1024px) and (max-width: 1279px)\" srcset=\"https:\/\/a57.foxnews.com\/static.foxnews.com\/foxnews.com\/content\/uploads\/2025\/09\/931\/523\/older-woman-with-insomnia.jpg?ve=1&amp;tl=1, https:\/\/a57.foxnews.com\/static.foxnews.com\/foxnews.com\/content\/uploads\/2025\/09\/1862\/1046\/older-woman-with-insomnia.jpg?ve=1&amp;tl=1 2x\" height=\"523\" width=\"931\"><source media=\"(min-width: 1280px)\" srcset=\"https:\/\/a57.foxnews.com\/static.foxnews.com\/foxnews.com\/content\/uploads\/2025\/09\/720\/405\/older-woman-with-insomnia.jpg?ve=1&amp;tl=1, https:\/\/a57.foxnews.com\/static.foxnews.com\/foxnews.com\/content\/uploads\/2025\/09\/1440\/810\/older-woman-with-insomnia.jpg?ve=1&amp;tl=1 2x\" height=\"405\" width=\"720\"><img loading=\"lazy\" decoding=\"async\" src=\"https:\/\/a57.foxnews.com\/static.foxnews.com\/foxnews.com\/content\/uploads\/2025\/09\/1200\/675\/older-woman-with-insomnia.jpg?ve=1&amp;tl=1\" alt=\"Mujer mayor con insomnio\" width=\"1200\" height=\"675\"\/><\/source><\/source><\/source><\/source><\/picture><\/div>\n<div class=\"info\">\n<div class=\"caption\">\n<p><span>Los investigadores han encontrado que el insomnio cr\u00f3nico puede aumentar significativamente el riesgo de demencia.<\/span> <span>(Istock)<\/span><\/p>\n<\/div>\n<\/div>\n<\/div>\n<p>En el transcurso del estudio, el 14% de las personas con insomnio cr\u00f3nico desarrollaron deterioro o demencia cognitiva leve, en comparaci\u00f3n con el 10% de las que no ten\u00edan el trastorno del sue\u00f1o.<\/p>\n<p>Los investigadores se sorprendieron al descubrir que los participantes con insomnio cr\u00f3nico que informaron dormir m\u00e1s de lo habitual ten\u00edan menos manchas de la materia blanca en el cerebro, \u00e1reas donde la enfermedad de los vasos peque\u00f1os puede haber da\u00f1ado el tejido cerebral, que se han relacionado con la enfermedad cerebrovascular. <\/p>\n<p><strong><u>El peligro de sue\u00f1o oculto podr\u00eda aumentar el riesgo de 172 enfermedades, revela un estudio importante<\/u><\/strong><\/p>\n<p>Las pruebas adicionales tambi\u00e9n encontraron que este grupo obtuvo un puntaje m\u00e1s bajo en las habilidades de pensamiento. Esto fue despu\u00e9s de ajustar por otros factores como la edad, la presi\u00f3n arterial alta, los medicamentos para el sue\u00f1o y los diagn\u00f3sticos de apnea del sue\u00f1o.<\/p>\n<p>\u00abLos participantes con insomnio cr\u00f3nico con una reducci\u00f3n de la duraci\u00f3n reducida del sue\u00f1o ten\u00edan una salud cerebral m\u00e1s pobre, seg\u00fan los hallazgos de las im\u00e1genes cerebrales relacionadas con la enfermedad de Alzheimer y la enfermedad cerebrovascular\u00bb, dijo Carvalho.<\/p>\n<blockquote class=\"pull-quote\">\n<p class=\"quote-text\">\u00abEl estudio enfatiza que incluso un corto per\u00edodo de insomnio cr\u00f3nico puede conducir a posibles efectos cognitivos perjudiciales m\u00e1s adelante en la vida\u00bb.<\/p>\n<p> <!----><\/p><\/blockquote>\n<p>Las personas que ten\u00edan el gen APOE \u03b54, que est\u00e1 vinculado a un mayor riesgo de Alzheimer, ten\u00edan m\u00e1s probabilidades de mostrar mayores disminuciones en las habilidades de memoria y pensamiento, seg\u00fan el estudio.<\/p>\n<p>Seg\u00fan estos hallazgos, el insomnio cr\u00f3nico podr\u00eda ser un factor de riesgo potencialmente modificable para el deterioro cognitivo y la demencia, seg\u00fan Carvalho.<\/p>\n<div class=\"image-ct inline\">\n<div class=\"m\"><picture><source media=\"(max-width: 767px)\" srcset=\"https:\/\/a57.foxnews.com\/static.foxnews.com\/foxnews.com\/content\/uploads\/2023\/11\/343\/192\/man-awake-at-night.jpg?ve=1&amp;tl=1, https:\/\/a57.foxnews.com\/static.foxnews.com\/foxnews.com\/content\/uploads\/2023\/11\/686\/384\/man-awake-at-night.jpg?ve=1&amp;tl=1 2x\" height=\"192\" width=\"343\"><source media=\"(min-width: 768px) and (max-width: 1023px)\" srcset=\"https:\/\/a57.foxnews.com\/static.foxnews.com\/foxnews.com\/content\/uploads\/2023\/11\/672\/378\/man-awake-at-night.jpg?ve=1&amp;tl=1, https:\/\/a57.foxnews.com\/static.foxnews.com\/foxnews.com\/content\/uploads\/2023\/11\/1344\/756\/man-awake-at-night.jpg?ve=1&amp;tl=1 2x\" height=\"378\" width=\"672\"><source media=\"(min-width: 1024px) and (max-width: 1279px)\" srcset=\"https:\/\/a57.foxnews.com\/static.foxnews.com\/foxnews.com\/content\/uploads\/2023\/11\/931\/523\/man-awake-at-night.jpg?ve=1&amp;tl=1, https:\/\/a57.foxnews.com\/static.foxnews.com\/foxnews.com\/content\/uploads\/2023\/11\/1862\/1046\/man-awake-at-night.jpg?ve=1&amp;tl=1 2x\" height=\"523\" width=\"931\"><source media=\"(min-width: 1280px)\" srcset=\"https:\/\/a57.foxnews.com\/static.foxnews.com\/foxnews.com\/content\/uploads\/2023\/11\/720\/405\/man-awake-at-night.jpg?ve=1&amp;tl=1, https:\/\/a57.foxnews.com\/static.foxnews.com\/foxnews.com\/content\/uploads\/2023\/11\/1440\/810\/man-awake-at-night.jpg?ve=1&amp;tl=1 2x\" height=\"405\" width=\"720\"><img loading=\"lazy\" decoding=\"async\" src=\"https:\/\/a57.foxnews.com\/static.foxnews.com\/foxnews.com\/content\/uploads\/2023\/11\/1200\/675\/man-awake-at-night.jpg?ve=1&amp;tl=1\" alt=\"Hombre despierto por la noche\" width=\"1200\" height=\"675\"\/><\/source><\/source><\/source><\/source><\/picture><\/div>\n<div class=\"info\">\n<div class=\"caption\">\n<p><span>El \u00abinsomnio cr\u00f3nico\u00bb se define como una lucha para caer y\/o permanecer dormido, lo cual es diferente a las personas que intentan seguir el \u00absue\u00f1o perfecto\u00bb, dijo el investigador principal.<\/span> <span>(Istock)<\/span><\/p>\n<\/div>\n<\/div>\n<\/div>\n<p>\u00abEsto refuerza la importancia de tratar el insomnio cr\u00f3nico, no solo para mejorar la calidad del sue\u00f1o, sino potencialmente para proteger la salud del cerebro a medida que envejecemos\u00bb, dijo. \u00abNuestros resultados tambi\u00e9n se suman a un creciente cuerpo de evidencia de que el sue\u00f1o no se trata solo de descanso, sino tambi\u00e9n sobre la resiliencia cerebral\u00bb.<\/p>\n<p>El Dr. Marc Siegel, analista m\u00e9dico senior de Fox News en Nueva York, no particip\u00f3 en el estudio, pero dijo que muestra una \u00abasociaci\u00f3n importante\u00bb entre la privaci\u00f3n del sue\u00f1o y la demencia o el deterioro cognitivo.<\/p>\n<p><strong><u>La nueva exploraci\u00f3n cerebral de resonancia magn\u00e9tica predice el riesgo de Alzheimer a\u00f1os antes de que se desarrollen los s\u00edntomas<\/u><\/strong><\/p>\n<p>\u00abYa sabemos que los productos de desecho del cerebro autoclear durante el sue\u00f1o, y que el sue\u00f1o es restaurador para las c\u00e9lulas cerebrales, pero a\u00fan no sabemos si el efecto observado aqu\u00ed se debe directamente a la falta de insomnio (en las pruebas) y los efectos de memoria que podr\u00edan ser a corto plazo\u00bb, dijo a Fox News Digital.<\/p>\n<p>\u00abEl problema de la neurodegeneraci\u00f3n real debido al insomnio es probable, pero no probado por este estudio\u00bb.<\/p>\n<div class=\"image-ct inline\">\n<div class=\"m\"><picture><source media=\"(max-width: 767px)\" srcset=\"https:\/\/a57.foxnews.com\/static.foxnews.com\/foxnews.com\/content\/uploads\/2025\/08\/343\/192\/doctor-brain-scan-images-xray.jpg?ve=1&amp;tl=1, https:\/\/a57.foxnews.com\/static.foxnews.com\/foxnews.com\/content\/uploads\/2025\/08\/686\/384\/doctor-brain-scan-images-xray.jpg?ve=1&amp;tl=1 2x\" height=\"192\" width=\"343\"><source media=\"(min-width: 768px) and (max-width: 1023px)\" srcset=\"https:\/\/a57.foxnews.com\/static.foxnews.com\/foxnews.com\/content\/uploads\/2025\/08\/672\/378\/doctor-brain-scan-images-xray.jpg?ve=1&amp;tl=1, https:\/\/a57.foxnews.com\/static.foxnews.com\/foxnews.com\/content\/uploads\/2025\/08\/1344\/756\/doctor-brain-scan-images-xray.jpg?ve=1&amp;tl=1 2x\" height=\"378\" width=\"672\"><source media=\"(min-width: 1024px) and (max-width: 1279px)\" srcset=\"https:\/\/a57.foxnews.com\/static.foxnews.com\/foxnews.com\/content\/uploads\/2025\/08\/931\/523\/doctor-brain-scan-images-xray.jpg?ve=1&amp;tl=1, https:\/\/a57.foxnews.com\/static.foxnews.com\/foxnews.com\/content\/uploads\/2025\/08\/1862\/1046\/doctor-brain-scan-images-xray.jpg?ve=1&amp;tl=1 2x\" height=\"523\" width=\"931\"><source media=\"(min-width: 1280px)\" srcset=\"https:\/\/a57.foxnews.com\/static.foxnews.com\/foxnews.com\/content\/uploads\/2025\/08\/720\/405\/doctor-brain-scan-images-xray.jpg?ve=1&amp;tl=1, https:\/\/a57.foxnews.com\/static.foxnews.com\/foxnews.com\/content\/uploads\/2025\/08\/1440\/810\/doctor-brain-scan-images-xray.jpg?ve=1&amp;tl=1 2x\" height=\"405\" width=\"720\"><img loading=\"lazy\" decoding=\"async\" src=\"https:\/\/a57.foxnews.com\/static.foxnews.com\/foxnews.com\/content\/uploads\/2025\/08\/1200\/675\/doctor-brain-scan-images-xray.jpg?ve=1&amp;tl=1\" alt=\"Primer plano que muestra al m\u00e9dico sosteniendo la resonancia magn\u00e9tica del cerebro de la cabeza y el cr\u00e1neo.\" width=\"1200\" height=\"675\"\/><\/source><\/source><\/source><\/source><\/picture><\/div>\n<div class=\"info\">\n<div class=\"caption\">\n<p><span>Los participantes con insomnio cr\u00f3nico que informaron dormir m\u00e1s de lo habitual ten\u00edan menos manchas de materia blanca en el cerebro, \u00e1reas donde la enfermedad de los vasos peque\u00f1os puede haber da\u00f1ado el tejido cerebral, que se han relacionado con la enfermedad cerebrovascular. <\/span> <span>(Istock)<\/span><\/p>\n<\/div>\n<\/div>\n<\/div>\n<p>La disminuci\u00f3n cognitiva podr\u00eda deberse directamente al insomnio en s\u00ed o al desglose de la funci\u00f3n cerebral que ocurre como resultado, agreg\u00f3 Siegel.<\/p>\n<p>Dr. Earnest Lee Murray, un <u>neur\u00f3logo certificado por la junta<\/u> En el Hospital General del Condado de Jackson-Madison en Jackson, Tennessee, confirm\u00f3 que se sabe que el insomnio cr\u00f3nico conduce a problemas de salud, tanto neurol\u00f3gica como no neurol\u00f3gicamente. <\/p>\n<p><strong><u>Haga clic aqu\u00ed para obtener la aplicaci\u00f3n Fox News<\/u><\/strong><\/p>\n<p>\u00abEl estudio enfatiza que incluso un corto per\u00edodo de insomnio cr\u00f3nico puede conducir a posibles efectos cognitivos perjudiciales m\u00e1s adelante en la vida\u00bb, dijo Murray, quien no particip\u00f3 en la investigaci\u00f3n, a Fox News Digital. <\/p>\n<p>\u00abEl estudio tambi\u00e9n mostr\u00f3 que el insomnio cr\u00f3nico parece alterar la estructura del cerebro al aumentar los cambios de la materia blanca com\u00fanmente observada en pacientes con patolog\u00eda vascular, como la hipertensi\u00f3n y la diabetes\u00bb.<\/p>\n<h2><strong>Limitaciones potenciales<\/strong><\/h2>\n<p>El estudio ten\u00eda algunas limitaciones, se\u00f1al\u00f3 el investigador.<\/p>\n<p>\u00abNo ten\u00edamos instrumentos para evaluar la gravedad del insomnio al inicio o con el tiempo\u00bb, dijo Carvalho a Fox News Digital. \u00abNos faltan datos de sue\u00f1o objetivo longitudinales para observar las estimaciones de duraci\u00f3n del sue\u00f1o a lo largo de los a\u00f1os\u00bb.<\/p>\n<blockquote class=\"pull-quote\">\n<p class=\"quote-text\">\u00abEl seguimiento no ayuda con su sue\u00f1o: las buenas pr\u00e1cticas de sue\u00f1o lo hacen\u00bb.<\/p>\n<p> <!----><\/p><\/blockquote>\n<p>Los investigadores tampoco pudieron ajustar para el cual los pacientes recibieron tratamiento por apnea obstructiva del sue\u00f1o, como la terapia CPAP.<\/p>\n<p>\u00abTampoco ten\u00edamos informaci\u00f3n completa sobre la duraci\u00f3n del uso o las dosis de medicamentos para el sue\u00f1o\u00bb, agreg\u00f3 Carvalho.<\/p>\n<p>Tambi\u00e9n reiter\u00f3 que el estudio no prueba que el insomnio cause directamente el envejecimiento cerebral, solo que existe una asociaci\u00f3n entre los dos.<\/p>\n<h2><strong>Consejos para mejorar el sue\u00f1o<\/strong><\/h2>\n<p>Cualquier persona que sufra de insomnio de manera frecuente deber\u00eda hablar con su m\u00e9dico sobre descartar posibles razones m\u00e9dicas, aconsej\u00f3 Lee. <\/p>\n<p>\u00abEl tratamiento puede incluir la terapia cognitiva conductual o la terapia farmac\u00e9utica puede ser una opci\u00f3n\u00bb, dijo.<\/p>\n<p>Los investigadores recomendaron adoptar mejores pr\u00e1cticas de sue\u00f1o, incluida la reducci\u00f3n de las bebidas con cafe\u00edna por la tarde, reducir el consumo de alcohol, evitar comidas grandes o hacer ejercicio antes de acostarse y reducir la exposici\u00f3n a la electr\u00f3nica antes de la hora de acostarse.<\/p>\n<p><strong><u>Haga clic aqu\u00ed para registrarse en nuestro bolet\u00edn de salud<\/u><\/strong><\/p>\n<p>El investigador advirti\u00f3 que la b\u00fasqueda del \u00absue\u00f1o perfecto\u00bb a veces puede conducir a una obsesi\u00f3n con el seguimiento excesivo de los datos del sue\u00f1o, lo que lleva a la \u00abansiedad del rendimiento\u00bb, que puede terminar teniendo el efecto opuesto. <\/p>\n<p>\u00abEl seguimiento no ayuda con su sue\u00f1o: las buenas pr\u00e1cticas de sue\u00f1o lo hacen\u00bb, dijo. <\/p>\n<p>Carvalho tambi\u00e9n inst\u00f3 a la precauci\u00f3n cuando se trata de tomar una pastilla para dormir mejor.<\/p>\n<div class=\"image-ct inline\">\n<div class=\"m\"><picture><source media=\"(max-width: 767px)\" srcset=\"https:\/\/a57.foxnews.com\/static.foxnews.com\/foxnews.com\/content\/uploads\/2018\/09\/343\/192\/istock-598064668.jpg?ve=1&amp;tl=1, https:\/\/a57.foxnews.com\/static.foxnews.com\/foxnews.com\/content\/uploads\/2018\/09\/686\/384\/istock-598064668.jpg?ve=1&amp;tl=1 2x\" height=\"192\" width=\"343\"><source media=\"(min-width: 768px) and (max-width: 1023px)\" srcset=\"https:\/\/a57.foxnews.com\/static.foxnews.com\/foxnews.com\/content\/uploads\/2018\/09\/672\/378\/istock-598064668.jpg?ve=1&amp;tl=1, https:\/\/a57.foxnews.com\/static.foxnews.com\/foxnews.com\/content\/uploads\/2018\/09\/1344\/756\/istock-598064668.jpg?ve=1&amp;tl=1 2x\" height=\"378\" width=\"672\"><source media=\"(min-width: 1024px) and (max-width: 1279px)\" srcset=\"https:\/\/a57.foxnews.com\/static.foxnews.com\/foxnews.com\/content\/uploads\/2018\/09\/931\/523\/istock-598064668.jpg?ve=1&amp;tl=1, https:\/\/a57.foxnews.com\/static.foxnews.com\/foxnews.com\/content\/uploads\/2018\/09\/1862\/1046\/istock-598064668.jpg?ve=1&amp;tl=1 2x\" height=\"523\" width=\"931\"><source media=\"(min-width: 1280px)\" srcset=\"https:\/\/a57.foxnews.com\/static.foxnews.com\/foxnews.com\/content\/uploads\/2018\/09\/720\/405\/istock-598064668.jpg?ve=1&amp;tl=1, https:\/\/a57.foxnews.com\/static.foxnews.com\/foxnews.com\/content\/uploads\/2018\/09\/1440\/810\/istock-598064668.jpg?ve=1&amp;tl=1 2x\" height=\"405\" width=\"720\"><img loading=\"lazy\" decoding=\"async\" src=\"https:\/\/a57.foxnews.com\/static.foxnews.com\/foxnews.com\/content\/uploads\/2018\/09\/1200\/675\/istock-598064668.jpg?ve=1&amp;tl=1\" alt=\"Vista lateral de la hermosa joven mujer afro americana sonriendo mientras duerme en su cama en casa\" width=\"1200\" height=\"675\"\/><\/source><\/source><\/source><\/source><\/picture><\/div>\n<div class=\"info\">\n<div class=\"caption\">\n<p><span>Los investigadores recomendaron adoptar mejores pr\u00e1cticas de sue\u00f1o, incluida la reducci\u00f3n de las bebidas con cafe\u00edna por la tarde, reducir el consumo de alcohol, evitar comidas grandes o hacer ejercicio antes de acostarse y reducir la exposici\u00f3n a la electr\u00f3nica antes de la hora de acostarse.<\/span> <span>(Istock)<\/span><\/p>\n<\/div>\n<\/div>\n<\/div>\n<p>\u00abAunque los medicamentos para el sue\u00f1o pueden ayudar y est\u00e1n disponibles para pacientes con insomnio cr\u00f3nico, no funcionan muy bien a largo plazo si no se adoptan buenas pr\u00e1cticas de sue\u00f1o\u00bb, dijo. \u00abNo hay una soluci\u00f3n para problemas de sue\u00f1o deficientes que no comienzan con el paciente haciendo las cosas correctas\u00bb.<\/p>\n<p>Murray se hizo eco de la importancia de una buena higiene del sue\u00f1o, incluido el no usar dispositivos electr\u00f3nicos en la cama y limitar la cantidad de exposici\u00f3n a la luz en la habitaci\u00f3n para mejorar la calidad del sue\u00f1o.<\/p>\n<p><i><strong><u>Para m\u00e1s art\u00edculos de salud, visite <\/u><\/strong><\/i><i><strong><u>www.foxnews.com\/Health<\/u><\/strong><\/i><\/p>\n<p>El estudio fue apoyado por los Institutos Nacionales de Salud, Fundaci\u00f3n GHR, Fundaci\u00f3n Mayo para la Educaci\u00f3n e Investigaci\u00f3n M\u00e9dica, y una subvenci\u00f3n de Sleep Number Corporation a la Cl\u00ednica Mayo.<\/p>\n<p> <!----> <\/p>\n<div class=\"article-meta\">\n<div class=\"author-bio\">\n<p>Melissa Rudy es editora de salud senior y miembro del equipo de estilo de vida en Fox News Digital. Los consejos de la historia se pueden enviar a melissa.rudy@fox.com.<\/p>\n<\/div>\n<\/div>\n<\/div>\n\n","protected":false},"excerpt":{"rendered":"<p>NUEVO\u00a1Ahora puedes escuchar art\u00edculos de Fox News! En la \u00faltima evidencia de la relaci\u00f3n directa entre el sue\u00f1o y la salud, los investigadores han encontrado que el insomnio cr\u00f3nico puede aumentar significativamente el riesgo de demencia. Eso equivale a una aceleraci\u00f3n de tres a\u00f1os del envejecimiento cerebral, seg\u00fan el estudio, que se public\u00f3 en Neurology, &hellip;<\/p>\n","protected":false},"author":1,"featured_media":43533,"comment_status":"open","ping_status":"open","sticky":false,"template":"","format":"standard","meta":{"fifu_image_url":"https:\/\/a57.foxnews.com\/static.foxnews.com\/foxnews.com\/content\/uploads\/2025\/09\/1200\/675\/older-woman-with-insomnia.jpg?ve=1&tl=1","fifu_image_alt":"","footnotes":""},"categories":[8],"tags":[],"class_list":["post-43531","post","type-post","status-publish","format-standard","has-post-thumbnail","","category-salud"],"_links":{"self":[{"href":"https:\/\/noticiasveraces.com\/index.php?rest_route=\/wp\/v2\/posts\/43531","targetHints":{"allow":["GET"]}}],"collection":[{"href":"https:\/\/noticiasveraces.com\/index.php?rest_route=\/wp\/v2\/posts"}],"about":[{"href":"https:\/\/noticiasveraces.com\/index.php?rest_route=\/wp\/v2\/types\/post"}],"author":[{"embeddable":true,"href":"https:\/\/noticiasveraces.com\/index.php?rest_route=\/wp\/v2\/users\/1"}],"replies":[{"embeddable":true,"href":"https:\/\/noticiasveraces.com\/index.php?rest_route=%2Fwp%2Fv2%2Fcomments&post=43531"}],"version-history":[{"count":0,"href":"https:\/\/noticiasveraces.com\/index.php?rest_route=\/wp\/v2\/posts\/43531\/revisions"}],"wp:featuredmedia":[{"embeddable":true,"href":"https:\/\/noticiasveraces.com\/index.php?rest_route=\/wp\/v2\/media\/43533"}],"wp:attachment":[{"href":"https:\/\/noticiasveraces.com\/index.php?rest_route=%2Fwp%2Fv2%2Fmedia&parent=43531"}],"wp:term":[{"taxonomy":"category","embeddable":true,"href":"https:\/\/noticiasveraces.com\/index.php?rest_route=%2Fwp%2Fv2%2Fcategories&post=43531"},{"taxonomy":"post_tag","embeddable":true,"href":"https:\/\/noticiasveraces.com\/index.php?rest_route=%2Fwp%2Fv2%2Ftags&post=43531"}],"curies":[{"name":"wp","href":"https:\/\/api.w.org\/{rel}","templated":true}]}}