{"id":43521,"date":"2025-09-18T10:29:28","date_gmt":"2025-09-18T14:29:28","guid":{"rendered":"https:\/\/noticiasveraces.com\/?p=43521"},"modified":"2025-09-18T10:29:28","modified_gmt":"2025-09-18T14:29:28","slug":"alemania-aprueba-presupuestos-con-inversiones-record-dw-18-09-2025","status":"publish","type":"post","link":"https:\/\/noticiasveraces.com\/?p=43521","title":{"rendered":"Alemania aprueba presupuestos con inversiones r\u00e9cord \u2013 DW \u2013 18\/09\/2025"},"content":{"rendered":"<p> \n<\/p>\n<div data-tracking-name=\"rich-text\" data-tracking-skip=\"true\">\n<p>En condiciones normales, los presupuestos de 2025 deber\u00edan haber recibido luz verde el a\u00f1o pasado en Alemania, pero las negociaciones presupuestarias llevaron entonces a la ca\u00edda de la coalici\u00f3n encabezada por el socialdem\u00f3crata Olaf Scholz, lo que condujo a\u00a0elecciones anticipadas\u00a0en las que sali\u00f3 elegido canciller el conservador Friedrich Merz.<\/p>\n<p>El documento con los presupuestos para los pr\u00f3ximos a\u00f1os, aprobado el jueves, 18 de septiembre de 2025, prev\u00e9 un valor de 502 550 millones de euros, un 5,4 por ciento m\u00e1s en comparaci\u00f3n con los del a\u00f1o pasado. \u00abContempla inversiones r\u00e9cord de 115.000 millones de euros, un 55 por ciento m\u00e1s que el a\u00f1o pasado\u00bb, enfatiz\u00f3 en su intervenci\u00f3n el ministro de Finanzas, Lars Klingbeil.<\/p>\n<h2>\u00abOto\u00f1o de reformas\u00bb <\/h2>\n<p>Frente a las cr\u00edticas por el aumento de las partidas para la defensa y las infraestructuras, Klingbeil argument\u00f3 que es bueno para los alemanes que se invierta en transporte, digitalizaci\u00f3n, construcci\u00f3n de vivienda social y escuelas, y se\u00f1al\u00f3 como la principal prioridad para los ciudadanos relanzar el crecimiento econ\u00f3mico para asegurar el nivel de empleo.<\/p>\n<p>Votaron a favor 324 de los diputados de la coalici\u00f3n gubernamental de cristianodem\u00f3cratas y socialdem\u00f3cratas, mientras que en contra se pronunciaron 269 representantes de la ultraderechista Alternativa para Alemania (AfD) -el principal partido de la Oposici\u00f3n-, as\u00ed como los Verdes y La Izquierda.<\/p>\n<p>En el debate presupuestario que se celebr\u00f3 ayer en el Bundestag, el canciller Merz ya prepar\u00f3 a los ciudadanos para un \u00aboto\u00f1o de\u00a0reformas\u00bb y advirti\u00f3 de que es necesario tomar decisiones fundamentales que determinar\u00e1n el futuro del pa\u00eds, aunque no mencion\u00f3 planes concretos de recortes.<\/p>\n<p>MS (DPA\/AFP\/EFE)<\/p>\n<\/p>\n<\/div>\n\n","protected":false},"excerpt":{"rendered":"<p>En condiciones normales, los presupuestos de 2025 deber\u00edan haber recibido luz verde el a\u00f1o pasado en Alemania, pero las negociaciones presupuestarias llevaron entonces a la ca\u00edda de la coalici\u00f3n encabezada por el socialdem\u00f3crata Olaf Scholz, lo que condujo a\u00a0elecciones anticipadas\u00a0en las que sali\u00f3 elegido canciller el conservador Friedrich Merz. El documento con los presupuestos para &hellip;<\/p>\n","protected":false},"author":1,"featured_media":43522,"comment_status":"open","ping_status":"open","sticky":false,"template":"","format":"standard","meta":{"fifu_image_url":"https:\/\/static.dw.com\/image\/73217562_6.jpg","fifu_image_alt":"","footnotes":""},"categories":[13],"tags":[],"class_list":["post-43521","post","type-post","status-publish","format-standard","has-post-thumbnail","","category-mundo"],"_links":{"self":[{"href":"https:\/\/noticiasveraces.com\/index.php?rest_route=\/wp\/v2\/posts\/43521","targetHints":{"allow":["GET"]}}],"collection":[{"href":"https:\/\/noticiasveraces.com\/index.php?rest_route=\/wp\/v2\/posts"}],"about":[{"href":"https:\/\/noticiasveraces.com\/index.php?rest_route=\/wp\/v2\/types\/post"}],"author":[{"embeddable":true,"href":"https:\/\/noticiasveraces.com\/index.php?rest_route=\/wp\/v2\/users\/1"}],"replies":[{"embeddable":true,"href":"https:\/\/noticiasveraces.com\/index.php?rest_route=%2Fwp%2Fv2%2Fcomments&post=43521"}],"version-history":[{"count":0,"href":"https:\/\/noticiasveraces.com\/index.php?rest_route=\/wp\/v2\/posts\/43521\/revisions"}],"wp:featuredmedia":[{"embeddable":true,"href":"https:\/\/noticiasveraces.com\/index.php?rest_route=\/wp\/v2\/media\/43522"}],"wp:attachment":[{"href":"https:\/\/noticiasveraces.com\/index.php?rest_route=%2Fwp%2Fv2%2Fmedia&parent=43521"}],"wp:term":[{"taxonomy":"category","embeddable":true,"href":"https:\/\/noticiasveraces.com\/index.php?rest_route=%2Fwp%2Fv2%2Fcategories&post=43521"},{"taxonomy":"post_tag","embeddable":true,"href":"https:\/\/noticiasveraces.com\/index.php?rest_route=%2Fwp%2Fv2%2Ftags&post=43521"}],"curies":[{"name":"wp","href":"https:\/\/api.w.org\/{rel}","templated":true}]}}