{"id":43518,"date":"2025-09-18T08:58:07","date_gmt":"2025-09-18T12:58:07","guid":{"rendered":"https:\/\/noticiasveraces.com\/?p=43518"},"modified":"2025-09-18T08:58:07","modified_gmt":"2025-09-18T12:58:07","slug":"estados-unidos-designa-a-las-milicias-de-irak-respaldadas-por-iran-como-organizaciones-terroristas","status":"publish","type":"post","link":"https:\/\/noticiasveraces.com\/?p=43518","title":{"rendered":"Estados Unidos designa a las milicias de Irak respaldadas por Ir\u00e1n como organizaciones terroristas"},"content":{"rendered":"<p> \n<\/p>\n<div>\n<div id=\"beyondwords-wrapper\" class=\"beyondwords-wrapper\">\n<p><span class=\"label-bg\">NUEVO<\/span>\u00a1Ahora puedes escuchar art\u00edculos de Fox News!\n  <\/p>\n<\/div>\n<p class=\"speakable\">Estados Unidos el mi\u00e9rcoles una vez m\u00e1s apunt\u00f3 a Ir\u00e1n y apunt\u00f3 a su eje de resistencia al designar cuatro milicias con sede en Iraq como organizaciones terroristas extranjeras.<\/p>\n<p class=\"speakable\">Seg\u00fan el Departamento de Estado, los grupos identificados fueron Harakat al-Nujaba, Kata&#8217;ib Sayyid al-Shuhada, Harakat Ansar Allah al-Awfiya y Kata&#8217;ib al-Imam Ali, los cuatro anteriormente fueron designados previamente por el Departamento de Tesoro como terroristas mundiales especialmente designados (SDGT) en 2023. <\/p>\n<p>\u00abLos grupos de milicias alineados en Ir\u00e1n han realizado ataques contra la embajada de los Estados Unidos en Bagdad y bases que organizan fuerzas de EE. UU. Y de coalici\u00f3n, generalmente utilizando nombres de primera instancia o grupos de poder para ofuscar su participaci\u00f3n\u00bb, dijo el Secretario de Estado Marco Rubio en el comunicado.<\/p>\n<div class=\"image-ct inline\">\n<div class=\"m\"><picture><source media=\"(max-width: 767px)\" srcset=\"https:\/\/a57.foxnews.com\/static.foxnews.com\/foxnews.com\/content\/uploads\/2025\/09\/343\/192\/iran-militas-in-iraq.jpg?ve=1&amp;tl=1, https:\/\/a57.foxnews.com\/static.foxnews.com\/foxnews.com\/content\/uploads\/2025\/09\/686\/384\/iran-militas-in-iraq.jpg?ve=1&amp;tl=1 2x\" height=\"192\" width=\"343\"><source media=\"(min-width: 768px) and (max-width: 1023px)\" srcset=\"https:\/\/a57.foxnews.com\/static.foxnews.com\/foxnews.com\/content\/uploads\/2025\/09\/672\/378\/iran-militas-in-iraq.jpg?ve=1&amp;tl=1, https:\/\/a57.foxnews.com\/static.foxnews.com\/foxnews.com\/content\/uploads\/2025\/09\/1344\/756\/iran-militas-in-iraq.jpg?ve=1&amp;tl=1 2x\" height=\"378\" width=\"672\"><source media=\"(min-width: 1024px) and (max-width: 1279px)\" srcset=\"https:\/\/a57.foxnews.com\/static.foxnews.com\/foxnews.com\/content\/uploads\/2025\/09\/931\/523\/iran-militas-in-iraq.jpg?ve=1&amp;tl=1, https:\/\/a57.foxnews.com\/static.foxnews.com\/foxnews.com\/content\/uploads\/2025\/09\/1862\/1046\/iran-militas-in-iraq.jpg?ve=1&amp;tl=1 2x\" height=\"523\" width=\"931\"><source media=\"(min-width: 1280px)\" srcset=\"https:\/\/a57.foxnews.com\/static.foxnews.com\/foxnews.com\/content\/uploads\/2025\/09\/720\/405\/iran-militas-in-iraq.jpg?ve=1&amp;tl=1, https:\/\/a57.foxnews.com\/static.foxnews.com\/foxnews.com\/content\/uploads\/2025\/09\/1440\/810\/iran-militas-in-iraq.jpg?ve=1&amp;tl=1 2x\" height=\"405\" width=\"720\"><img loading=\"lazy\" decoding=\"async\" src=\"https:\/\/a57.foxnews.com\/static.foxnews.com\/foxnews.com\/content\/uploads\/2025\/09\/1200\/675\/iran-militas-in-iraq.jpg?ve=1&amp;tl=1\" alt=\"Grupos iraqu\u00ed designados como terroristas\" width=\"1200\" height=\"675\"\/><\/source><\/source><\/source><\/source><\/picture><\/div>\n<div class=\"info\">\n<div class=\"caption\">\n<p><span>Los miembros de Harakat Al Nujaba, sostienen una bandera palestina y otras banderas durante una protesta en solidaridad con los palestinos en Gaza, en Bagdad, Irak, el 8 de octubre de 2023. <\/span> <span>(Reuters\/Ahmed Saad)<\/span><\/p>\n<\/div>\n<\/div>\n<\/div>\n<p><strong>El ultimatum del Ir\u00e1n de Trump comenz\u00f3 un reloj de 60 d\u00edas para los ataques decisivos de junio, revela Bomber Commander<\/strong><\/p>\n<p>Seg\u00fan la Fundaci\u00f3n para la Defensa de las Democracias (FDD), los cuatro grupos est\u00e1n respaldados por Ir\u00e1n y forman el n\u00facleo de una organizaci\u00f3n paraguas conocida como la resistencia isl\u00e1mica en Irak (IRI), que gan\u00f3 prominencia despu\u00e9s del ataque de octubre de 2023, de 2023, atacada contra Israel.<\/p>\n<p>Se cree que el IRI es responsable de cientos de ataques en Irak, Siria y Jordania, y estuvo detr\u00e1s del asesinato de tres miembros del servicio estadounidense durante un ataque con aviones no tripulados en enero de 2024 en Jordania. <\/p>\n<div class=\"image-ct inline\">\n<div class=\"m\"><picture><source media=\"(max-width: 767px)\" srcset=\"https:\/\/a57.foxnews.com\/static.foxnews.com\/foxnews.com\/content\/uploads\/2025\/09\/343\/192\/iran-backed-groups-in-iraq.jpg?ve=1&amp;tl=1, https:\/\/a57.foxnews.com\/static.foxnews.com\/foxnews.com\/content\/uploads\/2025\/09\/686\/384\/iran-backed-groups-in-iraq.jpg?ve=1&amp;tl=1 2x\" height=\"192\" width=\"343\"><source media=\"(min-width: 768px) and (max-width: 1023px)\" srcset=\"https:\/\/a57.foxnews.com\/static.foxnews.com\/foxnews.com\/content\/uploads\/2025\/09\/672\/378\/iran-backed-groups-in-iraq.jpg?ve=1&amp;tl=1, https:\/\/a57.foxnews.com\/static.foxnews.com\/foxnews.com\/content\/uploads\/2025\/09\/1344\/756\/iran-backed-groups-in-iraq.jpg?ve=1&amp;tl=1 2x\" height=\"378\" width=\"672\"><source media=\"(min-width: 1024px) and (max-width: 1279px)\" srcset=\"https:\/\/a57.foxnews.com\/static.foxnews.com\/foxnews.com\/content\/uploads\/2025\/09\/931\/523\/iran-backed-groups-in-iraq.jpg?ve=1&amp;tl=1, https:\/\/a57.foxnews.com\/static.foxnews.com\/foxnews.com\/content\/uploads\/2025\/09\/1862\/1046\/iran-backed-groups-in-iraq.jpg?ve=1&amp;tl=1 2x\" height=\"523\" width=\"931\"><source media=\"(min-width: 1280px)\" srcset=\"https:\/\/a57.foxnews.com\/static.foxnews.com\/foxnews.com\/content\/uploads\/2025\/09\/720\/405\/iran-backed-groups-in-iraq.jpg?ve=1&amp;tl=1, https:\/\/a57.foxnews.com\/static.foxnews.com\/foxnews.com\/content\/uploads\/2025\/09\/1440\/810\/iran-backed-groups-in-iraq.jpg?ve=1&amp;tl=1 2x\" height=\"405\" width=\"720\"><img loading=\"lazy\" decoding=\"async\" src=\"https:\/\/a57.foxnews.com\/static.foxnews.com\/foxnews.com\/content\/uploads\/2025\/09\/1200\/675\/iran-backed-groups-in-iraq.jpg?ve=1&amp;tl=1\" alt=\"Grupos de milicia iraqu\u00ed respaldados por Ir\u00e1n\" width=\"1200\" height=\"675\"\/><\/source><\/source><\/source><\/source><\/picture><\/div>\n<div class=\"info\">\n<div class=\"caption\">\n<p><span>Las banderas nacionales estadounidenses e israel\u00edes queman, como miembros de Harakat Al Nujaba, se re\u00fanen junto al fuego durante una protesta en solidaridad con los palestinos en Gaza, en Bagdad, Irak, 8 de octubre de 2023. <\/span> <span>(Reuters\/Ahmed Saad)<\/span><\/p>\n<\/div>\n<\/div>\n<\/div>\n<p><strong>Al Qaeda sigue siendo el grupo terrorista m\u00e1s peligroso 24 a\u00f1os despu\u00e9s del 11 de septiembre, experto advierte<\/strong><\/p>\n<p>\u00abLa administraci\u00f3n Trump rompi\u00f3 el tab\u00fa durante el t\u00e9rmino uno cuando demostr\u00f3 que pod\u00eda nombrar, verg\u00fcenza y castigar a las milicias respaldadas por Ir\u00e1n en Irak sin que el pa\u00eds se convirtiera en una guerra civil\u00bb, dijo Behnam Ben Taleblu, experto iran\u00ed y director senior del Programa Ir\u00e1n de FDD, Fox News Digital. \u00abAhora, en el t\u00e9rmino dos, la administraci\u00f3n est\u00e1 aumentando la apuesta continuando una campa\u00f1a de designaciones contra los agentes de influencia y el terror de Ir\u00e1n en Irak\u00bb.<\/p>\n<p>Los cuatro grupos terroristas tambi\u00e9n operan dentro de las fuerzas de movilizaci\u00f3n populares, que es una fuerza de coalici\u00f3n de grupos en gran parte chi\u00edtas que fue formado para contrarrestar el gobierno iraqu\u00ed, pero que tambi\u00e9n est\u00e1 fuertemente influenciado por Ir\u00e1n. <\/p>\n<div class=\"image-ct inline\">\n<div class=\"m\"><picture><source media=\"(max-width: 767px)\" srcset=\"https:\/\/a57.foxnews.com\/static.foxnews.com\/foxnews.com\/content\/uploads\/2025\/09\/343\/192\/popular-mobilization-forces.jpg?ve=1&amp;tl=1, https:\/\/a57.foxnews.com\/static.foxnews.com\/foxnews.com\/content\/uploads\/2025\/09\/686\/384\/popular-mobilization-forces.jpg?ve=1&amp;tl=1 2x\" height=\"192\" width=\"343\"><source media=\"(min-width: 768px) and (max-width: 1023px)\" srcset=\"https:\/\/a57.foxnews.com\/static.foxnews.com\/foxnews.com\/content\/uploads\/2025\/09\/672\/378\/popular-mobilization-forces.jpg?ve=1&amp;tl=1, https:\/\/a57.foxnews.com\/static.foxnews.com\/foxnews.com\/content\/uploads\/2025\/09\/1344\/756\/popular-mobilization-forces.jpg?ve=1&amp;tl=1 2x\" height=\"378\" width=\"672\"><source media=\"(min-width: 1024px) and (max-width: 1279px)\" srcset=\"https:\/\/a57.foxnews.com\/static.foxnews.com\/foxnews.com\/content\/uploads\/2025\/09\/931\/523\/popular-mobilization-forces.jpg?ve=1&amp;tl=1, https:\/\/a57.foxnews.com\/static.foxnews.com\/foxnews.com\/content\/uploads\/2025\/09\/1862\/1046\/popular-mobilization-forces.jpg?ve=1&amp;tl=1 2x\" height=\"523\" width=\"931\"><source media=\"(min-width: 1280px)\" srcset=\"https:\/\/a57.foxnews.com\/static.foxnews.com\/foxnews.com\/content\/uploads\/2025\/09\/720\/405\/popular-mobilization-forces.jpg?ve=1&amp;tl=1, https:\/\/a57.foxnews.com\/static.foxnews.com\/foxnews.com\/content\/uploads\/2025\/09\/1440\/810\/popular-mobilization-forces.jpg?ve=1&amp;tl=1 2x\" height=\"405\" width=\"720\"><img loading=\"lazy\" decoding=\"async\" src=\"https:\/\/a57.foxnews.com\/static.foxnews.com\/foxnews.com\/content\/uploads\/2025\/09\/1200\/675\/popular-mobilization-forces.jpg?ve=1&amp;tl=1\" alt=\"Fuerzas populares de movilizaci\u00f3n de Iraq\" width=\"1200\" height=\"675\"\/><\/source><\/source><\/source><\/source><\/picture><\/div>\n<div class=\"info\">\n<div class=\"caption\">\n<p><span>Los miembros de las unidades de movilizaci\u00f3n populares, fuerzas paramilitares que est\u00e1n dominadas por milicias chi\u00edtas respaldadas por Ir\u00e1n, tienen una bandera islamista en Tikrit, Iraq, el 5 de abril de 2015.<\/span> <span>(Mohammed Sawaf\/AFP a trav\u00e9s de Getty Images)<\/span><\/p>\n<\/div>\n<\/div>\n<\/div>\n<p><strong>Haga clic aqu\u00ed para obtener la aplicaci\u00f3n Fox News<\/strong><\/p>\n<p>\u00abTeher\u00e1n se basa en estas milicias para tener literalmente un estado dentro de un estado en Irak\u00bb, dijo Ben Taleblu. \u00abInscurando a estos y otros grupos terroristas respaldados por Ir\u00e1n entre el departamento del Tesoro [Specially Designated Nationals and Blocked Persons] Listados SDN y Departamento de Estado [Foreign Terrorist Organizations] Listados de FTO, como lo hizo la administraci\u00f3n Trump anteriormente con su patr\u00f3n, el IRGC, en el t\u00e9rmino uno es el enfoque correcto \u00ab.<\/p>\n<p> <!----> <\/p>\n<div class=\"article-meta\">\n<div class=\"author-bio\">\n<p>Caitlin McFall es reportero de Fox News Digital Cubting Politics, US y World News.<\/p>\n<\/div>\n<\/div>\n<\/div>\n\n","protected":false},"excerpt":{"rendered":"<p>NUEVO\u00a1Ahora puedes escuchar art\u00edculos de Fox News! Estados Unidos el mi\u00e9rcoles una vez m\u00e1s apunt\u00f3 a Ir\u00e1n y apunt\u00f3 a su eje de resistencia al designar cuatro milicias con sede en Iraq como organizaciones terroristas extranjeras. Seg\u00fan el Departamento de Estado, los grupos identificados fueron Harakat al-Nujaba, Kata&#8217;ib Sayyid al-Shuhada, Harakat Ansar Allah al-Awfiya y &hellip;<\/p>\n","protected":false},"author":1,"featured_media":43520,"comment_status":"open","ping_status":"open","sticky":false,"template":"","format":"standard","meta":{"fifu_image_url":"https:\/\/static.foxnews.com\/foxnews.com\/content\/uploads\/2025\/09\/iran-militas-in-iraq.jpg","fifu_image_alt":"","footnotes":""},"categories":[13],"tags":[],"class_list":["post-43518","post","type-post","status-publish","format-standard","has-post-thumbnail","","category-mundo"],"_links":{"self":[{"href":"https:\/\/noticiasveraces.com\/index.php?rest_route=\/wp\/v2\/posts\/43518","targetHints":{"allow":["GET"]}}],"collection":[{"href":"https:\/\/noticiasveraces.com\/index.php?rest_route=\/wp\/v2\/posts"}],"about":[{"href":"https:\/\/noticiasveraces.com\/index.php?rest_route=\/wp\/v2\/types\/post"}],"author":[{"embeddable":true,"href":"https:\/\/noticiasveraces.com\/index.php?rest_route=\/wp\/v2\/users\/1"}],"replies":[{"embeddable":true,"href":"https:\/\/noticiasveraces.com\/index.php?rest_route=%2Fwp%2Fv2%2Fcomments&post=43518"}],"version-history":[{"count":0,"href":"https:\/\/noticiasveraces.com\/index.php?rest_route=\/wp\/v2\/posts\/43518\/revisions"}],"wp:featuredmedia":[{"embeddable":true,"href":"https:\/\/noticiasveraces.com\/index.php?rest_route=\/wp\/v2\/media\/43520"}],"wp:attachment":[{"href":"https:\/\/noticiasveraces.com\/index.php?rest_route=%2Fwp%2Fv2%2Fmedia&parent=43518"}],"wp:term":[{"taxonomy":"category","embeddable":true,"href":"https:\/\/noticiasveraces.com\/index.php?rest_route=%2Fwp%2Fv2%2Fcategories&post=43518"},{"taxonomy":"post_tag","embeddable":true,"href":"https:\/\/noticiasveraces.com\/index.php?rest_route=%2Fwp%2Fv2%2Ftags&post=43518"}],"curies":[{"name":"wp","href":"https:\/\/api.w.org\/{rel}","templated":true}]}}