{"id":43507,"date":"2025-09-18T05:28:53","date_gmt":"2025-09-18T09:28:53","guid":{"rendered":"https:\/\/noticiasveraces.com\/?p=43507"},"modified":"2025-09-18T05:28:53","modified_gmt":"2025-09-18T09:28:53","slug":"nace-en-castilla-y-leon-el-primer-pollo-de-pigargo-el-aguila-gigante-extinguida-en-el-xix-que-ha-generado-un-amplio-debate-clima-y-medio-ambiente","status":"publish","type":"post","link":"https:\/\/noticiasveraces.com\/?p=43507","title":{"rendered":"Nace en Castilla y Le\u00f3n el primer pollo de pigargo, el \u00e1guila gigante extinguida en el XIX que ha generado un amplio debate | Clima y Medio Ambiente"},"content":{"rendered":"<p> \n<\/p>\n<div data-dtm-region=\"articulo_cuerpo\">\n<p class=\"\">El pigargo es un \u00e1guila gigante \u2014puede alcanzar los 2,5 metros con sus alas extendidas\u2014 que desapareci\u00f3 de la pen\u00ednsula Ib\u00e9rica a finales del siglo XIX, aunque sigue habitando en los pa\u00edses escandinavos. M\u00e1s de un siglo despu\u00e9s, acaba de nacer en Castilla y Le\u00f3n el primer pollo de esta especie gracias a un proyecto de reintroducci\u00f3n de GREFA (Grupo de Rehabilitaci\u00f3n de la Fauna Aut\u00f3ctona y su H\u00e1bitat). \u201cLa recuperaci\u00f3n de una especie es una alegr\u00eda, es un hito hist\u00f3rico para la biodiversidad espa\u00f1ola\u201d, apunta Ernesto \u00c1lvarez, presidente de la entidad conservacionista. El proyecto, financiado por el Ministerio para la Transici\u00f3n Ecol\u00f3gica, arranc\u00f3 en 2021 en Asturias y Cantabria, pero la entrada de nuevos ejemplares se paraliz\u00f3 tras las cr\u00edticas de bi\u00f3logos y ecologistas. Las parejas formadas ya han empezado a criar. <\/p>\n<p class=\"\">\u201cEl pigargo es el \u00e1guila m\u00e1s grande de Europa y desapareci\u00f3 en Espa\u00f1a por la persecuci\u00f3n a la que se vio sometida. Por suerte, ahora va recuperando poco a poco posiciones\u201d, se\u00f1ala \u00c1lvarez. GREFA solt\u00f3 25 ejemplares en Asturias y Cantabria, de los que quedan 17, entre los que se han formado seis parejas. \u201cSon muy pocos para un pa\u00eds tan grande, pero estamos demostrando que con poco que se les d\u00e9 las parejas van avanzando, se establecen y cr\u00edan\u201d, contin\u00faa. <\/p>\n<figure class=\"a_m a_m-h \"><span class=\"_db a_m_w _pr lb_btn\"><img alt=\"El pollo de pigargo europeo nacido en el norte de Castilla y Le\u00f3n reposa en su nido.\" decoding=\"auto\" class=\"_re lazyload a_m-h\" height=\"311\" srcset=\"https:\/\/imagenes.elpais.com\/resizer\/v2\/WLEXCWLWAVEM7AFLEKA57MJOHE.JPG?auth=fb65b191e1f945971c28931a53a6c30b20271bff24bb0916ce1cad3def118617&amp;width=414 414w,https:\/\/imagenes.elpais.com\/resizer\/v2\/WLEXCWLWAVEM7AFLEKA57MJOHE.JPG?auth=fb65b191e1f945971c28931a53a6c30b20271bff24bb0916ce1cad3def118617&amp;width=828 640w,https:\/\/imagenes.elpais.com\/resizer\/v2\/WLEXCWLWAVEM7AFLEKA57MJOHE.JPG?auth=fb65b191e1f945971c28931a53a6c30b20271bff24bb0916ce1cad3def118617&amp;width=980 1000w,https:\/\/imagenes.elpais.com\/resizer\/v2\/WLEXCWLWAVEM7AFLEKA57MJOHE.JPG?auth=fb65b191e1f945971c28931a53a6c30b20271bff24bb0916ce1cad3def118617&amp;width=1960 1960w\" width=\"414\" sizes=\"auto, (min-width:1199px) 1155px,(min-width:1001px) calc(100vw - 44px),(min-width:768px) 767px, 100vw\" src=\"https:\/\/imagenes.elpais.com\/resizer\/v2\/WLEXCWLWAVEM7AFLEKA57MJOHE.JPG?auth=fb65b191e1f945971c28931a53a6c30b20271bff24bb0916ce1cad3def118617&amp;width=414\" loading=\"lazy\"\/><svg aria-hidden=\"true\" class=\"icon_multimedia_ampliar | _pa a_m_i a_m_i-a _dn\" viewbox=\"0 0 40 40\"><use xlink:href=\"#svg-ampliar\"\/><\/svg><\/span><figcaption class=\"a_m_p\" aria-hidden=\"true\"><span>El pollo de pigargo europeo nacido en el norte de Castilla y Le\u00f3n reposa en su nido.<\/span><span class=\"a_m_m\">INJERTO<\/span><\/figcaption><\/figure>\n<p class=\"\">El ejemplar, un macho, naci\u00f3 el pasado mayo. Con menos de dos meses de vida, los trabajadores de la entidad lo sacaron brevemente del nido para marcarlo con un GPS \u2014es una especie capaz de recorrer miles de kil\u00f3metros\u2014 y entonces pesaba ya 3,5 kilos, lo que da idea del tama\u00f1o de esta ave rapaz, que puede superar los cinco en su vida adulta. <\/p>\n<p class=\"\">Los progenitores son dos pigargos reintroducidos de cuatro a\u00f1os de edad, el macho Pimiango y la hembra Mansolea, cuyos nombres hacen honor a la localidad asturiana que acoge el proyecto de reintroducci\u00f3n de la especie y a su dialecto, respectivamente. La ubicaci\u00f3n del nido no se ha desvelado p\u00fablicamente \u201cpara evitar cualquier perturbaci\u00f3n para esta pareja primeriza de pigargo europeo y su pollo\u201d, dice la entidad. \u201cPens\u00e1bamos que el primer pollo iba a tardar un poco m\u00e1s, aunque estamos acostumbrados a que la recuperaci\u00f3n de especies se adelante a nuestras previsiones, como nos ha pasado tambi\u00e9n con el cern\u00edcalo primilla u otras especies. No suele suceder que cr\u00eden tan r\u00e1pido, es una alegr\u00eda bestial\u201d, apunta el presidente. <\/p>\n<p class=\"\">Los trabajadores y voluntarios de GREFA del denominado Proyecto Pigargo siguieron a la pareja reproductora durante m\u00e1s de 500 horas en la primavera y verano de este a\u00f1o. A mediados de 2024, este equipo detect\u00f3 que la pareja regentaba un territorio, pudiendo confirmar el proceso de construcci\u00f3n de un nido en un \u00e1rbol a partir de febrero de 2025. A finales del pasado marzo la hembra de pigargo europeo empez\u00f3 a incubar y a principios de mayo naci\u00f3 el primer pollo de pigargo europeo en Espa\u00f1a.<\/p>\n<figure class=\"a_m a_m-h \"><span class=\"_db a_m_w _pr lb_btn\"><img alt=\"Uno de los progenitores del pollo de pigargo sobrevuela la zona del nido.\" decoding=\"auto\" class=\"_re lazyload a_m-h\" height=\"311\" srcset=\"https:\/\/imagenes.elpais.com\/resizer\/v2\/IHMLXJ6NSJH33CM3RCLLBBQNCM.JPG?auth=0bda01b6de2a496eb6b16660e7bb84a15e29159d39933291a75d59b82c36953c&amp;width=414 414w,https:\/\/imagenes.elpais.com\/resizer\/v2\/IHMLXJ6NSJH33CM3RCLLBBQNCM.JPG?auth=0bda01b6de2a496eb6b16660e7bb84a15e29159d39933291a75d59b82c36953c&amp;width=828 640w,https:\/\/imagenes.elpais.com\/resizer\/v2\/IHMLXJ6NSJH33CM3RCLLBBQNCM.JPG?auth=0bda01b6de2a496eb6b16660e7bb84a15e29159d39933291a75d59b82c36953c&amp;width=980 1000w,https:\/\/imagenes.elpais.com\/resizer\/v2\/IHMLXJ6NSJH33CM3RCLLBBQNCM.JPG?auth=0bda01b6de2a496eb6b16660e7bb84a15e29159d39933291a75d59b82c36953c&amp;width=1960 1960w\" width=\"414\" sizes=\"auto, (min-width:1199px) 1155px,(min-width:1001px) calc(100vw - 44px),(min-width:768px) 767px, 100vw\" src=\"https:\/\/imagenes.elpais.com\/resizer\/v2\/IHMLXJ6NSJH33CM3RCLLBBQNCM.JPG?auth=0bda01b6de2a496eb6b16660e7bb84a15e29159d39933291a75d59b82c36953c&amp;width=414\" loading=\"lazy\"\/><svg aria-hidden=\"true\" class=\"icon_multimedia_ampliar | _pa a_m_i a_m_i-a _dn\" viewbox=\"0 0 40 40\"><use xlink:href=\"#svg-ampliar\"\/><\/svg><\/span><figcaption class=\"a_m_p\" aria-hidden=\"true\"><span>Uno de los progenitores del pollo de pigargo sobrevuela la zona del nido.<\/span><span class=\"a_m_m\">INJERTO<\/span><\/figcaption><\/figure>\n<p class=\"\">El Ministerio para la Transici\u00f3n Ecol\u00f3gica, que considera esta rapaz extinta en Espa\u00f1a, impuls\u00f3 en 2021 un proyecto de reintroducci\u00f3n de pigargos \u2014tra\u00eddos desde Noruega\u2014 liderado por GREFA con el visto bueno de Asturias y Cantabria, con el que se soltaron 25 ejemplares en la cornisa cant\u00e1brica. El departamento que preside Sara Aagesen invirti\u00f3 360.000 euros en la recuperaci\u00f3n de la especie. <\/p>\n<p class=\"\">Pero el proyecto no gusta a todo el mundo. Varios cient\u00edficos y entidades ecologistas \u2014como Ecologistas en Acci\u00f3n Asturias y SEO\/Birdlife\u2014 alertaron de los supuestos problemas que podr\u00eda generar la rapaz, tanto a la pesca y a la ganader\u00eda como a otras especies. Esas cr\u00edticas llevaron a que Asturias y Cantabria, que en 2021 apoyaron la iniciativa, se bajaran del barco en 2023, dejando a las aves en un complejo limbo administrativo: los ejemplares siguen libres y monitorizados \u2014quedan 17\u2014, pero no se pueden soltar m\u00e1s, como ten\u00eda previsto GREFA para reintroducir la especie. <\/p>\n<p class=\"\">Quiz\u00e1 por eso, el nacimiento se ha producido en otra comunidad, Castilla y Le\u00f3n, gracias a la colaboraci\u00f3n de la Junta de esa comunidad. Seg\u00fan la entidad ecologista, tambi\u00e9n se ha contado con el apoyo t\u00e9cnico del Ministerio para la Transici\u00f3n Ecol\u00f3gica y de agentes medioambientales de la Junta de Castilla y Le\u00f3n en el marcaje con GPS en nido de este pollo.<\/p>\n<\/div>\n\n","protected":false},"excerpt":{"rendered":"<p>El pigargo es un \u00e1guila gigante \u2014puede alcanzar los 2,5 metros con sus alas extendidas\u2014 que desapareci\u00f3 de la pen\u00ednsula Ib\u00e9rica a finales del siglo XIX, aunque sigue habitando en los pa\u00edses escandinavos. M\u00e1s de un siglo despu\u00e9s, acaba de nacer en Castilla y Le\u00f3n el primer pollo de esta especie gracias a un proyecto &hellip;<\/p>\n","protected":false},"author":1,"featured_media":43508,"comment_status":"open","ping_status":"open","sticky":false,"template":"","format":"standard","meta":{"fifu_image_url":"https:\/\/imagenes.elpais.com\/resizer\/v2\/LNRNPPFTLFAC7LSMECQ5XOPMFY.JPG?auth=19c4def7d1738cc6031be2c24ed70b60d8ec3204b0dd48492b91f3228cd36a40&width=1200","fifu_image_alt":"","footnotes":""},"categories":[11],"tags":[],"class_list":["post-43507","post","type-post","status-publish","format-standard","has-post-thumbnail","","category-viaje"],"_links":{"self":[{"href":"https:\/\/noticiasveraces.com\/index.php?rest_route=\/wp\/v2\/posts\/43507","targetHints":{"allow":["GET"]}}],"collection":[{"href":"https:\/\/noticiasveraces.com\/index.php?rest_route=\/wp\/v2\/posts"}],"about":[{"href":"https:\/\/noticiasveraces.com\/index.php?rest_route=\/wp\/v2\/types\/post"}],"author":[{"embeddable":true,"href":"https:\/\/noticiasveraces.com\/index.php?rest_route=\/wp\/v2\/users\/1"}],"replies":[{"embeddable":true,"href":"https:\/\/noticiasveraces.com\/index.php?rest_route=%2Fwp%2Fv2%2Fcomments&post=43507"}],"version-history":[{"count":0,"href":"https:\/\/noticiasveraces.com\/index.php?rest_route=\/wp\/v2\/posts\/43507\/revisions"}],"wp:featuredmedia":[{"embeddable":true,"href":"https:\/\/noticiasveraces.com\/index.php?rest_route=\/wp\/v2\/media\/43508"}],"wp:attachment":[{"href":"https:\/\/noticiasveraces.com\/index.php?rest_route=%2Fwp%2Fv2%2Fmedia&parent=43507"}],"wp:term":[{"taxonomy":"category","embeddable":true,"href":"https:\/\/noticiasveraces.com\/index.php?rest_route=%2Fwp%2Fv2%2Fcategories&post=43507"},{"taxonomy":"post_tag","embeddable":true,"href":"https:\/\/noticiasveraces.com\/index.php?rest_route=%2Fwp%2Fv2%2Ftags&post=43507"}],"curies":[{"name":"wp","href":"https:\/\/api.w.org\/{rel}","templated":true}]}}