{"id":43502,"date":"2025-09-18T05:20:46","date_gmt":"2025-09-18T09:20:46","guid":{"rendered":"https:\/\/noticiasveraces.com\/?p=43502"},"modified":"2025-09-18T05:20:46","modified_gmt":"2025-09-18T09:20:46","slug":"trump-designara-a-antifa-como-organizacion-terrorista-dw-18-09-2025","status":"publish","type":"post","link":"https:\/\/noticiasveraces.com\/?p=43502","title":{"rendered":"Trump designar\u00e1 a Antifa como organizaci\u00f3n terrorista \u2013 DW \u2013 18\/09\/2025"},"content":{"rendered":"<p> \n<\/p>\n<div data-tracking-name=\"rich-text\" data-tracking-skip=\"true\">\n<p>En repetidas ocasiones, Donald Trump ha acusado a la red Antifa de incitar la violencia. Tambi\u00e9n cuando tuvieron lugar los disturbios posteriores a la muerte de George Floyd en 2020, durante\u00a0su primer mandato.<\/p>\n<p>El presidente ya hab\u00eda manifestado su deseo de designarlo como grupo terrorista, pero expertos y funcionarios subrayaban la dificultad legal de sancionar a un colectivo tan descentralizado.<\/p>\n<p>Desde el 10 de septiembre, d\u00eda en el que el activista conservador Charlie Kirk fue asesinado en Utah, Trump ha responsabilizado en sus apariciones p\u00fablicas a la \u00abizquierda radical\u00bb de la violencia pol\u00edtica que vive el pa\u00eds.<\/p>\n<p>Finalmente, el mi\u00e9rcoles 17 de septiembre de 2025, el presidente de Estados Unidos anunci\u00f3 la designaci\u00f3n del movimiento antifascista Antifa como una \u00abgran organizaci\u00f3n terrorista\u00bb, calific\u00e1ndola de \u00abun desastre radical de izquierda, peligroso y enfermo\u00bb. Trump indic\u00f3 en su cuenta de Truth Social que tambi\u00e9n recomendar\u00e1 investigar a quienes financien a Antifa \u00abde acuerdo con los m\u00e1s altos est\u00e1ndares legales\u00bb.<\/p>\n<h2>Rojo descentralizado<\/h2>\n<p>El mandatario, que se encuentra en un viaje oficial en Reino Unido, agreg\u00f3 que su decisi\u00f3n busca proteger a los ciudadanos y subray\u00f3 que cualquier acci\u00f3n violenta atribuida a Antifa ser\u00e1 tratada con todo el peso de la ley.<\/p>\n<p>El republicano no deja claro qu\u00e9 mecanismo usar\u00e1 para hacer la designaci\u00f3n, ya que Antifa es una red muy descentralizada en EE.UU. que aglutina activistas que se definen como anarquistas, anticapitalistas o comunistas y que carece de un liderazgo definido, lo que hace incierto qui\u00e9n o qu\u00e9 ser\u00eda exactamente el objetivo.<\/p>\n<p>MS (EFE\/AFP)<\/p>\n<\/p>\n<\/div>\n\n","protected":false},"excerpt":{"rendered":"<p>En repetidas ocasiones, Donald Trump ha acusado a la red Antifa de incitar la violencia. Tambi\u00e9n cuando tuvieron lugar los disturbios posteriores a la muerte de George Floyd en 2020, durante\u00a0su primer mandato. El presidente ya hab\u00eda manifestado su deseo de designarlo como grupo terrorista, pero expertos y funcionarios subrayaban la dificultad legal de sancionar &hellip;<\/p>\n","protected":false},"author":1,"featured_media":43503,"comment_status":"open","ping_status":"open","sticky":false,"template":"","format":"standard","meta":{"fifu_image_url":"https:\/\/static.dw.com\/image\/74031025_6.jpg","fifu_image_alt":"","footnotes":""},"categories":[13],"tags":[],"class_list":["post-43502","post","type-post","status-publish","format-standard","has-post-thumbnail","","category-mundo"],"_links":{"self":[{"href":"https:\/\/noticiasveraces.com\/index.php?rest_route=\/wp\/v2\/posts\/43502","targetHints":{"allow":["GET"]}}],"collection":[{"href":"https:\/\/noticiasveraces.com\/index.php?rest_route=\/wp\/v2\/posts"}],"about":[{"href":"https:\/\/noticiasveraces.com\/index.php?rest_route=\/wp\/v2\/types\/post"}],"author":[{"embeddable":true,"href":"https:\/\/noticiasveraces.com\/index.php?rest_route=\/wp\/v2\/users\/1"}],"replies":[{"embeddable":true,"href":"https:\/\/noticiasveraces.com\/index.php?rest_route=%2Fwp%2Fv2%2Fcomments&post=43502"}],"version-history":[{"count":0,"href":"https:\/\/noticiasveraces.com\/index.php?rest_route=\/wp\/v2\/posts\/43502\/revisions"}],"wp:featuredmedia":[{"embeddable":true,"href":"https:\/\/noticiasveraces.com\/index.php?rest_route=\/wp\/v2\/media\/43503"}],"wp:attachment":[{"href":"https:\/\/noticiasveraces.com\/index.php?rest_route=%2Fwp%2Fv2%2Fmedia&parent=43502"}],"wp:term":[{"taxonomy":"category","embeddable":true,"href":"https:\/\/noticiasveraces.com\/index.php?rest_route=%2Fwp%2Fv2%2Fcategories&post=43502"},{"taxonomy":"post_tag","embeddable":true,"href":"https:\/\/noticiasveraces.com\/index.php?rest_route=%2Fwp%2Fv2%2Ftags&post=43502"}],"curies":[{"name":"wp","href":"https:\/\/api.w.org\/{rel}","templated":true}]}}