{"id":43469,"date":"2025-09-17T20:55:31","date_gmt":"2025-09-18T00:55:31","guid":{"rendered":"https:\/\/noticiasveraces.com\/?p=43469"},"modified":"2025-09-17T20:55:31","modified_gmt":"2025-09-18T00:55:31","slug":"friedrich-merz-reitera-el-apoyo-aleman-a-israel-dw-17-09-2025","status":"publish","type":"post","link":"https:\/\/noticiasveraces.com\/?p=43469","title":{"rendered":"Friedrich Merz reitera el apoyo alem\u00e1n a Israel \u2013 DW \u2013 17\/09\/2025"},"content":{"rendered":"<p> \n<\/p>\n<div data-tracking-name=\"rich-text\" data-tracking-skip=\"true\">\n<p>El canciller alem\u00e1n, Friedrich Merz, reiter\u00f3 este mi\u00e9rcoles (17.09.2025) que la seguridad de Israel es un fundamento normativo innegociable para Alemania y asegur\u00f3 que las cr\u00edticas por la ofensiva en Gaza no deben convertirse en excusa para el antisemitismo ni justifican que Berl\u00edn le de la espalda a Tel Aviv. \u00abAlemania debe ponerse claramente del lado de Israel\u00bb, exigi\u00f3 en un discurso pronunciado en una ceremonia en Berl\u00edn.<\/p>\n<p>\u00abEl compromiso alem\u00e1n con la existencia y con la seguridad del Estado de Israel es una parte innegociable de los fundamentos normativos de nuestro pa\u00eds\u00bb, declar\u00f3, seg\u00fan el texto difundido por la oficina de prensa de la Canciller\u00eda, durante un acto con ocasi\u00f3n del 75 aniversario de la creaci\u00f3n del Consejo Central de los Jud\u00edos en Alemania.<\/p>\n<h2>Aniversario del Consejo Central de los Jud\u00edos<\/h2>\n<p>\u00abEste aniversario no es s\u00f3lo un momento de alegr\u00eda para nosotros, sino tambi\u00e9n una misi\u00f3n para seguir alzando nuestra voz clara y distintivamente, tambi\u00e9n en inter\u00e9s de nuestra democracia\u00bb, a\u00f1adi\u00f3.El Consejo Central de los Jud\u00edos en Alemania fue fundado en 1950, originalmente para coordinar la emigraci\u00f3n a Israel de los jud\u00edos supervivientes del Holocausto, aunque desde entonces se ha convertido en una destacada organizaci\u00f3n de la sociedad civil alemana.<\/p>\n<p>El canciller lament\u00f3 que, desde los ataques terroristas del 7 de octubre de 2023 del grupo islamista Ham\u00e1s contra Israel, el antisemismo en Alemania se ha vuelto \u00abm\u00e1s sonoro, m\u00e1s abierto, m\u00e1s desvergonzado, m\u00e1s violento casi d\u00eda a d\u00eda\u00bb, algo por lo que personalmente se siente \u00abhorrorizado\u00bb y \u00abavergonzado\u00bb.<\/p>\n<p><span data-slot-id=\"Article_InContent-1\" class=\"rich-text-ad\"\/><\/p>\n<h2>Contra la \u00abnormalizaci\u00f3n\u00bb del antisemitismo<\/h2>\n<p>Merz conden\u00f3 as\u00ed lo que calific\u00f3 de \u00abnormalizaci\u00f3n\u00bb de la ret\u00f3rica antisemita en los espacios culturales, donde seg\u00fan asegur\u00f3 se excluye a artistas jud\u00edos e israel\u00edes solamente por su fe y sus ideas, y cit\u00f3 como ejemplo la cancelaci\u00f3n de un concierto en Gante (B\u00e9lgica) de la Orquesta Filarm\u00f3nica de M\u00fanich dirigida por el israel\u00ed Lahav Shani.<\/p>\n<p>El canciller asegur\u00f3 que cada vez con mayor frecuencia se emplea la cr\u00edtica a Israel -que, dirigida contra el Gobierno de Benjam\u00edn Netanyahu, matiz\u00f3, debe ser posible y es en ocasiones incluso adecuada- como excusa para difundir el \u00abveneno del antisemitismo\u00bb. \u00abComo ya saben, yo mismo he realizado cr\u00edticas recientemente (al Gobierno israel\u00ed). Pero nuestro pa\u00eds da\u00f1a su propia alma si esta cr\u00edtica se convierte en excusa para el odio a los jud\u00edos\u00bb, dijo.<\/p>\n<p>LGC (EFE, DPA)<\/p>\n<\/div>\n\n","protected":false},"excerpt":{"rendered":"<p>El canciller alem\u00e1n, Friedrich Merz, reiter\u00f3 este mi\u00e9rcoles (17.09.2025) que la seguridad de Israel es un fundamento normativo innegociable para Alemania y asegur\u00f3 que las cr\u00edticas por la ofensiva en Gaza no deben convertirse en excusa para el antisemitismo ni justifican que Berl\u00edn le de la espalda a Tel Aviv. \u00abAlemania debe ponerse claramente del &hellip;<\/p>\n","protected":false},"author":1,"featured_media":43470,"comment_status":"open","ping_status":"open","sticky":false,"template":"","format":"standard","meta":{"fifu_image_url":"https:\/\/static.dw.com\/image\/74034326_6.jpg","fifu_image_alt":"","footnotes":""},"categories":[13],"tags":[],"class_list":["post-43469","post","type-post","status-publish","format-standard","has-post-thumbnail","","category-mundo"],"_links":{"self":[{"href":"https:\/\/noticiasveraces.com\/index.php?rest_route=\/wp\/v2\/posts\/43469","targetHints":{"allow":["GET"]}}],"collection":[{"href":"https:\/\/noticiasveraces.com\/index.php?rest_route=\/wp\/v2\/posts"}],"about":[{"href":"https:\/\/noticiasveraces.com\/index.php?rest_route=\/wp\/v2\/types\/post"}],"author":[{"embeddable":true,"href":"https:\/\/noticiasveraces.com\/index.php?rest_route=\/wp\/v2\/users\/1"}],"replies":[{"embeddable":true,"href":"https:\/\/noticiasveraces.com\/index.php?rest_route=%2Fwp%2Fv2%2Fcomments&post=43469"}],"version-history":[{"count":0,"href":"https:\/\/noticiasveraces.com\/index.php?rest_route=\/wp\/v2\/posts\/43469\/revisions"}],"wp:featuredmedia":[{"embeddable":true,"href":"https:\/\/noticiasveraces.com\/index.php?rest_route=\/wp\/v2\/media\/43470"}],"wp:attachment":[{"href":"https:\/\/noticiasveraces.com\/index.php?rest_route=%2Fwp%2Fv2%2Fmedia&parent=43469"}],"wp:term":[{"taxonomy":"category","embeddable":true,"href":"https:\/\/noticiasveraces.com\/index.php?rest_route=%2Fwp%2Fv2%2Fcategories&post=43469"},{"taxonomy":"post_tag","embeddable":true,"href":"https:\/\/noticiasveraces.com\/index.php?rest_route=%2Fwp%2Fv2%2Ftags&post=43469"}],"curies":[{"name":"wp","href":"https:\/\/api.w.org\/{rel}","templated":true}]}}