{"id":43466,"date":"2025-09-17T19:06:26","date_gmt":"2025-09-17T23:06:26","guid":{"rendered":"https:\/\/noticiasveraces.com\/?p=43466"},"modified":"2025-09-17T19:06:26","modified_gmt":"2025-09-17T23:06:26","slug":"pedro-sanchez-de-espana-critico-por-presunta-amenaza-nuclear-contra-israel","status":"publish","type":"post","link":"https:\/\/noticiasveraces.com\/?p=43466","title":{"rendered":"Pedro S\u00e1nchez de Espa\u00f1a critic\u00f3 por presunta amenaza nuclear contra Israel"},"content":{"rendered":"<p> \n<\/p>\n<div>\n<div id=\"beyondwords-wrapper\" class=\"beyondwords-wrapper\">\n<p><span class=\"label-bg\">NUEVO<\/span>\u00a1Ahora puedes escuchar art\u00edculos de Fox News!\n  <\/p>\n<\/div>\n<p class=\"speakable\">El primer ministro antiisraele de Espa\u00f1a, Pedro S\u00e1nchez, est\u00e1 bajo fuego desde Israel y espa\u00f1oles por igual por sus supuestos comentarios para usar armas nucleares contra el estado jud\u00edo.<\/p>\n<p class=\"speakable\">El primer ministro socialista S\u00e1nchez, dijo en un discurso la semana pasada que \u00abEspa\u00f1a, como saben, no tiene bombas nucleares, portaaviones o grandes reservas de petr\u00f3leo,\u00bb y agreg\u00f3: \u00abSolo no podemos detener a la ofensiva israel\u00ed. Pero eso no significa que no dejen de intentarlo. Porque hay causas que vale la pena luchar, incluso si las ganamos no est\u00e1 en nuestro \u00fanico poder\u00bb. <\/p>\n<p>El primer ministro de Israel, Benjamin Netanyahu, acus\u00f3 a su contraparte espa\u00f1ola de hacer una \u00abamenaza genocida flagrante para el \u00fanico estado jud\u00edo del mundo. Aparentemente, la Inquisici\u00f3n espa\u00f1ola, la expulsi\u00f3n de los jud\u00edos de Espa\u00f1a y el asesinato sistem\u00e1tico de jud\u00edos en el Holocausto, no es suficiente para Sanchez\u00bb.<\/p>\n<p>The Times of Israel inform\u00f3 que Espa\u00f1a convoc\u00f3 al principal diplom\u00e1tico de Israel en el pa\u00eds para \u00abrechazar categ\u00f3ricamente las declaraciones falsas y calumnias de la oficina del primer ministro israel\u00ed\u00bb.<\/p>\n<p><strong>Netanyahu de Israel se rasga a Irlanda, Espa\u00f1a y Noruega que reconocen la estadidad palestina: &#8216;Recompensa por el terrorismo&#8217;<\/strong><\/p>\n<div class=\"image-ct inline\">\n<div class=\"m\"><picture><source media=\"(max-width: 767px)\" srcset=\"https:\/\/a57.foxnews.com\/static.foxnews.com\/foxnews.com\/content\/uploads\/2025\/09\/343\/192\/spain-pm-palestinians.jpg?ve=1&amp;tl=1, https:\/\/a57.foxnews.com\/static.foxnews.com\/foxnews.com\/content\/uploads\/2025\/09\/686\/384\/spain-pm-palestinians.jpg?ve=1&amp;tl=1 2x\" height=\"192\" width=\"343\"><source media=\"(min-width: 768px) and (max-width: 1023px)\" srcset=\"https:\/\/a57.foxnews.com\/static.foxnews.com\/foxnews.com\/content\/uploads\/2025\/09\/672\/378\/spain-pm-palestinians.jpg?ve=1&amp;tl=1, https:\/\/a57.foxnews.com\/static.foxnews.com\/foxnews.com\/content\/uploads\/2025\/09\/1344\/756\/spain-pm-palestinians.jpg?ve=1&amp;tl=1 2x\" height=\"378\" width=\"672\"><source media=\"(min-width: 1024px) and (max-width: 1279px)\" srcset=\"https:\/\/a57.foxnews.com\/static.foxnews.com\/foxnews.com\/content\/uploads\/2025\/09\/931\/523\/spain-pm-palestinians.jpg?ve=1&amp;tl=1, https:\/\/a57.foxnews.com\/static.foxnews.com\/foxnews.com\/content\/uploads\/2025\/09\/1862\/1046\/spain-pm-palestinians.jpg?ve=1&amp;tl=1 2x\" height=\"523\" width=\"931\"><source media=\"(min-width: 1280px)\" srcset=\"https:\/\/a57.foxnews.com\/static.foxnews.com\/foxnews.com\/content\/uploads\/2025\/09\/720\/405\/spain-pm-palestinians.jpg?ve=1&amp;tl=1, https:\/\/a57.foxnews.com\/static.foxnews.com\/foxnews.com\/content\/uploads\/2025\/09\/1440\/810\/spain-pm-palestinians.jpg?ve=1&amp;tl=1 2x\" height=\"405\" width=\"720\"><img loading=\"lazy\" decoding=\"async\" src=\"https:\/\/a57.foxnews.com\/static.foxnews.com\/foxnews.com\/content\/uploads\/2025\/09\/1200\/675\/spain-pm-palestinians.jpg?ve=1&amp;tl=1\" alt=\"El primer ministro espa\u00f1ol se encuentra con el funcionario palestino.\" width=\"1200\" height=\"675\"\/><\/source><\/source><\/source><\/source><\/picture><\/div>\n<div class=\"info\">\n<div class=\"caption\">\n<p><span>El primer ministro de Espa\u00f1a, Pedro S\u00e1nchez (izquierda), durante su reuni\u00f3n con el primer ministro de la Autoridad Palestina, Mohamed Mustafa (derecha), en la Conferencia Internacional sobre la Respuesta Humanitaria de Emergencia para Gaza, en el Centro de Convenciones King Hussein Bin Talal, el 11 de junio de 2024.<\/span> <span>(Moncloa a trav\u00e9s de Getty Images)<\/span><\/p>\n<\/div>\n<\/div>\n<\/div>\n<p>Juan Caldes, el coordinador de defensa europea de la Asociaci\u00f3n Jud\u00eda Europea, le dijo a Fox News Digital que \u00abes m\u00e1s que hip\u00f3crita y c\u00ednico llamar a Israel un estado genocida cuando uno menciona cu\u00e1n desafortunado es el hecho de que Espa\u00f1a no tiene armas nucleares para detener a Israel. Es la definici\u00f3n de un genocidio, cuando existe un intento deliberado para destruir un grupo espec\u00edfico (ser \u00e9tico, religioso, religioso, religioso. <\/p>\n<p>Caldez, quien es espa\u00f1ol, dijo: \u00abS\u00e1nchez abraz\u00f3 la causa palestina para evitar hablar sobre sus propios esc\u00e1ndalos de corrupci\u00f3n personal que rodean a algunos de los miembros de su familia y tambi\u00e9n a muchos de los esc\u00e1ndalos de corrupci\u00f3n que involucran a muchos de sus colegas del Partido Socialista\u00bb.<\/p>\n<p>Afirm\u00f3: \u00abLa coalici\u00f3n de S\u00e1nchez (de socialistas y comunistas) ha estado expresando opiniones muy antisemitas desde el 7 de octubre\u00bb. Cit\u00f3 a Yolanda D\u00edaz, vicepresidenta de Espa\u00f1a, quien en un discurso televisado el a\u00f1o pasado, dijo: \u00abDesde el r\u00edo hasta el mar, Palestina ser\u00e1 libre &#8230; en otras palabras, desde el r\u00edo Jord\u00e1n hasta el estado mediterr\u00e1neo una soluci\u00f3n de un solo estado borrando a todos los jud\u00edos de la tierra\u00bb.<\/p>\n<p><strong>Hamas Terror Outlet corta silenciosamente el conteo de la muerte de Gaza, revela que la mayor\u00eda de los muertos fueron hombres de la edad de combate<\/strong><\/p>\n<div class=\"image-ct inline\">\n<div class=\"m\"><picture><source media=\"(max-width: 767px)\" srcset=\"https:\/\/a57.foxnews.com\/static.foxnews.com\/foxnews.com\/content\/uploads\/2025\/09\/343\/192\/spain-anti-israel-protests.jpg?ve=1&amp;tl=1, https:\/\/a57.foxnews.com\/static.foxnews.com\/foxnews.com\/content\/uploads\/2025\/09\/686\/384\/spain-anti-israel-protests.jpg?ve=1&amp;tl=1 2x\" height=\"192\" width=\"343\"><source media=\"(min-width: 768px) and (max-width: 1023px)\" srcset=\"https:\/\/a57.foxnews.com\/static.foxnews.com\/foxnews.com\/content\/uploads\/2025\/09\/672\/378\/spain-anti-israel-protests.jpg?ve=1&amp;tl=1, https:\/\/a57.foxnews.com\/static.foxnews.com\/foxnews.com\/content\/uploads\/2025\/09\/1344\/756\/spain-anti-israel-protests.jpg?ve=1&amp;tl=1 2x\" height=\"378\" width=\"672\"><source media=\"(min-width: 1024px) and (max-width: 1279px)\" srcset=\"https:\/\/a57.foxnews.com\/static.foxnews.com\/foxnews.com\/content\/uploads\/2025\/09\/931\/523\/spain-anti-israel-protests.jpg?ve=1&amp;tl=1, https:\/\/a57.foxnews.com\/static.foxnews.com\/foxnews.com\/content\/uploads\/2025\/09\/1862\/1046\/spain-anti-israel-protests.jpg?ve=1&amp;tl=1 2x\" height=\"523\" width=\"931\"><source media=\"(min-width: 1280px)\" srcset=\"https:\/\/a57.foxnews.com\/static.foxnews.com\/foxnews.com\/content\/uploads\/2025\/09\/720\/405\/spain-anti-israel-protests.jpg?ve=1&amp;tl=1, https:\/\/a57.foxnews.com\/static.foxnews.com\/foxnews.com\/content\/uploads\/2025\/09\/1440\/810\/spain-anti-israel-protests.jpg?ve=1&amp;tl=1 2x\" height=\"405\" width=\"720\"><img loading=\"lazy\" decoding=\"async\" src=\"https:\/\/a57.foxnews.com\/static.foxnews.com\/foxnews.com\/content\/uploads\/2025\/09\/1200\/675\/spain-anti-israel-protests.jpg?ve=1&amp;tl=1\" alt=\"Protesta contra el Israel en Espa\u00f1a\" width=\"1200\" height=\"675\"\/><\/source><\/source><\/source><\/source><\/picture><\/div>\n<div class=\"info\">\n<div class=\"caption\">\n<p><span>Espa\u00f1oles que protestan contra Israel. Los sindicatos han pedido un d\u00eda de huelga general en solidaridad con los palestinos y el L\u00edbano exigiendo que el gobierno espa\u00f1ol rompa las relaciones con Israel. Septiembre de 2024.<\/span> <span>(Marcos del Mazo\/LighTrocket a trav\u00e9s de Getty Images)<\/span><\/p>\n<\/div>\n<\/div>\n<\/div>\n<p>Seg\u00fan Caldes, \u00abla ret\u00f3rica y las acciones de S\u00e1nchez muestran c\u00f3mo el antisemitismo integrado es parte del gobierno espa\u00f1ol. Dicho esto, todav\u00eda es importante no combinarlo con la mayor\u00eda de las personas espa\u00f1olas que no tienen opiniones antisemitas\u00bb.<\/p>\n<p>Santiago Abascal, el l\u00edder del partido Vox de derecha, dijo: \u00abA S\u00e1nchez le gustar\u00eda tener armas nucleares &#8230; pero no defender Espa\u00f1a. Para defender a Hamas\u00bb.<\/p>\n<p>Seg\u00fan las estad\u00edsticas de la Agencia Jud\u00eda para Israel en septiembre, el tama\u00f1o de la comunidad jud\u00eda espa\u00f1ola contaba con 12.900 de una poblaci\u00f3n de poco m\u00e1s de 49 millones. <\/p>\n<div class=\"image-ct inline\">\n<div class=\"m\"><picture><source media=\"(max-width: 767px)\" srcset=\"https:\/\/a57.foxnews.com\/static.foxnews.com\/foxnews.com\/content\/uploads\/2025\/01\/343\/192\/61ae9d70-netanyahu.jpg?ve=1&amp;tl=1, https:\/\/a57.foxnews.com\/static.foxnews.com\/foxnews.com\/content\/uploads\/2025\/01\/686\/384\/61ae9d70-netanyahu.jpg?ve=1&amp;tl=1 2x\" height=\"192\" width=\"343\"><source media=\"(min-width: 768px) and (max-width: 1023px)\" srcset=\"https:\/\/a57.foxnews.com\/static.foxnews.com\/foxnews.com\/content\/uploads\/2025\/01\/672\/378\/61ae9d70-netanyahu.jpg?ve=1&amp;tl=1, https:\/\/a57.foxnews.com\/static.foxnews.com\/foxnews.com\/content\/uploads\/2025\/01\/1344\/756\/61ae9d70-netanyahu.jpg?ve=1&amp;tl=1 2x\" height=\"378\" width=\"672\"><source media=\"(min-width: 1024px) and (max-width: 1279px)\" srcset=\"https:\/\/a57.foxnews.com\/static.foxnews.com\/foxnews.com\/content\/uploads\/2025\/01\/931\/523\/61ae9d70-netanyahu.jpg?ve=1&amp;tl=1, https:\/\/a57.foxnews.com\/static.foxnews.com\/foxnews.com\/content\/uploads\/2025\/01\/1862\/1046\/61ae9d70-netanyahu.jpg?ve=1&amp;tl=1 2x\" height=\"523\" width=\"931\"><source media=\"(min-width: 1280px)\" srcset=\"https:\/\/a57.foxnews.com\/static.foxnews.com\/foxnews.com\/content\/uploads\/2025\/01\/720\/405\/61ae9d70-netanyahu.jpg?ve=1&amp;tl=1, https:\/\/a57.foxnews.com\/static.foxnews.com\/foxnews.com\/content\/uploads\/2025\/01\/1440\/810\/61ae9d70-netanyahu.jpg?ve=1&amp;tl=1 2x\" height=\"405\" width=\"720\"><img loading=\"lazy\" decoding=\"async\" src=\"https:\/\/a57.foxnews.com\/static.foxnews.com\/foxnews.com\/content\/uploads\/2025\/01\/1200\/675\/61ae9d70-netanyahu.jpg?ve=1&amp;tl=1\" alt=\"Israel Primer Ministro Benjamin Netanyahu\" width=\"1200\" height=\"675\"\/><\/source><\/source><\/source><\/source><\/picture><\/div>\n<div class=\"info\">\n<div class=\"caption\">\n<p><span> El primer ministro israel\u00ed Benjamin Netanyahu habla durante una conferencia de prensa en Jerusal\u00e9n el 9 de diciembre de 2024.<\/span> <span>(Maya Alleruzzo \/Pool \/AFP a trav\u00e9s de Getty Images)<\/span><\/p>\n<\/div>\n<\/div>\n<\/div>\n<p><strong>Haga clic aqu\u00ed para obtener la aplicaci\u00f3n Fox News<\/strong><\/p>\n<p>El a\u00f1o pasado, Espa\u00f1a experiment\u00f3 \u00abel mayor aumento en la historia moderna en el habla antisemita, los incidentes y los ataques, un aumento del 321% en comparaci\u00f3n con 2023 y 567% en comparaci\u00f3n con 2022\u00bb, seg\u00fan un informe de la Federaci\u00f3n de Comunidades Jud\u00edas de Espa\u00f1a.<\/p>\n<p>Fox News Digital se comunic\u00f3 con la embajada de Espa\u00f1a en Washington y su Ministerio de Relaciones Exteriores para hacer comentarios.<\/p>\n<p> <!----> <\/p>\n<div class=\"article-meta\">\n<div class=\"author-bio\">\n<p>Benjamin Weinthal informa sobre Israel, Ir\u00e1n, Siria, Turqu\u00eda y Europa. Puede seguir a Benjamin en Twitter @benweinthal y enviarle un correo electr\u00f3nico a benjamin.weinthal@fox.com<\/p>\n<\/div>\n<\/div>\n<\/div>\n\n","protected":false},"excerpt":{"rendered":"<p>NUEVO\u00a1Ahora puedes escuchar art\u00edculos de Fox News! El primer ministro antiisraele de Espa\u00f1a, Pedro S\u00e1nchez, est\u00e1 bajo fuego desde Israel y espa\u00f1oles por igual por sus supuestos comentarios para usar armas nucleares contra el estado jud\u00edo. El primer ministro socialista S\u00e1nchez, dijo en un discurso la semana pasada que \u00abEspa\u00f1a, como saben, no tiene bombas &hellip;<\/p>\n","protected":false},"author":1,"featured_media":43468,"comment_status":"open","ping_status":"open","sticky":false,"template":"","format":"standard","meta":{"fifu_image_url":"https:\/\/static.foxnews.com\/foxnews.com\/content\/uploads\/2025\/09\/spain-anti-israel-protests.2-jpg.jpg","fifu_image_alt":"","footnotes":""},"categories":[13],"tags":[],"class_list":["post-43466","post","type-post","status-publish","format-standard","has-post-thumbnail","","category-mundo"],"_links":{"self":[{"href":"https:\/\/noticiasveraces.com\/index.php?rest_route=\/wp\/v2\/posts\/43466","targetHints":{"allow":["GET"]}}],"collection":[{"href":"https:\/\/noticiasveraces.com\/index.php?rest_route=\/wp\/v2\/posts"}],"about":[{"href":"https:\/\/noticiasveraces.com\/index.php?rest_route=\/wp\/v2\/types\/post"}],"author":[{"embeddable":true,"href":"https:\/\/noticiasveraces.com\/index.php?rest_route=\/wp\/v2\/users\/1"}],"replies":[{"embeddable":true,"href":"https:\/\/noticiasveraces.com\/index.php?rest_route=%2Fwp%2Fv2%2Fcomments&post=43466"}],"version-history":[{"count":0,"href":"https:\/\/noticiasveraces.com\/index.php?rest_route=\/wp\/v2\/posts\/43466\/revisions"}],"wp:featuredmedia":[{"embeddable":true,"href":"https:\/\/noticiasveraces.com\/index.php?rest_route=\/wp\/v2\/media\/43468"}],"wp:attachment":[{"href":"https:\/\/noticiasveraces.com\/index.php?rest_route=%2Fwp%2Fv2%2Fmedia&parent=43466"}],"wp:term":[{"taxonomy":"category","embeddable":true,"href":"https:\/\/noticiasveraces.com\/index.php?rest_route=%2Fwp%2Fv2%2Fcategories&post=43466"},{"taxonomy":"post_tag","embeddable":true,"href":"https:\/\/noticiasveraces.com\/index.php?rest_route=%2Fwp%2Fv2%2Ftags&post=43466"}],"curies":[{"name":"wp","href":"https:\/\/api.w.org\/{rel}","templated":true}]}}