{"id":43446,"date":"2025-09-17T18:01:58","date_gmt":"2025-09-17T22:01:58","guid":{"rendered":"https:\/\/noticiasveraces.com\/?p=43446"},"modified":"2025-09-17T18:01:58","modified_gmt":"2025-09-17T22:01:58","slug":"se-retiro-del-futbol-y-tuvo-una-despedida-con-la-que-todos-suenan-curiosidades-de-futbol","status":"publish","type":"post","link":"https:\/\/noticiasveraces.com\/?p=43446","title":{"rendered":"Se retir\u00f3 del f\u00fatbol y tuvo una despedida con la que todos sue\u00f1an | Curiosidades de f\u00fatbol"},"content":{"rendered":"<p> \n<\/p>\n<div id=\"cuerpoArticulo\">\n<p class=\"texto intro cnx-companion-firstparagraph\" id=\"p255340-m540-539-541\">Los futbolistas jam\u00e1s piensan en el \u00faltimo partido de su vida a nivel profesional. Muchos dejan una huella, como sucede con Dayro Moreno, quien est\u00e1 cerca del retiro tras cumplir 40 a\u00f1os. Sin embargo, <b>un futbolista que tuvo una despedida a la altura y con la que todo jugador sue\u00f1a es Jes\u00fas Corona<\/b>portero que juega en el Tijuana de M\u00e9xico.<\/p>\n<p class=\"texto contenido-parrafo-articulo cnx-companion-paragraph\" id=\"p255340-m558-2-559\">Tras 23 a\u00f1os de carrera, Corona puso fin a su trayectoria como jugador profesional y <b>fue sustituido por su hijo Jos\u00e9 Miguel Corona<\/b> durante un juego amistoso frente al San Diego FC de la MLS. Con 44 a\u00f1os, el guardameta colg\u00f3 los guantes para comenzar con nuevos proyectos personales alejados del terreno de juego. Por otro lado, un reciente campe\u00f3n del mundo podr\u00eda colgar pronto los botines.<\/p>\n<div class=\"fotografia caja-articulo\" id=\"p255340-m564-3-565\">\n<div class=\"imagen-cuerpo-bk\">\n<figure itemscope=\"\" itemtype=\"https:\/\/schema.org\/ImageObject\" itemprop=\"image\" id=\"m569-568-570\" class=\"foto-galeria-articulo imagen-articulo foto-texto-articulo-galeria\"><img decoding=\"async\" alt=\"Jes\u00fas Corona y su hijo\" src=\"data:image\/png;base64,iVBORw0KGgoAAAANSUhEUgAAAAEAAAABCAQAAAC1HAwCAAAAC0lEQVR42mP8\/x0AAvsB+DlKarAAAAAASUVORK5CYII=\" style=\" display: inline;\" data-original=\"\/files\/article_content\/files\/crop\/uploads\/2025\/09\/17\/68cb2492410c2.r_1758143700024.0-298-1638-1527.jpeg\"\/><meta itemprop=\"width\" content=\"600\"\/><meta itemprop=\"height\" content=\"450\"\/> <meta itemprop=\"url\" content=\"https:\/\/www.futbolred.com\/files\/article_content\/files\/crop\/uploads\/2025\/09\/17\/68cb2492410c2.r_1758143700024.0-298-1638-1527.jpeg\"\/><\/figure>\n<\/div>\n<div class=\"figcaption-cuerpo-bk credito-image-bk\"><figcaption class=\"foto-info\">\n<div class=\"titulo-foto-bk\">\n<p id=\"m576-1-577\" class=\"titulo pie-de-foto\">Jes\u00fas Corona junto a su hijo Jos\u00e9 Miguel<\/p>\n<\/div>\n<p class=\"credito\">\n                            <span class=\"linea pre_credito\">Foto:<\/span><\/p>\n<p>                        <span id=\"m582-2-583\" class=\"autor\">@Xolos \/ ig<\/span><\/p>\n<\/figcaption><\/div>\n<\/p><\/div>\n<p class=\"texto contenido-parrafo-articulo cnx-companion-paragraph\" id=\"p255340-m590-4-591\">Corona es un hist\u00f3rico portero de la Liga MX, pues si bien debut\u00f3 en Atlas, <b>su mejor etapa de su carrera la vivi\u00f3 vistiendo la camiseta de Cruz Azul<\/b> entre los a\u00f1os 2009 y 2023. En 14 a\u00f1os, el guardameta acumul\u00f3 504 partidos jugados, donde logr\u00f3 mantener la valla invicta en 168 de ellos. Tambi\u00e9n pas\u00f3 por equipos como Tecos, Chivas y ahora Xolos.<\/p>\n<p>            <span class=\"articulo-subtitulo subtitulo2 espacio-contenido cnx-companion-subtitle\" id=\"p255340-m641-6-642\">Otros logros de Jes\u00fas Corona como jugador profesional<br \/><\/span><\/p>\n<p class=\"texto contenido-parrafo-articulo cnx-companion-paragraph\" id=\"p255340-m647-7-648\">Corona form\u00f3 parte de la Selecci\u00f3n Mexicana que <b>obtuvo el oro en los Juegos Ol\u00edmpicos de Londres 2012<\/b>. Fue el portero titular de la generaci\u00f3n del \u2018Tri\u2019 que fue reforzada por Oribe Peralta, Carlos Salcido y otras figuras ya consolidadas como Giovanni Dos Santos, Javier Cortez, H\u00e9ctor Herrera, Javier Aquino y compa\u00f1\u00eda.<\/p>\n<p><span class=\"articulo-subtitulo subtitulo2 espacio-contenido cnx-companion-subtitle\" id=\"p255340-m653-8-654\">\u00bfCu\u00e1ndo ser\u00e1 el retiro oficial de Jes\u00fas Corona?<br \/><\/span><\/p>\n<p class=\"texto contenido-parrafo-articulo cnx-companion-paragraph\" id=\"p255340-m659-9-660\">Si bien se despidi\u00f3 del f\u00fatbol en el juego amistoso ante San Diego, <b>Corona colgar\u00e1 los guantes de manera oficial este pr\u00f3ximo domingo 28 de septiembre<\/b> en el duelo entre los Xolos y Cruz Azul del Torneo Apertura 2025 de la Liga MX.<\/p>\n<\/div>\n\n","protected":false},"excerpt":{"rendered":"<p>Los futbolistas jam\u00e1s piensan en el \u00faltimo partido de su vida a nivel profesional. Muchos dejan una huella, como sucede con Dayro Moreno, quien est\u00e1 cerca del retiro tras cumplir 40 a\u00f1os. Sin embargo, un futbolista que tuvo una despedida a la altura y con la que todo jugador sue\u00f1a es Jes\u00fas Coronaportero que juega &hellip;<\/p>\n","protected":false},"author":1,"featured_media":43447,"comment_status":"open","ping_status":"open","sticky":false,"template":"","format":"standard","meta":{"fifu_image_url":"https:\/\/www.futbolred.com\/files\/og_thumbnail\/uploads\/2025\/09\/17\/68cb23c4607a0.png","fifu_image_alt":"","footnotes":""},"categories":[6],"tags":[],"class_list":["post-43446","post","type-post","status-publish","format-standard","has-post-thumbnail","","category-deportes"],"_links":{"self":[{"href":"https:\/\/noticiasveraces.com\/index.php?rest_route=\/wp\/v2\/posts\/43446","targetHints":{"allow":["GET"]}}],"collection":[{"href":"https:\/\/noticiasveraces.com\/index.php?rest_route=\/wp\/v2\/posts"}],"about":[{"href":"https:\/\/noticiasveraces.com\/index.php?rest_route=\/wp\/v2\/types\/post"}],"author":[{"embeddable":true,"href":"https:\/\/noticiasveraces.com\/index.php?rest_route=\/wp\/v2\/users\/1"}],"replies":[{"embeddable":true,"href":"https:\/\/noticiasveraces.com\/index.php?rest_route=%2Fwp%2Fv2%2Fcomments&post=43446"}],"version-history":[{"count":0,"href":"https:\/\/noticiasveraces.com\/index.php?rest_route=\/wp\/v2\/posts\/43446\/revisions"}],"wp:featuredmedia":[{"embeddable":true,"href":"https:\/\/noticiasveraces.com\/index.php?rest_route=\/wp\/v2\/media\/43447"}],"wp:attachment":[{"href":"https:\/\/noticiasveraces.com\/index.php?rest_route=%2Fwp%2Fv2%2Fmedia&parent=43446"}],"wp:term":[{"taxonomy":"category","embeddable":true,"href":"https:\/\/noticiasveraces.com\/index.php?rest_route=%2Fwp%2Fv2%2Fcategories&post=43446"},{"taxonomy":"post_tag","embeddable":true,"href":"https:\/\/noticiasveraces.com\/index.php?rest_route=%2Fwp%2Fv2%2Ftags&post=43446"}],"curies":[{"name":"wp","href":"https:\/\/api.w.org\/{rel}","templated":true}]}}