{"id":43425,"date":"2025-09-17T11:11:39","date_gmt":"2025-09-17T15:11:39","guid":{"rendered":"https:\/\/noticiasveraces.com\/?p=43425"},"modified":"2025-09-17T11:11:39","modified_gmt":"2025-09-17T15:11:39","slug":"de-vivir-en-una-casa-sencilla-en-barrancas-la-ultima-mansion-de-falcao-en-bogota-curiosidades-de-futbol","status":"publish","type":"post","link":"https:\/\/noticiasveraces.com\/?p=43425","title":{"rendered":"De vivir en una casa sencilla en Barrancas: la \u00faltima mansi\u00f3n de Falcao en Bogot\u00e1 | Curiosidades de f\u00fatbol"},"content":{"rendered":"<p> \n<\/p>\n<div id=\"cuerpoArticulo\">\n<p class=\"texto intro cnx-companion-firstparagraph\" id=\"p255315-m809-808-810\"><b>Radamel Falcao Garc\u00eda se crio en una peque\u00f1a casa ubicada en el barrio Barrancas Norte<\/b>en la localidad de Usaqu\u00e9n. All\u00ed comenz\u00f3 a forjar su sue\u00f1o de ser jugador profesional y que lo llev\u00f3 a triunfar en pa\u00edses como Argentina, Portugal, Francia y Espa\u00f1a, entre otros. Gracias a su sacrificio, el \u2018Tigre\u2019 vive una vida de lujos y <b>su \u00faltima mansi\u00f3n est\u00e1 ubicada en Bogot\u00e1<\/b>ciudad en la que vivi\u00f3 durante su paso por Millonarios, equipo que sigue agravando su crisis.<\/p>\n<p class=\"texto contenido-parrafo-articulo cnx-companion-paragraph\" id=\"p255315-m827-2-828\">Seg\u00fan un art\u00edculo publicado por el sitio <i>Ciencuadras<\/i>especializado en viviendas de Colombia, la casa en la que vive Falcao junto con su familia en la capital del pa\u00eds es hermosa. <b>La mansi\u00f3n se encuentra ubicada en el municipio de Ch\u00eda<\/b> y cuenta con una extensi\u00f3n de 140 metros cuadrados. En ese condominio, adem\u00e1s, hay 111 inmuebles, cada uno muy privado. Por otro lado, esto costar\u00eda la cesi\u00f3n de Falcao al Manchester United en 2025.<\/p>\n<div class=\"fotografia caja-articulo\" id=\"p255315-m833-3-834\">\n<div class=\"imagen-cuerpo-bk\">\n<figure itemscope=\"\" itemtype=\"https:\/\/schema.org\/ImageObject\" itemprop=\"image\" id=\"m838-837-839\" class=\"foto-galeria-articulo imagen-articulo foto-texto-articulo-galeria\"><img decoding=\"async\" alt=\"Mansi\u00f3n Falcao\" src=\"data:image\/png;base64,iVBORw0KGgoAAAANSUhEUgAAAAEAAAABCAQAAAC1HAwCAAAAC0lEQVR42mP8\/x0AAvsB+DlKarAAAAAASUVORK5CYII=\" style=\" display: inline;\" data-original=\"\/files\/article_content\/uploads\/2024\/11\/12\/673371aa7bd8d.jpeg\"\/><meta itemprop=\"width\" content=\"600\"\/><meta itemprop=\"height\" content=\"450\"\/> <meta itemprop=\"url\" content=\"https:\/\/www.futbolred.com\/files\/article_content\/uploads\/2024\/11\/12\/673371aa7bd8d.jpeg\"\/><\/figure>\n<\/div>\n<div class=\"figcaption-cuerpo-bk credito-image-bk\"><figcaption class=\"foto-info\">\n<div class=\"titulo-foto-bk\">\n<p id=\"m845-1-846\" class=\"titulo pie-de-foto\">As\u00ed luce el hogar de Falcao en Ch\u00eda.<\/p>\n<\/div>\n<p class=\"credito\">\n                            <span class=\"linea pre_credito\">Foto:<\/span><\/p>\n<p>                        <span id=\"m851-2-852\" class=\"autor\">Tops realizados<\/span><\/p>\n<\/figcaption><\/div>\n<\/p><\/div>\n<p class=\"texto contenido-parrafo-articulo cnx-companion-paragraph\" id=\"p255315-m859-4-860\">La descripci\u00f3n de la vivienda alega que <b>la mansi\u00f3n cuenta con 3 habitaciones con ba\u00f1o privado cada una<\/b>un Club house con piscina, ba\u00f1o turco, sala de cine y de coworking, parque infantil, cancha m\u00faltiple, parque canino y extensas zonas verdes para que los ni\u00f1os y Falcao disfruten de la naturaleza y el aire libre.<\/p>\n<p class=\"texto contenido-parrafo-articulo cnx-companion-paragraph\" id=\"p255315-m910-6-911\">De acuerdo al sitio <i>Condominio de elaia<\/i>, <b>una mansi\u00f3n de este estilo ubicado en el barrio privado se puede adquirir desde los 890 millones de pesos colombianos<\/b>. A la conversi\u00f3n, esto ser\u00eda aproximadamente unos $230.000 USD en 2025. De todas formas, el \u2018Tigre\u2019 tendr\u00eda pensado dejar Colombia y vivir junto con su familia en Europa.<\/p>\n<div class=\"fotografia caja-articulo\" id=\"p255315-m916-7-917\">\n<div class=\"imagen-cuerpo-bk\">\n<figure itemscope=\"\" itemtype=\"https:\/\/schema.org\/ImageObject\" itemprop=\"image\" id=\"m921-920-922\" class=\"foto-galeria-articulo imagen-articulo foto-texto-articulo-galeria\"><img decoding=\"async\" alt=\"Mansi\u00f3n Falcao\" src=\"data:image\/png;base64,iVBORw0KGgoAAAANSUhEUgAAAAEAAAABCAQAAAC1HAwCAAAAC0lEQVR42mP8\/x0AAvsB+DlKarAAAAAASUVORK5CYII=\" style=\" display: inline;\" data-original=\"\/files\/article_content\/uploads\/2024\/10\/17\/67114bfaec476.png\"\/><meta itemprop=\"width\" content=\"600\"\/><meta itemprop=\"height\" content=\"450\"\/> <meta itemprop=\"url\" content=\"https:\/\/www.futbolred.com\/files\/article_content\/uploads\/2024\/10\/17\/67114bfaec476.png\"\/><\/figure>\n<\/div>\n<div class=\"figcaption-cuerpo-bk credito-image-bk\"><figcaption class=\"foto-info\">\n<div class=\"titulo-foto-bk\">\n<p id=\"m928-1-929\" class=\"titulo pie-de-foto\">As\u00ed luce la mansi\u00f3n de Falcao por dentro.<\/p>\n<\/div>\n<p class=\"credito\">\n                            <span class=\"linea pre_credito\">Foto:<\/span><\/p>\n<p>                        <span id=\"m934-2-935\" class=\"autor\">Tops realizados<\/span><\/p>\n<\/figcaption><\/div>\n<\/p><\/div>\n<p><span class=\"articulo-subtitulo subtitulo2 espacio-contenido cnx-companion-subtitle\" id=\"p255315-m942-8-943\">\u00bfD\u00f3nde busca vivir Radamel Falcao en 2025?<br \/><\/span><\/p>\n<p class=\"texto contenido-parrafo-articulo cnx-companion-paragraph\" id=\"p255315-m948-9-949\">Tras dejar Millonarios a mitad de a\u00f1o, el periodista Javier Hern\u00e1ndez Bonnet revel\u00f3 que el hist\u00f3rico delantero de la Selecci\u00f3n Colombia <b>ha decidido que su principal objetivo es vivir en Espa\u00f1a<\/b>. Seg\u00fan sus propias palabras, Falcao quiere radicarse en el pa\u00eds europeo y, adem\u00e1s, analizar\u00e1 ofertas de equipos espa\u00f1oles para continuar con su carrera futbol\u00edstica. A sus 39 a\u00f1os, parece ser que el retiro no es una opci\u00f3n para el \u2018Tigre\u2019.<\/p>\n<\/div>\n\n","protected":false},"excerpt":{"rendered":"<p>Radamel Falcao Garc\u00eda se crio en una peque\u00f1a casa ubicada en el barrio Barrancas Norteen la localidad de Usaqu\u00e9n. All\u00ed comenz\u00f3 a forjar su sue\u00f1o de ser jugador profesional y que lo llev\u00f3 a triunfar en pa\u00edses como Argentina, Portugal, Francia y Espa\u00f1a, entre otros. Gracias a su sacrificio, el \u2018Tigre\u2019 vive una vida de &hellip;<\/p>\n","protected":false},"author":1,"featured_media":43426,"comment_status":"open","ping_status":"open","sticky":false,"template":"","format":"standard","meta":{"fifu_image_url":"https:\/\/www.futbolred.com\/files\/og_thumbnail\/uploads\/2025\/09\/17\/68cacc38c7bea.png","fifu_image_alt":"","footnotes":""},"categories":[6],"tags":[],"class_list":["post-43425","post","type-post","status-publish","format-standard","has-post-thumbnail","","category-deportes"],"_links":{"self":[{"href":"https:\/\/noticiasveraces.com\/index.php?rest_route=\/wp\/v2\/posts\/43425","targetHints":{"allow":["GET"]}}],"collection":[{"href":"https:\/\/noticiasveraces.com\/index.php?rest_route=\/wp\/v2\/posts"}],"about":[{"href":"https:\/\/noticiasveraces.com\/index.php?rest_route=\/wp\/v2\/types\/post"}],"author":[{"embeddable":true,"href":"https:\/\/noticiasveraces.com\/index.php?rest_route=\/wp\/v2\/users\/1"}],"replies":[{"embeddable":true,"href":"https:\/\/noticiasveraces.com\/index.php?rest_route=%2Fwp%2Fv2%2Fcomments&post=43425"}],"version-history":[{"count":0,"href":"https:\/\/noticiasveraces.com\/index.php?rest_route=\/wp\/v2\/posts\/43425\/revisions"}],"wp:featuredmedia":[{"embeddable":true,"href":"https:\/\/noticiasveraces.com\/index.php?rest_route=\/wp\/v2\/media\/43426"}],"wp:attachment":[{"href":"https:\/\/noticiasveraces.com\/index.php?rest_route=%2Fwp%2Fv2%2Fmedia&parent=43425"}],"wp:term":[{"taxonomy":"category","embeddable":true,"href":"https:\/\/noticiasveraces.com\/index.php?rest_route=%2Fwp%2Fv2%2Fcategories&post=43425"},{"taxonomy":"post_tag","embeddable":true,"href":"https:\/\/noticiasveraces.com\/index.php?rest_route=%2Fwp%2Fv2%2Ftags&post=43425"}],"curies":[{"name":"wp","href":"https:\/\/api.w.org\/{rel}","templated":true}]}}