{"id":43416,"date":"2025-09-17T11:00:29","date_gmt":"2025-09-17T15:00:29","guid":{"rendered":"https:\/\/noticiasveraces.com\/?p=43416"},"modified":"2025-09-17T11:00:29","modified_gmt":"2025-09-17T15:00:29","slug":"ecuador-declara-el-estado-de-emergencia-de-60-dias-en-medio-de-protestas-de-subsidios-diesel","status":"publish","type":"post","link":"https:\/\/noticiasveraces.com\/?p=43416","title":{"rendered":"Ecuador declara el estado de emergencia de 60 d\u00edas en medio de protestas de subsidios diesel"},"content":{"rendered":"<p> \n<\/p>\n<div>\n<div id=\"beyondwords-wrapper\" class=\"beyondwords-wrapper\">\n<p><span class=\"label-bg\">NUEVO<\/span>\u00a1Ahora puedes escuchar art\u00edculos de Fox News!\n  <\/p>\n<\/div>\n<p class=\"speakable\">El presidente de Ecuador, Daniel Novoa, implement\u00f3 el martes un estado de emergencia de 60 d\u00edas en un intento de sofocar protestas masivas que estallaron luego de su eliminaci\u00f3n sorpresa de un subsidio diesel la semana pasada.<\/p>\n<p class=\"speakable\">El decreto se emiti\u00f3 en siete de las dos docenas de provincias de la naci\u00f3n tras \u00abperturbaci\u00f3n interna severa\u00bb y movilizaron las fuerzas armadas y la polic\u00eda nacional.<\/p>\n<p>La Embajada de los Estados Unidos en Ecuador dijo en un comunicado que las fuerzas fueron movilizadas para \u00abevitar la interrupci\u00f3n de los servicios p\u00fablicos y mantener la libertad de movimiento para la poblaci\u00f3n general\u00bb.<\/p>\n<div class=\"image-ct inline\">\n<div class=\"m\"><picture><source media=\"(max-width: 767px)\" srcset=\"https:\/\/a57.foxnews.com\/static.foxnews.com\/foxnews.com\/content\/uploads\/2025\/09\/343\/192\/protests-ecuador.jpg?ve=1&amp;tl=1, https:\/\/a57.foxnews.com\/static.foxnews.com\/foxnews.com\/content\/uploads\/2025\/09\/686\/384\/protests-ecuador.jpg?ve=1&amp;tl=1 2x\" height=\"192\" width=\"343\"><source media=\"(min-width: 768px) and (max-width: 1023px)\" srcset=\"https:\/\/a57.foxnews.com\/static.foxnews.com\/foxnews.com\/content\/uploads\/2025\/09\/672\/378\/protests-ecuador.jpg?ve=1&amp;tl=1, https:\/\/a57.foxnews.com\/static.foxnews.com\/foxnews.com\/content\/uploads\/2025\/09\/1344\/756\/protests-ecuador.jpg?ve=1&amp;tl=1 2x\" height=\"378\" width=\"672\"><source media=\"(min-width: 1024px) and (max-width: 1279px)\" srcset=\"https:\/\/a57.foxnews.com\/static.foxnews.com\/foxnews.com\/content\/uploads\/2025\/09\/931\/523\/protests-ecuador.jpg?ve=1&amp;tl=1, https:\/\/a57.foxnews.com\/static.foxnews.com\/foxnews.com\/content\/uploads\/2025\/09\/1862\/1046\/protests-ecuador.jpg?ve=1&amp;tl=1 2x\" height=\"523\" width=\"931\"><source media=\"(min-width: 1280px)\" srcset=\"https:\/\/a57.foxnews.com\/static.foxnews.com\/foxnews.com\/content\/uploads\/2025\/09\/720\/405\/protests-ecuador.jpg?ve=1&amp;tl=1, https:\/\/a57.foxnews.com\/static.foxnews.com\/foxnews.com\/content\/uploads\/2025\/09\/1440\/810\/protests-ecuador.jpg?ve=1&amp;tl=1 2x\" height=\"405\" width=\"720\"><img loading=\"lazy\" decoding=\"async\" src=\"https:\/\/a57.foxnews.com\/static.foxnews.com\/foxnews.com\/content\/uploads\/2025\/09\/1200\/675\/protests-ecuador.jpg?ve=1&amp;tl=1\" alt=\"Los manifestantes arrojan proyectiles a la polic\u00eda en Ecuador\" width=\"1200\" height=\"675\"\/><\/source><\/source><\/source><\/source><\/picture><\/div>\n<div class=\"info\">\n<div class=\"caption\">\n<p><span>Los manifestantes chocan con la polic\u00eda durante una manifestaci\u00f3n convocada por los sindicatos contra la inseguridad y las pol\u00edticas gubernamentales del presidente de Ecuador, Daniel Novoa, en Quito, Ecuador, el 11 de septiembre de 2025. <\/span> <span>(Foto de Rodrigo Buendia\/AFP a trav\u00e9s de Getty Images)<\/span><\/p>\n<\/div>\n<\/div>\n<\/div>\n<p><strong>4 cosas que debe saber sobre el joven presidente de Ecuador anti-criminal que acaba de ser reelegido<\/strong><\/p>\n<p>\u00abLa declaraci\u00f3n no restringe el movimiento p\u00fablico o el instituir un toque de queda, pero suspende el derecho a la libertad de asamblea en todo momento para cualquier reuni\u00f3n que busque interrumpir los servicios p\u00fablicos e impedir los derechos y las libertades del resto de la poblaci\u00f3n\u00bb, agreg\u00f3 la embajada. <\/p>\n<p>Las im\u00e1genes de las protestas mostraron el martes a los ecuatorianos que se enfrentaron con las fuerzas policiales en la ciudad capital de Quito cuando los manifestantes desmantelaban las cercas y las barreras mientras la polic\u00eda disparaba gases lacrim\u00f3genos en las calles. <\/p>\n<p>A pesar de los disturbios, el Departamento de Estado no ha ajustado su estado de asesoramiento de viajes, lo que actualmente aconseja a los estadounidenses que \u00abejercen mayor precauci\u00f3n\u00bb y eviten grandes multitudes donde la violencia podr\u00eda erupcionar. <\/p>\n<p>Los enfrentamientos en curso se produjeron despu\u00e9s de que el gobierno anunci\u00f3 el viernes que eliminar\u00eda el subsidio diesel de la naci\u00f3n a partir del s\u00e1bado y redirige los fondos a los programas sociales en un intento por aliviar las finanzas de esforzamiento del pa\u00eds.<\/p>\n<div class=\"image-ct inline\">\n<div class=\"m\"><picture><source media=\"(max-width: 767px)\" srcset=\"https:\/\/a57.foxnews.com\/static.foxnews.com\/foxnews.com\/content\/uploads\/2025\/09\/343\/192\/ecuador-police.jpg?ve=1&amp;tl=1, https:\/\/a57.foxnews.com\/static.foxnews.com\/foxnews.com\/content\/uploads\/2025\/09\/686\/384\/ecuador-police.jpg?ve=1&amp;tl=1 2x\" height=\"192\" width=\"343\"><source media=\"(min-width: 768px) and (max-width: 1023px)\" srcset=\"https:\/\/a57.foxnews.com\/static.foxnews.com\/foxnews.com\/content\/uploads\/2025\/09\/672\/378\/ecuador-police.jpg?ve=1&amp;tl=1, https:\/\/a57.foxnews.com\/static.foxnews.com\/foxnews.com\/content\/uploads\/2025\/09\/1344\/756\/ecuador-police.jpg?ve=1&amp;tl=1 2x\" height=\"378\" width=\"672\"><source media=\"(min-width: 1024px) and (max-width: 1279px)\" srcset=\"https:\/\/a57.foxnews.com\/static.foxnews.com\/foxnews.com\/content\/uploads\/2025\/09\/931\/523\/ecuador-police.jpg?ve=1&amp;tl=1, https:\/\/a57.foxnews.com\/static.foxnews.com\/foxnews.com\/content\/uploads\/2025\/09\/1862\/1046\/ecuador-police.jpg?ve=1&amp;tl=1 2x\" height=\"523\" width=\"931\"><source media=\"(min-width: 1280px)\" srcset=\"https:\/\/a57.foxnews.com\/static.foxnews.com\/foxnews.com\/content\/uploads\/2025\/09\/720\/405\/ecuador-police.jpg?ve=1&amp;tl=1, https:\/\/a57.foxnews.com\/static.foxnews.com\/foxnews.com\/content\/uploads\/2025\/09\/1440\/810\/ecuador-police.jpg?ve=1&amp;tl=1 2x\" height=\"405\" width=\"720\"><img loading=\"lazy\" decoding=\"async\" src=\"https:\/\/a57.foxnews.com\/static.foxnews.com\/foxnews.com\/content\/uploads\/2025\/09\/1200\/675\/ecuador-police.jpg?ve=1&amp;tl=1\" alt=\"La polic\u00eda de Ecuador se destaca con los manifestantes\" width=\"1200\" height=\"675\"\/><\/source><\/source><\/source><\/source><\/picture><\/div>\n<div class=\"info\">\n<div class=\"caption\">\n<p><span>Los oficiales de polic\u00eda ecuatorianos de Riot son guardia durante una protesta contra los recortes del presidente Daniel Nemaa y la eliminaci\u00f3n del subsidio diesel dentro de un estado de emergencia declarado por el gobierno en Quito, Ecuador, el 16 de septiembre de 2025.<\/span> <span>(Foto de Rodrigo Buendia\/AFP a trav\u00e9s de Getty Images)<\/span><\/p>\n<\/div>\n<\/div>\n<\/div>\n<p><strong>14k migrantes que esperan ingresar a nosotros.<\/strong><\/p>\n<p>\u00abDurante d\u00e9cadas, el subsidio diesel represent\u00f3 una carga de $ 1.1 mil millones en cuentas fiscales, sin llegar realmente a quienes lo necesitaban\u00bb, dijo el gobierno en X.<\/p>\n<p>El decreto aument\u00f3 el precio del diesel durante la noche de $ 1.80 por gal\u00f3n a $ 2.80, terminando un subsidio de d\u00e9cadas en un movimiento previamente intentado pero se opuso p\u00fablicamente durante las administraciones anteriores. <\/p>\n<p>El gobierno ha argumentado que el subsidio no se distribu\u00eda adecuadamente y benefici\u00f3 desproporcionadamente a personas de mayores ingresos y sectores comerciales m\u00e1s de lo que estaba ayudando a las poblaciones vulnerables.  <\/p>\n<p>La administraci\u00f3n de NEBOA dijo que utilizar\u00e1 fondos guardados de la eliminaci\u00f3n de subsidios y asignar\u00e1 $ 220 millones para el sector del transporte para evitar el aumento de las tarifas en el transporte p\u00fablico. <\/p>\n<div class=\"image-ct inline\">\n<div class=\"m\"><picture><source media=\"(max-width: 767px)\" srcset=\"https:\/\/a57.foxnews.com\/static.foxnews.com\/foxnews.com\/content\/uploads\/2025\/09\/343\/192\/ecuador-police-amid-protests.jpg?ve=1&amp;tl=1, https:\/\/a57.foxnews.com\/static.foxnews.com\/foxnews.com\/content\/uploads\/2025\/09\/686\/384\/ecuador-police-amid-protests.jpg?ve=1&amp;tl=1 2x\" height=\"192\" width=\"343\"><source media=\"(min-width: 768px) and (max-width: 1023px)\" srcset=\"https:\/\/a57.foxnews.com\/static.foxnews.com\/foxnews.com\/content\/uploads\/2025\/09\/672\/378\/ecuador-police-amid-protests.jpg?ve=1&amp;tl=1, https:\/\/a57.foxnews.com\/static.foxnews.com\/foxnews.com\/content\/uploads\/2025\/09\/1344\/756\/ecuador-police-amid-protests.jpg?ve=1&amp;tl=1 2x\" height=\"378\" width=\"672\"><source media=\"(min-width: 1024px) and (max-width: 1279px)\" srcset=\"https:\/\/a57.foxnews.com\/static.foxnews.com\/foxnews.com\/content\/uploads\/2025\/09\/931\/523\/ecuador-police-amid-protests.jpg?ve=1&amp;tl=1, https:\/\/a57.foxnews.com\/static.foxnews.com\/foxnews.com\/content\/uploads\/2025\/09\/1862\/1046\/ecuador-police-amid-protests.jpg?ve=1&amp;tl=1 2x\" height=\"523\" width=\"931\"><source media=\"(min-width: 1280px)\" srcset=\"https:\/\/a57.foxnews.com\/static.foxnews.com\/foxnews.com\/content\/uploads\/2025\/09\/720\/405\/ecuador-police-amid-protests.jpg?ve=1&amp;tl=1, https:\/\/a57.foxnews.com\/static.foxnews.com\/foxnews.com\/content\/uploads\/2025\/09\/1440\/810\/ecuador-police-amid-protests.jpg?ve=1&amp;tl=1 2x\" height=\"405\" width=\"720\"><img loading=\"lazy\" decoding=\"async\" src=\"https:\/\/a57.foxnews.com\/static.foxnews.com\/foxnews.com\/content\/uploads\/2025\/09\/1200\/675\/ecuador-police-amid-protests.jpg?ve=1&amp;tl=1\" alt=\"Polic\u00eda de Ecuador en bicicletas\" width=\"1200\" height=\"675\"\/><\/source><\/source><\/source><\/source><\/picture><\/div>\n<div class=\"info\">\n<div class=\"caption\">\n<p><span>Los oficiales de polic\u00eda est\u00e1n en formaci\u00f3n durante una manifestaci\u00f3n convocada por los sindicatos contra la inseguridad y las pol\u00edticas gubernamentales del presidente de Ecuador, Daniel Novoa, en Quito, Ecuador, el 11 de septiembre de 2025. <\/span> <span>(Foto de Rodrigo Buendia\/AFP a trav\u00e9s de Getty Images)<\/span><\/p>\n<\/div>\n<\/div>\n<\/div>\n<p><strong>Haga clic aqu\u00ed para obtener la aplicaci\u00f3n Fox News<\/strong><\/p>\n<p>Pero los ecuatorianos siguen preocupados de que afectar\u00e1 directamente los bolsillos de los m\u00e1s pobres de la naci\u00f3n. <\/p>\n<p>El 11 de diciembre se implementar\u00e1 un mecanismo de estabilizaci\u00f3n de precios el 11 de diciembre, en un movimiento para proteger a los consumidores de los cambios de precios globales, aunque los detalles sobre el plan siguen sin estar claros. <\/p>\n<p> <!----> <\/p>\n<div class=\"article-meta\">\n<div class=\"author-bio\">\n<p>Caitlin McFall es reportero de Fox News Digital Cubting Politics, US y World News.<\/p>\n<\/div>\n<\/div>\n<\/div>\n\n","protected":false},"excerpt":{"rendered":"<p>NUEVO\u00a1Ahora puedes escuchar art\u00edculos de Fox News! El presidente de Ecuador, Daniel Novoa, implement\u00f3 el martes un estado de emergencia de 60 d\u00edas en un intento de sofocar protestas masivas que estallaron luego de su eliminaci\u00f3n sorpresa de un subsidio diesel la semana pasada. El decreto se emiti\u00f3 en siete de las dos docenas de &hellip;<\/p>\n","protected":false},"author":1,"featured_media":43418,"comment_status":"open","ping_status":"open","sticky":false,"template":"","format":"standard","meta":{"fifu_image_url":"https:\/\/static.foxnews.com\/foxnews.com\/content\/uploads\/2025\/09\/ecuador-clash-v2.gif","fifu_image_alt":"","footnotes":""},"categories":[13],"tags":[],"class_list":["post-43416","post","type-post","status-publish","format-standard","has-post-thumbnail","","category-mundo"],"_links":{"self":[{"href":"https:\/\/noticiasveraces.com\/index.php?rest_route=\/wp\/v2\/posts\/43416","targetHints":{"allow":["GET"]}}],"collection":[{"href":"https:\/\/noticiasveraces.com\/index.php?rest_route=\/wp\/v2\/posts"}],"about":[{"href":"https:\/\/noticiasveraces.com\/index.php?rest_route=\/wp\/v2\/types\/post"}],"author":[{"embeddable":true,"href":"https:\/\/noticiasveraces.com\/index.php?rest_route=\/wp\/v2\/users\/1"}],"replies":[{"embeddable":true,"href":"https:\/\/noticiasveraces.com\/index.php?rest_route=%2Fwp%2Fv2%2Fcomments&post=43416"}],"version-history":[{"count":0,"href":"https:\/\/noticiasveraces.com\/index.php?rest_route=\/wp\/v2\/posts\/43416\/revisions"}],"wp:featuredmedia":[{"embeddable":true,"href":"https:\/\/noticiasveraces.com\/index.php?rest_route=\/wp\/v2\/media\/43418"}],"wp:attachment":[{"href":"https:\/\/noticiasveraces.com\/index.php?rest_route=%2Fwp%2Fv2%2Fmedia&parent=43416"}],"wp:term":[{"taxonomy":"category","embeddable":true,"href":"https:\/\/noticiasveraces.com\/index.php?rest_route=%2Fwp%2Fv2%2Fcategories&post=43416"},{"taxonomy":"post_tag","embeddable":true,"href":"https:\/\/noticiasveraces.com\/index.php?rest_route=%2Fwp%2Fv2%2Ftags&post=43416"}],"curies":[{"name":"wp","href":"https:\/\/api.w.org\/{rel}","templated":true}]}}